{"id":9046,"date":"2015-02-23T12:18:21","date_gmt":"2015-02-23T11:18:21","guid":{"rendered":"https:\/\/mon-taux-de-change.com\/?p=9046"},"modified":"2015-02-23T12:18:21","modified_gmt":"2015-02-23T11:18:21","slug":"23022015-leuro-reprend-de-la-vigueur","status":"publish","type":"post","link":"https:\/\/mon-taux.com\/blog\/2015\/02\/23\/23022015-leuro-reprend-de-la-vigueur\/","title":{"rendered":"23\/02\/2015 &#8211; L\u2019euro reprend de la vigueur"},"content":{"rendered":"<p dir=\"ltr\">Semaine apr\u00e8s semaine, le franc suisse l\u00e2che du terrain face \u00e0 la monnaie unique. Le 1 euro pour 1 chf est d\u00e9j\u00e0 bien loin ( sauf pour ceux qui ont sign\u00e9 une vente \u00e0 terme) et nous nous acheminons vers un cours \u00e0 eur\/chf \u00e0 1.10. La strat\u00e9gie de la banque nationale Suisse est en train de payer, m\u00eame si au passage l\u2019envol\u00e9e brutale du franc aura probablement co\u00fbt\u00e9 quelques emplois. Les taux d\u2019int\u00e9r\u00eats n\u00e9gatifs sont en train de produire leurs effets dissuasifs et nous maintenons nos pr\u00e9visions pour les prochaines semaines de fluctuation du cours euro\/chf entre 1.05 et 1.10.<\/p>\n<p>&nbsp;<\/p>\n<p dir=\"ltr\"><strong>Les promesses grecs<\/strong><\/p>\n<p>&nbsp;<\/p>\n<p dir=\"ltr\">Les belles intentions de Syrisa auront fait long feu. En fait d\u2019accord annonc\u00e9 vendredi, le gouvernement grec qui n\u2019avait vraiment le choix \u00e0 c\u00e9der face \u00e0 la pression des europ\u00e9ens et se voit dans l\u2019obligation de poursuivre la politique d\u2019aust\u00e9rit\u00e9 appliqu\u00e9e par le pr\u00e9c\u00e9dent gouvernement. Le premier ministre Tsipras va \u00eatre oblig\u00e9 d\u2019expliquer au peuple grec qu\u2019il ne pourra mener la politique pour laquelle il a \u00e9t\u00e9 \u00e9lu\u2026.les promesses n\u2019engagent que ceux qui y croient !<\/p>\n<p>&nbsp;<\/p>\n<p dir=\"ltr\"><strong>Anti-frontalier<\/strong><\/p>\n<p>&nbsp;<\/p>\n<p dir=\"ltr\">Choquante une nouvelle fois l\u2019affiche du MCGE contre le vote sur la loi sur la police. Choquante car l\u2019unique argument mentionn\u00e9 sur l\u2019affiche est le refus de la possibilit\u00e9 d\u2019engager des frontaliers. Alors que le mouvement apporte sur son site d\u2019autres points de divergence sur le sujet, qui sont probablement tr\u00e8s respectables, il est vraiment d\u00e9testable d\u2019utiliser ainsi l\u2019image d\u2019une communaut\u00e9.<\/p>\n<p>&nbsp;<\/p>\n<p dir=\"ltr\"><strong>UKRAINE<\/strong><\/p>\n<p>&nbsp;<\/p>\n<p dir=\"ltr\">Un an maintenant que l\u2019Ukraine a voulu se lib\u00e9rer de l\u2019emprise russe mais aussi un an de guerre et des milliers de morts. Poutine signe des accords de paix d\u2019une main alors que dans le m\u00eame temps il renvoie des chars. Qui pourra arr\u00eater ce mec ? Je ne sais pas mais cela fait peur.<\/p>\n<p>&nbsp;<\/p>\n<p dir=\"ltr\"><strong>49.3<\/strong><\/p>\n<p>&nbsp;<\/p>\n<p dir=\"ltr\">Encore une grande le\u00e7on de d\u00e9mocratie pour le gouvernement fran\u00e7ais qui fait passer en force son projet de loi Macron. Voil\u00e0 encore un sujet sur lequel la Suisse peut donner des grandes le\u00e7ons \u00e0 la France et l\u2019Europe.<\/p>\n<p>&nbsp;<\/p>\n<p dir=\"ltr\">Allez, tout de bon, comme on dit chez nous !<\/p>\n","protected":false},"excerpt":{"rendered":"<p>Semaine apr\u00e8s semaine, le franc suisse l\u00e2che du terrain face \u00e0 la monnaie unique. Le 1 euro pour 1 chf est d\u00e9j\u00e0 bien loin ( sauf pour ceux qui ont sign\u00e9 une vente \u00e0 terme) et nous nous acheminons vers un cours \u00e0 eur\/chf \u00e0 1.10. La strat\u00e9gie de la banque nationale Suisse est en [&hellip;]<\/p>\n","protected":false},"author":2,"featured_media":0,"comment_status":"closed","ping_status":"open","sticky":false,"template":"","format":"standard","meta":{"footnotes":""},"categories":[14],"tags":[],"class_list":{"0":"post-9046","1":"post","2":"type-post","3":"status-publish","4":"format-standard","6":"category-historique-taux-de-change","7":"czr-hentry"},"yoast_head":"<!-- This site is optimized with the Yoast SEO plugin v25.8 - https:\/\/yoast.com\/wordpress\/plugins\/seo\/ -->\n<title>23\/02\/2015 - L\u2019euro reprend de la vigueur - Mon-taux.com - Blog des experts en frontaliers<\/title>\n<meta name=\"robots\" content=\"index, follow, max-snippet:-1, max-image-preview:large, max-video-preview:-1\" \/>\n<link rel=\"canonical\" href=\"https:\/\/mon-taux.com\/blog\/2015\/02\/23\/23022015-leuro-reprend-de-la-vigueur\/\" \/>\n<meta property=\"og:locale\" content=\"fr_FR\" \/>\n<meta property=\"og:type\" content=\"article\" \/>\n<meta property=\"og:title\" content=\"23\/02\/2015 - L\u2019euro reprend de la vigueur - Mon-taux.com - Blog des experts en frontaliers\" \/>\n<meta property=\"og:description\" content=\"Semaine apr\u00e8s semaine, le franc suisse l\u00e2che du terrain face \u00e0 la monnaie unique. Le 1 euro pour 1 chf est d\u00e9j\u00e0 bien loin ( sauf pour ceux qui ont sign\u00e9 une vente \u00e0 terme) et nous nous acheminons vers un cours \u00e0 eur\/chf \u00e0 1.10. La strat\u00e9gie de la banque nationale Suisse est en [&hellip;]\" \/>\n<meta property=\"og:url\" content=\"https:\/\/mon-taux.com\/blog\/2015\/02\/23\/23022015-leuro-reprend-de-la-vigueur\/\" \/>\n<meta property=\"og:site_name\" content=\"Mon-taux.com - Blog des experts en frontaliers\" \/>\n<meta property=\"article:publisher\" content=\"https:\/\/www.facebook.com\/MonTauxCom.ComparateurFrontalier\" \/>\n<meta property=\"article:published_time\" content=\"2015-02-23T11:18:21+00:00\" \/>\n<meta name=\"author\" content=\"montaux\" \/>\n<meta name=\"twitter:card\" content=\"summary_large_image\" \/>\n<meta name=\"twitter:creator\" content=\"@MonTauxCom\" \/>\n<meta name=\"twitter:site\" content=\"@MonTauxCom\" \/>\n<meta name=\"twitter:label1\" content=\"\u00c9crit par\" \/>\n\t<meta name=\"twitter:data1\" content=\"montaux\" \/>\n\t<meta name=\"twitter:label2\" content=\"Dur\u00e9e de lecture estim\u00e9e\" \/>\n\t<meta name=\"twitter:data2\" content=\"2 minutes\" \/>\n<script type=\"application\/ld+json\" class=\"yoast-schema-graph\">{\"@context\":\"https:\/\/schema.org\",\"@graph\":[{\"@type\":\"Article\",\"@id\":\"https:\/\/mon-taux.com\/blog\/2015\/02\/23\/23022015-leuro-reprend-de-la-vigueur\/#article\",\"isPartOf\":{\"@id\":\"https:\/\/mon-taux.com\/blog\/2015\/02\/23\/23022015-leuro-reprend-de-la-vigueur\/\"},\"author\":{\"name\":\"montaux\",\"@id\":\"https:\/\/mon-taux.com\/blog\/#\/schema\/person\/bfe88bfabe109e312d4cd786a3dfe66f\"},\"headline\":\"23\/02\/2015 &#8211; L\u2019euro reprend de la vigueur\",\"datePublished\":\"2015-02-23T11:18:21+00:00\",\"mainEntityOfPage\":{\"@id\":\"https:\/\/mon-taux.com\/blog\/2015\/02\/23\/23022015-leuro-reprend-de-la-vigueur\/\"},\"wordCount\":396,\"publisher\":{\"@id\":\"https:\/\/mon-taux.com\/blog\/#organization\"},\"articleSection\":[\"historique taux de change\"],\"inLanguage\":\"fr-FR\"},{\"@type\":\"WebPage\",\"@id\":\"https:\/\/mon-taux.com\/blog\/2015\/02\/23\/23022015-leuro-reprend-de-la-vigueur\/\",\"url\":\"https:\/\/mon-taux.com\/blog\/2015\/02\/23\/23022015-leuro-reprend-de-la-vigueur\/\",\"name\":\"23\/02\/2015 - L\u2019euro reprend de la vigueur - Mon-taux.com - Blog des experts en frontaliers\",\"isPartOf\":{\"@id\":\"https:\/\/mon-taux.com\/blog\/#website\"},\"datePublished\":\"2015-02-23T11:18:21+00:00\",\"breadcrumb\":{\"@id\":\"https:\/\/mon-taux.com\/blog\/2015\/02\/23\/23022015-leuro-reprend-de-la-vigueur\/#breadcrumb\"},\"inLanguage\":\"fr-FR\",\"potentialAction\":[{\"@type\":\"ReadAction\",\"target\":[\"https:\/\/mon-taux.com\/blog\/2015\/02\/23\/23022015-leuro-reprend-de-la-vigueur\/\"]}]},{\"@type\":\"BreadcrumbList\",\"@id\":\"https:\/\/mon-taux.com\/blog\/2015\/02\/23\/23022015-leuro-reprend-de-la-vigueur\/#breadcrumb\",\"itemListElement\":[{\"@type\":\"ListItem\",\"position\":1,\"name\":\"Accueil\",\"item\":\"https:\/\/mon-taux.com\/blog\/\"},{\"@type\":\"ListItem\",\"position\":2,\"name\":\"23\/02\/2015 &#8211; L\u2019euro reprend de la vigueur\"}]},{\"@type\":\"WebSite\",\"@id\":\"https:\/\/mon-taux.com\/blog\/#website\",\"url\":\"https:\/\/mon-taux.com\/blog\/\",\"name\":\"Mon-taux.com - Blog des experts en frontaliers\",\"description\":\"\",\"publisher\":{\"@id\":\"https:\/\/mon-taux.com\/blog\/#organization\"},\"potentialAction\":[{\"@type\":\"SearchAction\",\"target\":{\"@type\":\"EntryPoint\",\"urlTemplate\":\"https:\/\/mon-taux.com\/blog\/?s={search_term_string}\"},\"query-input\":{\"@type\":\"PropertyValueSpecification\",\"valueRequired\":true,\"valueName\":\"search_term_string\"}}],\"inLanguage\":\"fr-FR\"},{\"@type\":\"Organization\",\"@id\":\"https:\/\/mon-taux.com\/blog\/#organization\",\"name\":\"Mon-taux.com\",\"url\":\"https:\/\/mon-taux.com\/blog\/\",\"logo\":{\"@type\":\"ImageObject\",\"inLanguage\":\"fr-FR\",\"@id\":\"https:\/\/mon-taux.com\/blog\/#\/schema\/logo\/image\/\",\"url\":\"https:\/\/mon-taux.com\/blog\/wp-content\/uploads\/2020\/08\/montaux-new-logo-e1596462820847.png\",\"contentUrl\":\"https:\/\/mon-taux.com\/blog\/wp-content\/uploads\/2020\/08\/montaux-new-logo-e1596462820847.png\",\"width\":300,\"height\":172,\"caption\":\"Mon-taux.com\"},\"image\":{\"@id\":\"https:\/\/mon-taux.com\/blog\/#\/schema\/logo\/image\/\"},\"sameAs\":[\"https:\/\/www.facebook.com\/MonTauxCom.ComparateurFrontalier\",\"https:\/\/x.com\/MonTauxCom\",\"https:\/\/www.youtube.com\/channel\/UCyft978dCKAgV8DglhSW6gg\"]},{\"@type\":\"Person\",\"@id\":\"https:\/\/mon-taux.com\/blog\/#\/schema\/person\/bfe88bfabe109e312d4cd786a3dfe66f\",\"name\":\"montaux\",\"image\":{\"@type\":\"ImageObject\",\"inLanguage\":\"fr-FR\",\"@id\":\"https:\/\/mon-taux.com\/blog\/#\/schema\/person\/image\/\",\"url\":\"https:\/\/mon-taux.com\/blog\/wp-content\/uploads\/2020\/08\/favicon2-150x150.png\",\"contentUrl\":\"https:\/\/mon-taux.com\/blog\/wp-content\/uploads\/2020\/08\/favicon2-150x150.png\",\"caption\":\"montaux\"},\"sameAs\":[\"https:\/\/mon-taux.com\"],\"url\":\"https:\/\/mon-taux.com\/blog\/author\/montaux\/\"}]}<\/script>\n<!-- \/ Yoast SEO plugin. -->","yoast_head_json":{"title":"23\/02\/2015 - L\u2019euro reprend de la vigueur - Mon-taux.com - Blog des experts en frontaliers","robots":{"index":"index","follow":"follow","max-snippet":"max-snippet:-1","max-image-preview":"max-image-preview:large","max-video-preview":"max-video-preview:-1"},"canonical":"https:\/\/mon-taux.com\/blog\/2015\/02\/23\/23022015-leuro-reprend-de-la-vigueur\/","og_locale":"fr_FR","og_type":"article","og_title":"23\/02\/2015 - L\u2019euro reprend de la vigueur - Mon-taux.com - Blog des experts en frontaliers","og_description":"Semaine apr\u00e8s semaine, le franc suisse l\u00e2che du terrain face \u00e0 la monnaie unique. Le 1 euro pour 1 chf est d\u00e9j\u00e0 bien loin ( sauf pour ceux qui ont sign\u00e9 une vente \u00e0 terme) et nous nous acheminons vers un cours \u00e0 eur\/chf \u00e0 1.10. La strat\u00e9gie de la banque nationale Suisse est en [&hellip;]","og_url":"https:\/\/mon-taux.com\/blog\/2015\/02\/23\/23022015-leuro-reprend-de-la-vigueur\/","og_site_name":"Mon-taux.com - Blog des experts en frontaliers","article_publisher":"https:\/\/www.facebook.com\/MonTauxCom.ComparateurFrontalier","article_published_time":"2015-02-23T11:18:21+00:00","author":"montaux","twitter_card":"summary_large_image","twitter_creator":"@MonTauxCom","twitter_site":"@MonTauxCom","twitter_misc":{"\u00c9crit par":"montaux","Dur\u00e9e de lecture estim\u00e9e":"2 minutes"},"schema":{"@context":"https:\/\/schema.org","@graph":[{"@type":"Article","@id":"https:\/\/mon-taux.com\/blog\/2015\/02\/23\/23022015-leuro-reprend-de-la-vigueur\/#article","isPartOf":{"@id":"https:\/\/mon-taux.com\/blog\/2015\/02\/23\/23022015-leuro-reprend-de-la-vigueur\/"},"author":{"name":"montaux","@id":"https:\/\/mon-taux.com\/blog\/#\/schema\/person\/bfe88bfabe109e312d4cd786a3dfe66f"},"headline":"23\/02\/2015 &#8211; L\u2019euro reprend de la vigueur","datePublished":"2015-02-23T11:18:21+00:00","mainEntityOfPage":{"@id":"https:\/\/mon-taux.com\/blog\/2015\/02\/23\/23022015-leuro-reprend-de-la-vigueur\/"},"wordCount":396,"publisher":{"@id":"https:\/\/mon-taux.com\/blog\/#organization"},"articleSection":["historique taux de change"],"inLanguage":"fr-FR"},{"@type":"WebPage","@id":"https:\/\/mon-taux.com\/blog\/2015\/02\/23\/23022015-leuro-reprend-de-la-vigueur\/","url":"https:\/\/mon-taux.com\/blog\/2015\/02\/23\/23022015-leuro-reprend-de-la-vigueur\/","name":"23\/02\/2015 - L\u2019euro reprend de la vigueur - Mon-taux.com - Blog des experts en frontaliers","isPartOf":{"@id":"https:\/\/mon-taux.com\/blog\/#website"},"datePublished":"2015-02-23T11:18:21+00:00","breadcrumb":{"@id":"https:\/\/mon-taux.com\/blog\/2015\/02\/23\/23022015-leuro-reprend-de-la-vigueur\/#breadcrumb"},"inLanguage":"fr-FR","potentialAction":[{"@type":"ReadAction","target":["https:\/\/mon-taux.com\/blog\/2015\/02\/23\/23022015-leuro-reprend-de-la-vigueur\/"]}]},{"@type":"BreadcrumbList","@id":"https:\/\/mon-taux.com\/blog\/2015\/02\/23\/23022015-leuro-reprend-de-la-vigueur\/#breadcrumb","itemListElement":[{"@type":"ListItem","position":1,"name":"Accueil","item":"https:\/\/mon-taux.com\/blog\/"},{"@type":"ListItem","position":2,"name":"23\/02\/2015 &#8211; L\u2019euro reprend de la vigueur"}]},{"@type":"WebSite","@id":"https:\/\/mon-taux.com\/blog\/#website","url":"https:\/\/mon-taux.com\/blog\/","name":"Mon-taux.com - Blog des experts en frontaliers","description":"","publisher":{"@id":"https:\/\/mon-taux.com\/blog\/#organization"},"potentialAction":[{"@type":"SearchAction","target":{"@type":"EntryPoint","urlTemplate":"https:\/\/mon-taux.com\/blog\/?s={search_term_string}"},"query-input":{"@type":"PropertyValueSpecification","valueRequired":true,"valueName":"search_term_string"}}],"inLanguage":"fr-FR"},{"@type":"Organization","@id":"https:\/\/mon-taux.com\/blog\/#organization","name":"Mon-taux.com","url":"https:\/\/mon-taux.com\/blog\/","logo":{"@type":"ImageObject","inLanguage":"fr-FR","@id":"https:\/\/mon-taux.com\/blog\/#\/schema\/logo\/image\/","url":"https:\/\/mon-taux.com\/blog\/wp-content\/uploads\/2020\/08\/montaux-new-logo-e1596462820847.png","contentUrl":"https:\/\/mon-taux.com\/blog\/wp-content\/uploads\/2020\/08\/montaux-new-logo-e1596462820847.png","width":300,"height":172,"caption":"Mon-taux.com"},"image":{"@id":"https:\/\/mon-taux.com\/blog\/#\/schema\/logo\/image\/"},"sameAs":["https:\/\/www.facebook.com\/MonTauxCom.ComparateurFrontalier","https:\/\/x.com\/MonTauxCom","https:\/\/www.youtube.com\/channel\/UCyft978dCKAgV8DglhSW6gg"]},{"@type":"Person","@id":"https:\/\/mon-taux.com\/blog\/#\/schema\/person\/bfe88bfabe109e312d4cd786a3dfe66f","name":"montaux","image":{"@type":"ImageObject","inLanguage":"fr-FR","@id":"https:\/\/mon-taux.com\/blog\/#\/schema\/person\/image\/","url":"https:\/\/mon-taux.com\/blog\/wp-content\/uploads\/2020\/08\/favicon2-150x150.png","contentUrl":"https:\/\/mon-taux.com\/blog\/wp-content\/uploads\/2020\/08\/favicon2-150x150.png","caption":"montaux"},"sameAs":["https:\/\/mon-taux.com"],"url":"https:\/\/mon-taux.com\/blog\/author\/montaux\/"}]}},"_links":{"self":[{"href":"https:\/\/mon-taux.com\/blog\/wp-json\/wp\/v2\/posts\/9046","targetHints":{"allow":["GET"]}}],"collection":[{"href":"https:\/\/mon-taux.com\/blog\/wp-json\/wp\/v2\/posts"}],"about":[{"href":"https:\/\/mon-taux.com\/blog\/wp-json\/wp\/v2\/types\/post"}],"author":[{"embeddable":true,"href":"https:\/\/mon-taux.com\/blog\/wp-json\/wp\/v2\/users\/2"}],"replies":[{"embeddable":true,"href":"https:\/\/mon-taux.com\/blog\/wp-json\/wp\/v2\/comments?post=9046"}],"version-history":[{"count":0,"href":"https:\/\/mon-taux.com\/blog\/wp-json\/wp\/v2\/posts\/9046\/revisions"}],"wp:attachment":[{"href":"https:\/\/mon-taux.com\/blog\/wp-json\/wp\/v2\/media?parent=9046"}],"wp:term":[{"taxonomy":"category","embeddable":true,"href":"https:\/\/mon-taux.com\/blog\/wp-json\/wp\/v2\/categories?post=9046"},{"taxonomy":"post_tag","embeddable":true,"href":"https:\/\/mon-taux.com\/blog\/wp-json\/wp\/v2\/tags?post=9046"}],"curies":[{"name":"wp","href":"https:\/\/api.w.org\/{rel}","templated":true}]}}