{"id":8890,"date":"2015-01-19T14:57:56","date_gmt":"2015-01-19T13:57:56","guid":{"rendered":"https:\/\/mon-taux-de-change.com\/?p=8890"},"modified":"2015-01-19T14:57:56","modified_gmt":"2015-01-19T13:57:56","slug":"19012015-la-vie-avec-la-parite-echf","status":"publish","type":"post","link":"https:\/\/mon-taux.com\/blog\/2015\/01\/19\/19012015-la-vie-avec-la-parite-echf\/","title":{"rendered":"19\/01\/2015 &#8211; La vie avec la parit\u00e9 \u20ac\/CHF !"},"content":{"rendered":"<p dir=\"ltr\">Quelques jours apr\u00e8s l\u2019annonce de l\u2019abandon de la suppression du taux plancher, l\u2019onde de choc continue \u00e0 porter son effet sur le Grande Gen\u00e8ve et toute la zone frontali\u00e8re. Bingo pour les uns avec une augmentation de pouvoir d\u2019achat de plus de 20% mais dur, dur, pour les entreprises suisses exportatrices et pour ceux qui sont en train de vendre un logement financ\u00e9 par un pr\u00eat en devise\u2026.et une question qui revient : mais comment va \u00e9voluer le cours euro\/chf ?<\/p>\n<p>&nbsp;<\/p>\n<p dir=\"ltr\">La d\u00e9cision brutale de la BNS a \u00e9t\u00e9 une surprise pour tout le monde mais il ne pouvait en \u00eatre autrement car cela aurait fait le jeu des sp\u00e9culateurs. Avec cette annonce, les ordres automatiques d\u2019achat et de vente se sont \u00e9t\u00e9 ex\u00e9cut\u00e9s en masse entra\u00eenant le cours l\u00e9g\u00e8rement en dessous de 0.86 avant que la raison nous ram\u00e8ne au cours pivot de 1 pour 1.<\/p>\n<p dir=\"ltr\">Nous sommes maintenant dans une seconde phase o\u00f9 \u201cl\u2019humain\u201d va reprendre la main sur la tendance. En annon\u00e7ant l&#8217;abolition du cours plancher, la BNS a \u00e9galement abaiss\u00e9 \u00e0 -0.75% le taux des d\u00e9p\u00f4ts et port\u00e9 la marge de fluctuation du taux Libor 3 mois entre -0.25% et 1.25%. Cela signifie qu\u2019un investisseur qui dispose de francs suisses devra payer un int\u00e9r\u00eat \u00e0 la banque pour d\u00e9poser son argent ! A d\u00e9faut d\u2019acheter des euros contre des francs suisses, la Banque Nationale mise sur des taux d\u2019int\u00e9r\u00eats n\u00e9gatifs \u00e9lev\u00e9s pour d\u00e9courager les investisseurs. Nous estimons que cette notion de taux n\u00e9gatifs va porter ces fruits dans les prochaines semaines. Nous n\u2019\u00e9tions pas pr\u00e9par\u00e9 \u00e0 l\u2019annonce de la BNS et nous voil\u00e0 dans des territoires inconnus. A court terme, le 1 \u20ac pour 1 CHF repr\u00e9sente un repaire psychologique bien pratique mais nous estimons que le franc devrait perdre un peu de sa superbe dans les prochaines semaines pour revenir d\u2019abord vers 1.05 CHF. Nous vivons une p\u00e9riode unique mais passionnante !<\/p>\n<p>&nbsp;<\/p>\n<p dir=\"ltr\"><strong>La CMU, c\u2019est quoi d\u00e9j\u00e0 ?<\/strong><\/p>\n<p>&nbsp;<\/p>\n<p dir=\"ltr\">Pour les travailleurs frontaliers, la hausse du cours du franc suisse a tr\u00e8s largement absorb\u00e9 les 6% de CMU. Les d\u00e9marches d\u2019affiliation \u00e0 la s\u00e9curit\u00e9 sociale deviennent nettement moins d\u00e9sagr\u00e9ables n\u2019est ce pas ? Et nous qui avions trouv\u00e9 pour les frontaliers des solutions pour des assurances compl\u00e9mentaires avec des conditions super avantageuses\u2026<\/p>\n<p>&nbsp;<\/p>\n<p dir=\"ltr\"><strong>Les taux d\u2019int\u00e9r\u00eat chutent \u00e9galement<\/strong><\/p>\n<p>&nbsp;<\/p>\n<p dir=\"ltr\">Les taux d\u2019int\u00e9r\u00eats \u00e0 long terme en francs suisses ont chut\u00e9 de l\u2019ordre de 0.30 depuis le d\u00e9but du mois de janvier. Nous devrions donc avoir encore une nouvelle baisse des taux des cr\u00e9dits immobiliers pour le d\u00e9but du mois de F\u00e9vrier. Cette fois, il faudra saisir l\u2019opportunit\u00e9 de ren\u00e9gocier votre cr\u00e9dit en devise, on vous aura pr\u00e9venu ! En revanche, ren\u00e9gocier le taux d\u2019int\u00e9r\u00eat de votre cr\u00e9dit n\u2019aura aucun impact sur le taux de change. En la mati\u00e8re, la ren\u00e9gociation est une op\u00e9ration neutre car nous allons solder un pr\u00eat en devise par un autre pr\u00eat en devise, donc sans op\u00e9ration de change.<\/p>\n<p>&nbsp;<\/p>\n<p dir=\"ltr\"><strong>Attention, il remonte<\/strong><\/p>\n<p>&nbsp;<\/p>\n<p dir=\"ltr\">Ce n\u2019est pas le franc suisse, ni le thermom\u00e8tre et personne ne l\u2019avait vu venir, mais il remonte ! C\u2019est \u2026&#8230;Fran\u00e7ois Hollande qui passe \u00e0 40% d\u2019opinion favorable. Cela nous laisse tout chose.<\/p>\n<p>&nbsp;<\/p>\n<p dir=\"ltr\"><strong>Merci<\/strong><\/p>\n<p>&nbsp;<\/p>\n<p dir=\"ltr\">La hausse spectaculaire du franc suisse a fait exploser le trafic sur notre site en fin de semaine derni\u00e8re et nous vous en remercions. Vous avez \u00e9t\u00e9 \u00e9galement extr\u00eamement nombreux \u00e0 nous solliciter pour ren\u00e9gocier vos cr\u00e9dits immobiliers, avoir des informations sur le change, sur l\u2019impact sur votre situation. Notre \u00e9quipe est largement mobilis\u00e9e pour traiter toutes vos demandes mais pour maintenir un niveau de conseil de qualit\u00e9, nous sommes dans l\u2019obligation de diff\u00e9rer de quelques jours les prises de contacts concernant les projets de ren\u00e9gociation. Et comme les taux devraient encore baisser \u2026..il est urgent d\u2019attendre !<\/p>\n<p>&nbsp;<\/p>\n<p dir=\"ltr\">Allez, tout de bon, comme on dit chez nous !<\/p>\n<p dir=\"ltr\"><a href=\"https:\/\/www.youtube.com\/watch?v=Wgq3HcAi48E\"><img loading=\"lazy\" decoding=\"async\" class=\"aligncenter size-full wp-image-8933\" src=\"https:\/\/mon-taux-de-change.com\/wp-content\/uploads\/2015\/01\/banner-video2.jpg\" alt=\"\" width=\"930\" height=\"102\" \/><\/a><\/p>\n<p dir=\"ltr\">\n","protected":false},"excerpt":{"rendered":"<p>Quelques jours apr\u00e8s l\u2019annonce de l\u2019abandon de la suppression du taux plancher, l\u2019onde de choc continue \u00e0 porter son effet sur le Grande Gen\u00e8ve et toute la zone frontali\u00e8re. Bingo pour les uns avec une augmentation de pouvoir d\u2019achat de plus de 20% mais dur, dur, pour les entreprises suisses exportatrices et pour ceux qui [&hellip;]<\/p>\n","protected":false},"author":2,"featured_media":8933,"comment_status":"closed","ping_status":"open","sticky":false,"template":"","format":"standard","meta":{"footnotes":""},"categories":[5,22],"tags":[2,27],"class_list":{"0":"post-8890","1":"post","2":"type-post","3":"status-publish","4":"format-standard","5":"has-post-thumbnail","7":"category-immobilier-actualites","8":"category-pourquoi-le-franc-suisse-baisse-pourquoi-le-franc-suisse-monte","9":"tag-bon-conseil","10":"tag-taux-plancher","11":"czr-hentry"},"yoast_head":"<!-- This site is optimized with the Yoast SEO plugin v25.8 - https:\/\/yoast.com\/wordpress\/plugins\/seo\/ -->\n<title>19\/01\/2015 - La vie avec la parit\u00e9 \u20ac\/CHF ! - Mon-taux.com - Blog des experts en frontaliers<\/title>\n<meta name=\"robots\" content=\"index, follow, max-snippet:-1, max-image-preview:large, max-video-preview:-1\" \/>\n<link rel=\"canonical\" href=\"https:\/\/mon-taux.com\/blog\/2015\/01\/19\/19012015-la-vie-avec-la-parite-echf\/\" \/>\n<meta property=\"og:locale\" content=\"fr_FR\" \/>\n<meta property=\"og:type\" content=\"article\" \/>\n<meta property=\"og:title\" content=\"19\/01\/2015 - La vie avec la parit\u00e9 \u20ac\/CHF ! - Mon-taux.com - Blog des experts en frontaliers\" \/>\n<meta property=\"og:description\" content=\"Quelques jours apr\u00e8s l\u2019annonce de l\u2019abandon de la suppression du taux plancher, l\u2019onde de choc continue \u00e0 porter son effet sur le Grande Gen\u00e8ve et toute la zone frontali\u00e8re. Bingo pour les uns avec une augmentation de pouvoir d\u2019achat de plus de 20% mais dur, dur, pour les entreprises suisses exportatrices et pour ceux qui [&hellip;]\" \/>\n<meta property=\"og:url\" content=\"https:\/\/mon-taux.com\/blog\/2015\/01\/19\/19012015-la-vie-avec-la-parite-echf\/\" \/>\n<meta property=\"og:site_name\" content=\"Mon-taux.com - Blog des experts en frontaliers\" \/>\n<meta property=\"article:publisher\" content=\"https:\/\/www.facebook.com\/MonTauxCom.ComparateurFrontalier\" \/>\n<meta property=\"article:published_time\" content=\"2015-01-19T13:57:56+00:00\" \/>\n<meta property=\"og:image\" content=\"https:\/\/mon-taux.com\/blog\/wp-content\/uploads\/2015\/01\/banner-video2-1.jpg\" \/>\n\t<meta property=\"og:image:width\" content=\"930\" \/>\n\t<meta property=\"og:image:height\" content=\"102\" \/>\n\t<meta property=\"og:image:type\" content=\"image\/jpeg\" \/>\n<meta name=\"author\" content=\"montaux\" \/>\n<meta name=\"twitter:card\" content=\"summary_large_image\" \/>\n<meta name=\"twitter:creator\" content=\"@MonTauxCom\" \/>\n<meta name=\"twitter:site\" content=\"@MonTauxCom\" \/>\n<meta name=\"twitter:label1\" content=\"\u00c9crit par\" \/>\n\t<meta name=\"twitter:data1\" content=\"montaux\" \/>\n\t<meta name=\"twitter:label2\" content=\"Dur\u00e9e de lecture estim\u00e9e\" \/>\n\t<meta name=\"twitter:data2\" content=\"4 minutes\" \/>\n<script type=\"application\/ld+json\" class=\"yoast-schema-graph\">{\"@context\":\"https:\/\/schema.org\",\"@graph\":[{\"@type\":\"Article\",\"@id\":\"https:\/\/mon-taux.com\/blog\/2015\/01\/19\/19012015-la-vie-avec-la-parite-echf\/#article\",\"isPartOf\":{\"@id\":\"https:\/\/mon-taux.com\/blog\/2015\/01\/19\/19012015-la-vie-avec-la-parite-echf\/\"},\"author\":{\"name\":\"montaux\",\"@id\":\"https:\/\/mon-taux.com\/blog\/#\/schema\/person\/bfe88bfabe109e312d4cd786a3dfe66f\"},\"headline\":\"19\/01\/2015 &#8211; La vie avec la parit\u00e9 \u20ac\/CHF !\",\"datePublished\":\"2015-01-19T13:57:56+00:00\",\"mainEntityOfPage\":{\"@id\":\"https:\/\/mon-taux.com\/blog\/2015\/01\/19\/19012015-la-vie-avec-la-parite-echf\/\"},\"wordCount\":712,\"publisher\":{\"@id\":\"https:\/\/mon-taux.com\/blog\/#organization\"},\"image\":{\"@id\":\"https:\/\/mon-taux.com\/blog\/2015\/01\/19\/19012015-la-vie-avec-la-parite-echf\/#primaryimage\"},\"thumbnailUrl\":\"https:\/\/mon-taux.com\/blog\/wp-content\/uploads\/2015\/01\/banner-video2-1.jpg\",\"keywords\":[\"Bon conseil\",\"taux plancher\"],\"articleSection\":[\"Cr\u00e9dit Immobilier\",\"Pourquoi le franc suisse baisse ? Pourquoi le franc suisse monte ?\"],\"inLanguage\":\"fr-FR\"},{\"@type\":\"WebPage\",\"@id\":\"https:\/\/mon-taux.com\/blog\/2015\/01\/19\/19012015-la-vie-avec-la-parite-echf\/\",\"url\":\"https:\/\/mon-taux.com\/blog\/2015\/01\/19\/19012015-la-vie-avec-la-parite-echf\/\",\"name\":\"19\/01\/2015 - La vie avec la parit\u00e9 \u20ac\/CHF ! - Mon-taux.com - Blog des experts en frontaliers\",\"isPartOf\":{\"@id\":\"https:\/\/mon-taux.com\/blog\/#website\"},\"primaryImageOfPage\":{\"@id\":\"https:\/\/mon-taux.com\/blog\/2015\/01\/19\/19012015-la-vie-avec-la-parite-echf\/#primaryimage\"},\"image\":{\"@id\":\"https:\/\/mon-taux.com\/blog\/2015\/01\/19\/19012015-la-vie-avec-la-parite-echf\/#primaryimage\"},\"thumbnailUrl\":\"https:\/\/mon-taux.com\/blog\/wp-content\/uploads\/2015\/01\/banner-video2-1.jpg\",\"datePublished\":\"2015-01-19T13:57:56+00:00\",\"breadcrumb\":{\"@id\":\"https:\/\/mon-taux.com\/blog\/2015\/01\/19\/19012015-la-vie-avec-la-parite-echf\/#breadcrumb\"},\"inLanguage\":\"fr-FR\",\"potentialAction\":[{\"@type\":\"ReadAction\",\"target\":[\"https:\/\/mon-taux.com\/blog\/2015\/01\/19\/19012015-la-vie-avec-la-parite-echf\/\"]}]},{\"@type\":\"ImageObject\",\"inLanguage\":\"fr-FR\",\"@id\":\"https:\/\/mon-taux.com\/blog\/2015\/01\/19\/19012015-la-vie-avec-la-parite-echf\/#primaryimage\",\"url\":\"https:\/\/mon-taux.com\/blog\/wp-content\/uploads\/2015\/01\/banner-video2-1.jpg\",\"contentUrl\":\"https:\/\/mon-taux.com\/blog\/wp-content\/uploads\/2015\/01\/banner-video2-1.jpg\",\"width\":930,\"height\":102},{\"@type\":\"BreadcrumbList\",\"@id\":\"https:\/\/mon-taux.com\/blog\/2015\/01\/19\/19012015-la-vie-avec-la-parite-echf\/#breadcrumb\",\"itemListElement\":[{\"@type\":\"ListItem\",\"position\":1,\"name\":\"Accueil\",\"item\":\"https:\/\/mon-taux.com\/blog\/\"},{\"@type\":\"ListItem\",\"position\":2,\"name\":\"19\/01\/2015 &#8211; La vie avec la parit\u00e9 \u20ac\/CHF !\"}]},{\"@type\":\"WebSite\",\"@id\":\"https:\/\/mon-taux.com\/blog\/#website\",\"url\":\"https:\/\/mon-taux.com\/blog\/\",\"name\":\"Mon-taux.com - Blog des experts en frontaliers\",\"description\":\"\",\"publisher\":{\"@id\":\"https:\/\/mon-taux.com\/blog\/#organization\"},\"potentialAction\":[{\"@type\":\"SearchAction\",\"target\":{\"@type\":\"EntryPoint\",\"urlTemplate\":\"https:\/\/mon-taux.com\/blog\/?s={search_term_string}\"},\"query-input\":{\"@type\":\"PropertyValueSpecification\",\"valueRequired\":true,\"valueName\":\"search_term_string\"}}],\"inLanguage\":\"fr-FR\"},{\"@type\":\"Organization\",\"@id\":\"https:\/\/mon-taux.com\/blog\/#organization\",\"name\":\"Mon-taux.com\",\"url\":\"https:\/\/mon-taux.com\/blog\/\",\"logo\":{\"@type\":\"ImageObject\",\"inLanguage\":\"fr-FR\",\"@id\":\"https:\/\/mon-taux.com\/blog\/#\/schema\/logo\/image\/\",\"url\":\"https:\/\/mon-taux.com\/blog\/wp-content\/uploads\/2020\/08\/montaux-new-logo-e1596462820847.png\",\"contentUrl\":\"https:\/\/mon-taux.com\/blog\/wp-content\/uploads\/2020\/08\/montaux-new-logo-e1596462820847.png\",\"width\":300,\"height\":172,\"caption\":\"Mon-taux.com\"},\"image\":{\"@id\":\"https:\/\/mon-taux.com\/blog\/#\/schema\/logo\/image\/\"},\"sameAs\":[\"https:\/\/www.facebook.com\/MonTauxCom.ComparateurFrontalier\",\"https:\/\/x.com\/MonTauxCom\",\"https:\/\/www.youtube.com\/channel\/UCyft978dCKAgV8DglhSW6gg\"]},{\"@type\":\"Person\",\"@id\":\"https:\/\/mon-taux.com\/blog\/#\/schema\/person\/bfe88bfabe109e312d4cd786a3dfe66f\",\"name\":\"montaux\",\"image\":{\"@type\":\"ImageObject\",\"inLanguage\":\"fr-FR\",\"@id\":\"https:\/\/mon-taux.com\/blog\/#\/schema\/person\/image\/\",\"url\":\"https:\/\/mon-taux.com\/blog\/wp-content\/uploads\/2020\/08\/favicon2-150x150.png\",\"contentUrl\":\"https:\/\/mon-taux.com\/blog\/wp-content\/uploads\/2020\/08\/favicon2-150x150.png\",\"caption\":\"montaux\"},\"sameAs\":[\"https:\/\/mon-taux.com\"],\"url\":\"https:\/\/mon-taux.com\/blog\/author\/montaux\/\"}]}<\/script>\n<!-- \/ Yoast SEO plugin. -->","yoast_head_json":{"title":"19\/01\/2015 - La vie avec la parit\u00e9 \u20ac\/CHF ! - Mon-taux.com - Blog des experts en frontaliers","robots":{"index":"index","follow":"follow","max-snippet":"max-snippet:-1","max-image-preview":"max-image-preview:large","max-video-preview":"max-video-preview:-1"},"canonical":"https:\/\/mon-taux.com\/blog\/2015\/01\/19\/19012015-la-vie-avec-la-parite-echf\/","og_locale":"fr_FR","og_type":"article","og_title":"19\/01\/2015 - La vie avec la parit\u00e9 \u20ac\/CHF ! - Mon-taux.com - Blog des experts en frontaliers","og_description":"Quelques jours apr\u00e8s l\u2019annonce de l\u2019abandon de la suppression du taux plancher, l\u2019onde de choc continue \u00e0 porter son effet sur le Grande Gen\u00e8ve et toute la zone frontali\u00e8re. Bingo pour les uns avec une augmentation de pouvoir d\u2019achat de plus de 20% mais dur, dur, pour les entreprises suisses exportatrices et pour ceux qui [&hellip;]","og_url":"https:\/\/mon-taux.com\/blog\/2015\/01\/19\/19012015-la-vie-avec-la-parite-echf\/","og_site_name":"Mon-taux.com - Blog des experts en frontaliers","article_publisher":"https:\/\/www.facebook.com\/MonTauxCom.ComparateurFrontalier","article_published_time":"2015-01-19T13:57:56+00:00","og_image":[{"width":930,"height":102,"url":"https:\/\/mon-taux.com\/blog\/wp-content\/uploads\/2015\/01\/banner-video2-1.jpg","type":"image\/jpeg"}],"author":"montaux","twitter_card":"summary_large_image","twitter_creator":"@MonTauxCom","twitter_site":"@MonTauxCom","twitter_misc":{"\u00c9crit par":"montaux","Dur\u00e9e de lecture estim\u00e9e":"4 minutes"},"schema":{"@context":"https:\/\/schema.org","@graph":[{"@type":"Article","@id":"https:\/\/mon-taux.com\/blog\/2015\/01\/19\/19012015-la-vie-avec-la-parite-echf\/#article","isPartOf":{"@id":"https:\/\/mon-taux.com\/blog\/2015\/01\/19\/19012015-la-vie-avec-la-parite-echf\/"},"author":{"name":"montaux","@id":"https:\/\/mon-taux.com\/blog\/#\/schema\/person\/bfe88bfabe109e312d4cd786a3dfe66f"},"headline":"19\/01\/2015 &#8211; La vie avec la parit\u00e9 \u20ac\/CHF !","datePublished":"2015-01-19T13:57:56+00:00","mainEntityOfPage":{"@id":"https:\/\/mon-taux.com\/blog\/2015\/01\/19\/19012015-la-vie-avec-la-parite-echf\/"},"wordCount":712,"publisher":{"@id":"https:\/\/mon-taux.com\/blog\/#organization"},"image":{"@id":"https:\/\/mon-taux.com\/blog\/2015\/01\/19\/19012015-la-vie-avec-la-parite-echf\/#primaryimage"},"thumbnailUrl":"https:\/\/mon-taux.com\/blog\/wp-content\/uploads\/2015\/01\/banner-video2-1.jpg","keywords":["Bon conseil","taux plancher"],"articleSection":["Cr\u00e9dit Immobilier","Pourquoi le franc suisse baisse ? Pourquoi le franc suisse monte ?"],"inLanguage":"fr-FR"},{"@type":"WebPage","@id":"https:\/\/mon-taux.com\/blog\/2015\/01\/19\/19012015-la-vie-avec-la-parite-echf\/","url":"https:\/\/mon-taux.com\/blog\/2015\/01\/19\/19012015-la-vie-avec-la-parite-echf\/","name":"19\/01\/2015 - La vie avec la parit\u00e9 \u20ac\/CHF ! - Mon-taux.com - Blog des experts en frontaliers","isPartOf":{"@id":"https:\/\/mon-taux.com\/blog\/#website"},"primaryImageOfPage":{"@id":"https:\/\/mon-taux.com\/blog\/2015\/01\/19\/19012015-la-vie-avec-la-parite-echf\/#primaryimage"},"image":{"@id":"https:\/\/mon-taux.com\/blog\/2015\/01\/19\/19012015-la-vie-avec-la-parite-echf\/#primaryimage"},"thumbnailUrl":"https:\/\/mon-taux.com\/blog\/wp-content\/uploads\/2015\/01\/banner-video2-1.jpg","datePublished":"2015-01-19T13:57:56+00:00","breadcrumb":{"@id":"https:\/\/mon-taux.com\/blog\/2015\/01\/19\/19012015-la-vie-avec-la-parite-echf\/#breadcrumb"},"inLanguage":"fr-FR","potentialAction":[{"@type":"ReadAction","target":["https:\/\/mon-taux.com\/blog\/2015\/01\/19\/19012015-la-vie-avec-la-parite-echf\/"]}]},{"@type":"ImageObject","inLanguage":"fr-FR","@id":"https:\/\/mon-taux.com\/blog\/2015\/01\/19\/19012015-la-vie-avec-la-parite-echf\/#primaryimage","url":"https:\/\/mon-taux.com\/blog\/wp-content\/uploads\/2015\/01\/banner-video2-1.jpg","contentUrl":"https:\/\/mon-taux.com\/blog\/wp-content\/uploads\/2015\/01\/banner-video2-1.jpg","width":930,"height":102},{"@type":"BreadcrumbList","@id":"https:\/\/mon-taux.com\/blog\/2015\/01\/19\/19012015-la-vie-avec-la-parite-echf\/#breadcrumb","itemListElement":[{"@type":"ListItem","position":1,"name":"Accueil","item":"https:\/\/mon-taux.com\/blog\/"},{"@type":"ListItem","position":2,"name":"19\/01\/2015 &#8211; La vie avec la parit\u00e9 \u20ac\/CHF !"}]},{"@type":"WebSite","@id":"https:\/\/mon-taux.com\/blog\/#website","url":"https:\/\/mon-taux.com\/blog\/","name":"Mon-taux.com - Blog des experts en frontaliers","description":"","publisher":{"@id":"https:\/\/mon-taux.com\/blog\/#organization"},"potentialAction":[{"@type":"SearchAction","target":{"@type":"EntryPoint","urlTemplate":"https:\/\/mon-taux.com\/blog\/?s={search_term_string}"},"query-input":{"@type":"PropertyValueSpecification","valueRequired":true,"valueName":"search_term_string"}}],"inLanguage":"fr-FR"},{"@type":"Organization","@id":"https:\/\/mon-taux.com\/blog\/#organization","name":"Mon-taux.com","url":"https:\/\/mon-taux.com\/blog\/","logo":{"@type":"ImageObject","inLanguage":"fr-FR","@id":"https:\/\/mon-taux.com\/blog\/#\/schema\/logo\/image\/","url":"https:\/\/mon-taux.com\/blog\/wp-content\/uploads\/2020\/08\/montaux-new-logo-e1596462820847.png","contentUrl":"https:\/\/mon-taux.com\/blog\/wp-content\/uploads\/2020\/08\/montaux-new-logo-e1596462820847.png","width":300,"height":172,"caption":"Mon-taux.com"},"image":{"@id":"https:\/\/mon-taux.com\/blog\/#\/schema\/logo\/image\/"},"sameAs":["https:\/\/www.facebook.com\/MonTauxCom.ComparateurFrontalier","https:\/\/x.com\/MonTauxCom","https:\/\/www.youtube.com\/channel\/UCyft978dCKAgV8DglhSW6gg"]},{"@type":"Person","@id":"https:\/\/mon-taux.com\/blog\/#\/schema\/person\/bfe88bfabe109e312d4cd786a3dfe66f","name":"montaux","image":{"@type":"ImageObject","inLanguage":"fr-FR","@id":"https:\/\/mon-taux.com\/blog\/#\/schema\/person\/image\/","url":"https:\/\/mon-taux.com\/blog\/wp-content\/uploads\/2020\/08\/favicon2-150x150.png","contentUrl":"https:\/\/mon-taux.com\/blog\/wp-content\/uploads\/2020\/08\/favicon2-150x150.png","caption":"montaux"},"sameAs":["https:\/\/mon-taux.com"],"url":"https:\/\/mon-taux.com\/blog\/author\/montaux\/"}]}},"_links":{"self":[{"href":"https:\/\/mon-taux.com\/blog\/wp-json\/wp\/v2\/posts\/8890","targetHints":{"allow":["GET"]}}],"collection":[{"href":"https:\/\/mon-taux.com\/blog\/wp-json\/wp\/v2\/posts"}],"about":[{"href":"https:\/\/mon-taux.com\/blog\/wp-json\/wp\/v2\/types\/post"}],"author":[{"embeddable":true,"href":"https:\/\/mon-taux.com\/blog\/wp-json\/wp\/v2\/users\/2"}],"replies":[{"embeddable":true,"href":"https:\/\/mon-taux.com\/blog\/wp-json\/wp\/v2\/comments?post=8890"}],"version-history":[{"count":0,"href":"https:\/\/mon-taux.com\/blog\/wp-json\/wp\/v2\/posts\/8890\/revisions"}],"wp:featuredmedia":[{"embeddable":true,"href":"https:\/\/mon-taux.com\/blog\/wp-json\/wp\/v2\/media\/8933"}],"wp:attachment":[{"href":"https:\/\/mon-taux.com\/blog\/wp-json\/wp\/v2\/media?parent=8890"}],"wp:term":[{"taxonomy":"category","embeddable":true,"href":"https:\/\/mon-taux.com\/blog\/wp-json\/wp\/v2\/categories?post=8890"},{"taxonomy":"post_tag","embeddable":true,"href":"https:\/\/mon-taux.com\/blog\/wp-json\/wp\/v2\/tags?post=8890"}],"curies":[{"name":"wp","href":"https:\/\/api.w.org\/{rel}","templated":true}]}}