{"id":8466,"date":"2015-09-29T11:26:04","date_gmt":"2015-09-29T09:26:04","guid":{"rendered":"https:\/\/mon-taux-de-change.com\/?p=8466"},"modified":"2021-02-09T10:02:40","modified_gmt":"2021-02-09T09:02:40","slug":"assurance-frontaliers","status":"publish","type":"post","link":"https:\/\/mon-taux.com\/blog\/2015\/09\/29\/assurance-frontaliers\/","title":{"rendered":"Assurance frontaliers"},"content":{"rendered":"<p><a href=\"https:\/\/mon-taux-de-change.com\/wp-content\/uploads\/2014\/09\/assurance-sche\u0301ma4.png\"><img loading=\"lazy\" decoding=\"async\" class=\"size-full wp-image-29737 aligncenter\" src=\"https:\/\/mon-taux-de-change.com\/wp-content\/uploads\/2014\/09\/assurance-frontalier.png\" alt=\"\" width=\"1024\" height=\"308\" srcset=\"https:\/\/mon-taux.com\/blog\/wp-content\/uploads\/2014\/09\/assurance-frontalier.png 1024w, https:\/\/mon-taux.com\/blog\/wp-content\/uploads\/2014\/09\/assurance-frontalier-300x90.png 300w, https:\/\/mon-taux.com\/blog\/wp-content\/uploads\/2014\/09\/assurance-frontalier-768x231.png 768w\" sizes=\"auto, (max-width: 1024px) 100vw, 1024px\" \/><\/a><br \/>\n<strong>\u2022 3 situations peuvent se pr\u00e9senter :<\/strong><br \/>\n1- Nouveau frontalier<br \/>\n2- R\u00e9sidant Suisse d\u00e9m\u00e9nageant sur France<br \/>\n3- Retrait\u00e9s frontaliers ayant ou non travaill\u00e9s en France<br \/>\n&#8212;&#8212;&#8212;&#8212;&#8212;&#8212;&#8212;&#8212;&#8212;&#8212;&#8212;&#8212;&#8212;&#8212;&#8212;&#8212;&#8212;&#8212;&#8212;&#8212;&#8212;&#8212;&#8212;&#8212;&#8212;&#8212;-<br \/>\n<span style=\"color: #333399; font-size: medium;\"><strong>1- Nouveau frontalier<\/strong><\/span><br \/>\n<span style=\"color: #800080;\">En tant que nouveau frontalier, vous avez un d\u00e9lai de trois mois pour choisir le lieu de votre affiliation : en Suisse \u00e0 la LAMAL ou en France \u00e0 la CPAM (s\u00e9curit\u00e9 sociale).<\/span><br \/>\nSi vous ne validez pas votre choix dans le d\u00e9lai imparti, vous serez d&#8217;office affilier \u00e0 la LAMAL en Suisse.<br \/>\n<a href=\"https:\/\/mon-taux.com\/blog\/wp-content\/uploads\/2015\/09\/Droit-option-assurance-maladie-Formulaire.pdf\">Droit-option-assurance-maladie-Formulaire<\/a><br \/>\n<span style=\"font-size: medium; color: #333399;\"><strong>2- R\u00e9sidant Suisse d\u00e9m\u00e9nageant sur France<\/strong><\/span><br \/>\n<span style=\"color: #800080;\">Votre d\u00e9m\u00e9nagement sur le territoire fran\u00e7ais vous oblige \u00e0 valider votre droit d&#8217;option pour dans un d\u00e9lai de trois mois apr\u00e8s votre date de validation de r\u00e9sidant.<\/span><br \/>\nSoit vous conserver votre affiliation \u00e0 la LAMAL en Suisse, soit vous demandez votre affiliation \u00e0 la S\u00e9curit\u00e9 Sociale Fran\u00e7aise.<br \/>\nTout d\u00e9pend de vos besoins en mati\u00e8re de soins et du co\u00fbt que cela repr\u00e9sente.<br \/>\n<strong>Prime LAMAL 2014<\/strong><br \/>\n<a href=\"https:\/\/mon-taux.com\/blog\/wp-content\/uploads\/2015\/09\/primes_lamal_2014.pdf\">primes_lamal_2014<\/a><a href=\"https:\/\/mon-taux-de-change.com\/wp-content\/uploads\/2014\/09\/primes_lamal_2014.pdf\"><br \/>\n<\/a><br \/>\n<span style=\"text-decoration: underline;\"><span style=\"color: #800080;\"><strong>A\u00a0 retenir<\/strong><\/span><\/span> : Soins en France et Suisse (sans entente pr\u00e9alable&#8230;), prime individuelle et franchise annuelle de 300Frs<br \/>\n<strong>Cotisation CMU<\/strong><br \/>\n<a href=\"http:\/\/www.frontalier.org\/cmu.htm\"> http:\/\/www.frontalier.org\/cmu.htm<\/a><br \/>\n<span style=\"text-decoration: underline;\"><strong><span style=\"color: #800080; text-decoration: underline;\">A retenir<\/span><\/strong><\/span> : Prime d\u00e9ductible de vos imp\u00f4ts, prime pour un foyer fiscal, n\u00e9cessit\u00e9 d&#8217;avoir une compl\u00e9mentaire<br \/>\nDans votre choix, il est important de tenir compte des besoins de votre famille, l&#8217;affiliation \u00e0 la LAMAL vous permet un suivi m\u00e9dical en France et\/ou en Suisse.<br \/>\n<span style=\"font-size: medium; color: #333399;\"><strong>3- Retrait\u00e9s frontaliers ayant ou non travaill\u00e9s en France<\/strong><\/span><br \/>\n<span style=\"color: #800080;\">\u2192 Vous allez cesser votre activit\u00e9 et b\u00e9n\u00e9ficier d\u2019une rente suisse.<\/span><br \/>\nSi par le pass\u00e9 vous avez \u00e9t\u00e9 affili\u00e9 a la s\u00e9curit\u00e9 sociale (ch\u00f4mage, travail,&#8230;.) il vous faudra vous inscrire \u00a0\u00e0 la caisse de votre r\u00e9sidence :<br \/>\n&#8211; \u00a0le formulaire d\u2019affiliation<br \/>\n<a href=\"http:\/\/www.google.com\/url?q=http%3A%2F%2Fwww.ameli.fr%2Ffileadmin%2Fuser_upload%2Fformulaires%2Fformulaire_727.cnamts.pdf&amp;sa=D&amp;sntz=1&amp;usg=AFQjCNHc6vu_LFXGVQEv-MJeQ7ZOKwKD1g\">http:\/\/www.ameli.fr\/fileadmin\/user_upload\/formulaires\/formulaire_727.cnamts.pdf<\/a><br \/>\n&#8211; \u00a0une attestation d\u2019assurance de votre compagnie priv\u00e9e (pr\u00e9cisant le nom de l\u2019ensemble des assur\u00e9s du contrat)<br \/>\n&#8211; \u00a0une attestation de situation (contrat de travail suisse, dernier bulletin de salaire ou attestation \u00a0 de l\u2019employeur suisse, avis de notification de pension, sortie de territoire d\u00e9livr\u00e9e par l\u2019OCP)<br \/>\n&#8211; le formulaire d\u2019attestation de choix de l\u2019assurance maladie<br \/>\n<a href=\"https:\/\/mon-taux.com\/blog\/wp-content\/uploads\/2015\/09\/Droit-option-assurance-maladie-Formulaire.pdf\">Droit-option-assurance-maladie-Formulaire<\/a><br \/>\n&#8211; un RIB<br \/>\n&#8211; copie carte d\u2019identit\u00e9 (chaque membre du foyer)<br \/>\n&#8211; copie du livret de famille (si plusieurs ayants droits)<br \/>\n&#8211; Dernier avis d\u2019imposition ou, si vous ne l&#8217;avez pas, Justificatifs de situation fiscale du(ou des) pays concern\u00e9(s) ou tout autre justificatif de ressources de l\u2019ann\u00e9e civile pr\u00e9c\u00e9dente :<br \/>\nvotre d\u00e9claration d\u2019imp\u00f4t ou bulletins de paie, justificatifs d&#8217;allocations ch\u00f4mage, pension de retraite, revenus des capitaux et valeurs mobili\u00e8res, revenus fonciers, plus- values mobili\u00e8res ou immobili\u00e8res imposables.<br \/>\nSi par le pass\u00e9 vous n\u2019avez jamais \u00e9t\u00e9 affili\u00e9 au r\u00e9gime fran\u00e7ais, vous pouvez choisir votre lieu d\u2019affiliation : La LAMAL en Suisse ou la s\u00e9curit\u00e9 sociale en France<\/p>\n","protected":false},"excerpt":{"rendered":"<p>\u2022 3 situations peuvent se pr\u00e9senter : 1- Nouveau frontalier 2- R\u00e9sidant Suisse d\u00e9m\u00e9nageant sur France 3- Retrait\u00e9s frontaliers ayant ou non travaill\u00e9s en France &#8212;&#8212;&#8212;&#8212;&#8212;&#8212;&#8212;&#8212;&#8212;&#8212;&#8212;&#8212;&#8212;&#8212;&#8212;&#8212;&#8212;&#8212;&#8212;&#8212;&#8212;&#8212;&#8212;&#8212;&#8212;&#8212;- 1- Nouveau frontalier En tant que nouveau frontalier, vous avez un d\u00e9lai de trois mois pour choisir le lieu de votre affiliation : en Suisse \u00e0 la LAMAL ou [&hellip;]<\/p>\n","protected":false},"author":3,"featured_media":34561,"comment_status":"closed","ping_status":"open","sticky":false,"template":"","format":"standard","meta":{"footnotes":""},"categories":[8],"tags":[2],"class_list":{"0":"post-8466","1":"post","2":"type-post","3":"status-publish","4":"format-standard","5":"has-post-thumbnail","7":"category-assurances","8":"tag-bon-conseil","9":"czr-hentry"},"yoast_head":"<!-- This site is optimized with the Yoast SEO plugin v25.8 - https:\/\/yoast.com\/wordpress\/plugins\/seo\/ -->\n<title>Assurance frontaliers - Mon-taux.com - Blog des experts en frontaliers<\/title>\n<meta name=\"robots\" content=\"index, follow, max-snippet:-1, max-image-preview:large, max-video-preview:-1\" \/>\n<link rel=\"canonical\" href=\"https:\/\/mon-taux.com\/blog\/2015\/09\/29\/assurance-frontaliers\/\" \/>\n<meta property=\"og:locale\" content=\"fr_FR\" \/>\n<meta property=\"og:type\" content=\"article\" \/>\n<meta property=\"og:title\" content=\"Assurance frontaliers - Mon-taux.com - Blog des experts en frontaliers\" \/>\n<meta property=\"og:description\" content=\"\u2022 3 situations peuvent se pr\u00e9senter : 1- Nouveau frontalier 2- R\u00e9sidant Suisse d\u00e9m\u00e9nageant sur France 3- Retrait\u00e9s frontaliers ayant ou non travaill\u00e9s en France &#8212;&#8212;&#8212;&#8212;&#8212;&#8212;&#8212;&#8212;&#8212;&#8212;&#8212;&#8212;&#8212;&#8212;&#8212;&#8212;&#8212;&#8212;&#8212;&#8212;&#8212;&#8212;&#8212;&#8212;&#8212;&#8212;- 1- Nouveau frontalier En tant que nouveau frontalier, vous avez un d\u00e9lai de trois mois pour choisir le lieu de votre affiliation : en Suisse \u00e0 la LAMAL ou [&hellip;]\" \/>\n<meta property=\"og:url\" content=\"https:\/\/mon-taux.com\/blog\/2015\/09\/29\/assurance-frontaliers\/\" \/>\n<meta property=\"og:site_name\" content=\"Mon-taux.com - Blog des experts en frontaliers\" \/>\n<meta property=\"article:publisher\" content=\"https:\/\/www.facebook.com\/MonTauxCom.ComparateurFrontalier\" \/>\n<meta property=\"article:published_time\" content=\"2015-09-29T09:26:04+00:00\" \/>\n<meta property=\"article:modified_time\" content=\"2021-02-09T09:02:40+00:00\" \/>\n<meta property=\"og:image\" content=\"https:\/\/mon-taux.com\/blog\/wp-content\/uploads\/2015\/09\/assurance-frontalier.png\" \/>\n\t<meta property=\"og:image:width\" content=\"1024\" \/>\n\t<meta property=\"og:image:height\" content=\"308\" \/>\n\t<meta property=\"og:image:type\" content=\"image\/png\" \/>\n<meta name=\"author\" content=\"Maryline\" \/>\n<meta name=\"twitter:card\" content=\"summary_large_image\" \/>\n<meta name=\"twitter:creator\" content=\"@MonTauxCom\" \/>\n<meta name=\"twitter:site\" content=\"@MonTauxCom\" \/>\n<meta name=\"twitter:label1\" content=\"\u00c9crit par\" \/>\n\t<meta name=\"twitter:data1\" content=\"Maryline\" \/>\n\t<meta name=\"twitter:label2\" content=\"Dur\u00e9e de lecture estim\u00e9e\" \/>\n\t<meta name=\"twitter:data2\" content=\"3 minutes\" \/>\n<script type=\"application\/ld+json\" class=\"yoast-schema-graph\">{\"@context\":\"https:\/\/schema.org\",\"@graph\":[{\"@type\":\"Article\",\"@id\":\"https:\/\/mon-taux.com\/blog\/2015\/09\/29\/assurance-frontaliers\/#article\",\"isPartOf\":{\"@id\":\"https:\/\/mon-taux.com\/blog\/2015\/09\/29\/assurance-frontaliers\/\"},\"author\":{\"name\":\"Maryline\",\"@id\":\"https:\/\/mon-taux.com\/blog\/#\/schema\/person\/eb2fc0bb011ccf0491cddce5683b99bc\"},\"headline\":\"Assurance frontaliers\",\"datePublished\":\"2015-09-29T09:26:04+00:00\",\"dateModified\":\"2021-02-09T09:02:40+00:00\",\"mainEntityOfPage\":{\"@id\":\"https:\/\/mon-taux.com\/blog\/2015\/09\/29\/assurance-frontaliers\/\"},\"wordCount\":510,\"publisher\":{\"@id\":\"https:\/\/mon-taux.com\/blog\/#organization\"},\"image\":{\"@id\":\"https:\/\/mon-taux.com\/blog\/2015\/09\/29\/assurance-frontaliers\/#primaryimage\"},\"thumbnailUrl\":\"https:\/\/mon-taux.com\/blog\/wp-content\/uploads\/2015\/09\/assurance-frontalier.png\",\"keywords\":[\"Bon conseil\"],\"articleSection\":[\"Assurances Sant\u00e9\"],\"inLanguage\":\"fr-FR\"},{\"@type\":\"WebPage\",\"@id\":\"https:\/\/mon-taux.com\/blog\/2015\/09\/29\/assurance-frontaliers\/\",\"url\":\"https:\/\/mon-taux.com\/blog\/2015\/09\/29\/assurance-frontaliers\/\",\"name\":\"Assurance frontaliers - Mon-taux.com - Blog des experts en frontaliers\",\"isPartOf\":{\"@id\":\"https:\/\/mon-taux.com\/blog\/#website\"},\"primaryImageOfPage\":{\"@id\":\"https:\/\/mon-taux.com\/blog\/2015\/09\/29\/assurance-frontaliers\/#primaryimage\"},\"image\":{\"@id\":\"https:\/\/mon-taux.com\/blog\/2015\/09\/29\/assurance-frontaliers\/#primaryimage\"},\"thumbnailUrl\":\"https:\/\/mon-taux.com\/blog\/wp-content\/uploads\/2015\/09\/assurance-frontalier.png\",\"datePublished\":\"2015-09-29T09:26:04+00:00\",\"dateModified\":\"2021-02-09T09:02:40+00:00\",\"breadcrumb\":{\"@id\":\"https:\/\/mon-taux.com\/blog\/2015\/09\/29\/assurance-frontaliers\/#breadcrumb\"},\"inLanguage\":\"fr-FR\",\"potentialAction\":[{\"@type\":\"ReadAction\",\"target\":[\"https:\/\/mon-taux.com\/blog\/2015\/09\/29\/assurance-frontaliers\/\"]}]},{\"@type\":\"ImageObject\",\"inLanguage\":\"fr-FR\",\"@id\":\"https:\/\/mon-taux.com\/blog\/2015\/09\/29\/assurance-frontaliers\/#primaryimage\",\"url\":\"https:\/\/mon-taux.com\/blog\/wp-content\/uploads\/2015\/09\/assurance-frontalier.png\",\"contentUrl\":\"https:\/\/mon-taux.com\/blog\/wp-content\/uploads\/2015\/09\/assurance-frontalier.png\",\"width\":1024,\"height\":308},{\"@type\":\"BreadcrumbList\",\"@id\":\"https:\/\/mon-taux.com\/blog\/2015\/09\/29\/assurance-frontaliers\/#breadcrumb\",\"itemListElement\":[{\"@type\":\"ListItem\",\"position\":1,\"name\":\"Accueil\",\"item\":\"https:\/\/mon-taux.com\/blog\/\"},{\"@type\":\"ListItem\",\"position\":2,\"name\":\"Assurance frontaliers\"}]},{\"@type\":\"WebSite\",\"@id\":\"https:\/\/mon-taux.com\/blog\/#website\",\"url\":\"https:\/\/mon-taux.com\/blog\/\",\"name\":\"Mon-taux.com - Blog des experts en frontaliers\",\"description\":\"\",\"publisher\":{\"@id\":\"https:\/\/mon-taux.com\/blog\/#organization\"},\"potentialAction\":[{\"@type\":\"SearchAction\",\"target\":{\"@type\":\"EntryPoint\",\"urlTemplate\":\"https:\/\/mon-taux.com\/blog\/?s={search_term_string}\"},\"query-input\":{\"@type\":\"PropertyValueSpecification\",\"valueRequired\":true,\"valueName\":\"search_term_string\"}}],\"inLanguage\":\"fr-FR\"},{\"@type\":\"Organization\",\"@id\":\"https:\/\/mon-taux.com\/blog\/#organization\",\"name\":\"Mon-taux.com\",\"url\":\"https:\/\/mon-taux.com\/blog\/\",\"logo\":{\"@type\":\"ImageObject\",\"inLanguage\":\"fr-FR\",\"@id\":\"https:\/\/mon-taux.com\/blog\/#\/schema\/logo\/image\/\",\"url\":\"https:\/\/mon-taux.com\/blog\/wp-content\/uploads\/2020\/08\/montaux-new-logo-e1596462820847.png\",\"contentUrl\":\"https:\/\/mon-taux.com\/blog\/wp-content\/uploads\/2020\/08\/montaux-new-logo-e1596462820847.png\",\"width\":300,\"height\":172,\"caption\":\"Mon-taux.com\"},\"image\":{\"@id\":\"https:\/\/mon-taux.com\/blog\/#\/schema\/logo\/image\/\"},\"sameAs\":[\"https:\/\/www.facebook.com\/MonTauxCom.ComparateurFrontalier\",\"https:\/\/x.com\/MonTauxCom\",\"https:\/\/www.youtube.com\/channel\/UCyft978dCKAgV8DglhSW6gg\"]},{\"@type\":\"Person\",\"@id\":\"https:\/\/mon-taux.com\/blog\/#\/schema\/person\/eb2fc0bb011ccf0491cddce5683b99bc\",\"name\":\"Maryline\",\"image\":{\"@type\":\"ImageObject\",\"inLanguage\":\"fr-FR\",\"@id\":\"https:\/\/mon-taux.com\/blog\/#\/schema\/person\/image\/\",\"url\":\"https:\/\/mon-taux.com\/blog\/wp-content\/uploads\/2020\/08\/marylinedecoupee-1-150x150.png\",\"contentUrl\":\"https:\/\/mon-taux.com\/blog\/wp-content\/uploads\/2020\/08\/marylinedecoupee-1-150x150.png\",\"caption\":\"Maryline\"},\"description\":\"- 20 ans d'activit\u00e9 professionnelles sur le Pays de Gex et Haute Savoie. - Connaissance du secteur frontalier en mati\u00e8re de sant\u00e9. - Exp\u00e9rience professionnelle sur le syst\u00e8me de sant\u00e9 des frontaliers.\",\"sameAs\":[\"https:\/\/mon-taux.com\/expert\/ilassurearthur\/\"],\"url\":\"https:\/\/mon-taux.com\/blog\/author\/maryline\/\"}]}<\/script>\n<!-- \/ Yoast SEO plugin. -->","yoast_head_json":{"title":"Assurance frontaliers - Mon-taux.com - Blog des experts en frontaliers","robots":{"index":"index","follow":"follow","max-snippet":"max-snippet:-1","max-image-preview":"max-image-preview:large","max-video-preview":"max-video-preview:-1"},"canonical":"https:\/\/mon-taux.com\/blog\/2015\/09\/29\/assurance-frontaliers\/","og_locale":"fr_FR","og_type":"article","og_title":"Assurance frontaliers - Mon-taux.com - Blog des experts en frontaliers","og_description":"\u2022 3 situations peuvent se pr\u00e9senter : 1- Nouveau frontalier 2- R\u00e9sidant Suisse d\u00e9m\u00e9nageant sur France 3- Retrait\u00e9s frontaliers ayant ou non travaill\u00e9s en France &#8212;&#8212;&#8212;&#8212;&#8212;&#8212;&#8212;&#8212;&#8212;&#8212;&#8212;&#8212;&#8212;&#8212;&#8212;&#8212;&#8212;&#8212;&#8212;&#8212;&#8212;&#8212;&#8212;&#8212;&#8212;&#8212;- 1- Nouveau frontalier En tant que nouveau frontalier, vous avez un d\u00e9lai de trois mois pour choisir le lieu de votre affiliation : en Suisse \u00e0 la LAMAL ou [&hellip;]","og_url":"https:\/\/mon-taux.com\/blog\/2015\/09\/29\/assurance-frontaliers\/","og_site_name":"Mon-taux.com - Blog des experts en frontaliers","article_publisher":"https:\/\/www.facebook.com\/MonTauxCom.ComparateurFrontalier","article_published_time":"2015-09-29T09:26:04+00:00","article_modified_time":"2021-02-09T09:02:40+00:00","og_image":[{"width":1024,"height":308,"url":"https:\/\/mon-taux.com\/blog\/wp-content\/uploads\/2015\/09\/assurance-frontalier.png","type":"image\/png"}],"author":"Maryline","twitter_card":"summary_large_image","twitter_creator":"@MonTauxCom","twitter_site":"@MonTauxCom","twitter_misc":{"\u00c9crit par":"Maryline","Dur\u00e9e de lecture estim\u00e9e":"3 minutes"},"schema":{"@context":"https:\/\/schema.org","@graph":[{"@type":"Article","@id":"https:\/\/mon-taux.com\/blog\/2015\/09\/29\/assurance-frontaliers\/#article","isPartOf":{"@id":"https:\/\/mon-taux.com\/blog\/2015\/09\/29\/assurance-frontaliers\/"},"author":{"name":"Maryline","@id":"https:\/\/mon-taux.com\/blog\/#\/schema\/person\/eb2fc0bb011ccf0491cddce5683b99bc"},"headline":"Assurance frontaliers","datePublished":"2015-09-29T09:26:04+00:00","dateModified":"2021-02-09T09:02:40+00:00","mainEntityOfPage":{"@id":"https:\/\/mon-taux.com\/blog\/2015\/09\/29\/assurance-frontaliers\/"},"wordCount":510,"publisher":{"@id":"https:\/\/mon-taux.com\/blog\/#organization"},"image":{"@id":"https:\/\/mon-taux.com\/blog\/2015\/09\/29\/assurance-frontaliers\/#primaryimage"},"thumbnailUrl":"https:\/\/mon-taux.com\/blog\/wp-content\/uploads\/2015\/09\/assurance-frontalier.png","keywords":["Bon conseil"],"articleSection":["Assurances Sant\u00e9"],"inLanguage":"fr-FR"},{"@type":"WebPage","@id":"https:\/\/mon-taux.com\/blog\/2015\/09\/29\/assurance-frontaliers\/","url":"https:\/\/mon-taux.com\/blog\/2015\/09\/29\/assurance-frontaliers\/","name":"Assurance frontaliers - Mon-taux.com - Blog des experts en frontaliers","isPartOf":{"@id":"https:\/\/mon-taux.com\/blog\/#website"},"primaryImageOfPage":{"@id":"https:\/\/mon-taux.com\/blog\/2015\/09\/29\/assurance-frontaliers\/#primaryimage"},"image":{"@id":"https:\/\/mon-taux.com\/blog\/2015\/09\/29\/assurance-frontaliers\/#primaryimage"},"thumbnailUrl":"https:\/\/mon-taux.com\/blog\/wp-content\/uploads\/2015\/09\/assurance-frontalier.png","datePublished":"2015-09-29T09:26:04+00:00","dateModified":"2021-02-09T09:02:40+00:00","breadcrumb":{"@id":"https:\/\/mon-taux.com\/blog\/2015\/09\/29\/assurance-frontaliers\/#breadcrumb"},"inLanguage":"fr-FR","potentialAction":[{"@type":"ReadAction","target":["https:\/\/mon-taux.com\/blog\/2015\/09\/29\/assurance-frontaliers\/"]}]},{"@type":"ImageObject","inLanguage":"fr-FR","@id":"https:\/\/mon-taux.com\/blog\/2015\/09\/29\/assurance-frontaliers\/#primaryimage","url":"https:\/\/mon-taux.com\/blog\/wp-content\/uploads\/2015\/09\/assurance-frontalier.png","contentUrl":"https:\/\/mon-taux.com\/blog\/wp-content\/uploads\/2015\/09\/assurance-frontalier.png","width":1024,"height":308},{"@type":"BreadcrumbList","@id":"https:\/\/mon-taux.com\/blog\/2015\/09\/29\/assurance-frontaliers\/#breadcrumb","itemListElement":[{"@type":"ListItem","position":1,"name":"Accueil","item":"https:\/\/mon-taux.com\/blog\/"},{"@type":"ListItem","position":2,"name":"Assurance frontaliers"}]},{"@type":"WebSite","@id":"https:\/\/mon-taux.com\/blog\/#website","url":"https:\/\/mon-taux.com\/blog\/","name":"Mon-taux.com - Blog des experts en frontaliers","description":"","publisher":{"@id":"https:\/\/mon-taux.com\/blog\/#organization"},"potentialAction":[{"@type":"SearchAction","target":{"@type":"EntryPoint","urlTemplate":"https:\/\/mon-taux.com\/blog\/?s={search_term_string}"},"query-input":{"@type":"PropertyValueSpecification","valueRequired":true,"valueName":"search_term_string"}}],"inLanguage":"fr-FR"},{"@type":"Organization","@id":"https:\/\/mon-taux.com\/blog\/#organization","name":"Mon-taux.com","url":"https:\/\/mon-taux.com\/blog\/","logo":{"@type":"ImageObject","inLanguage":"fr-FR","@id":"https:\/\/mon-taux.com\/blog\/#\/schema\/logo\/image\/","url":"https:\/\/mon-taux.com\/blog\/wp-content\/uploads\/2020\/08\/montaux-new-logo-e1596462820847.png","contentUrl":"https:\/\/mon-taux.com\/blog\/wp-content\/uploads\/2020\/08\/montaux-new-logo-e1596462820847.png","width":300,"height":172,"caption":"Mon-taux.com"},"image":{"@id":"https:\/\/mon-taux.com\/blog\/#\/schema\/logo\/image\/"},"sameAs":["https:\/\/www.facebook.com\/MonTauxCom.ComparateurFrontalier","https:\/\/x.com\/MonTauxCom","https:\/\/www.youtube.com\/channel\/UCyft978dCKAgV8DglhSW6gg"]},{"@type":"Person","@id":"https:\/\/mon-taux.com\/blog\/#\/schema\/person\/eb2fc0bb011ccf0491cddce5683b99bc","name":"Maryline","image":{"@type":"ImageObject","inLanguage":"fr-FR","@id":"https:\/\/mon-taux.com\/blog\/#\/schema\/person\/image\/","url":"https:\/\/mon-taux.com\/blog\/wp-content\/uploads\/2020\/08\/marylinedecoupee-1-150x150.png","contentUrl":"https:\/\/mon-taux.com\/blog\/wp-content\/uploads\/2020\/08\/marylinedecoupee-1-150x150.png","caption":"Maryline"},"description":"- 20 ans d'activit\u00e9 professionnelles sur le Pays de Gex et Haute Savoie. - Connaissance du secteur frontalier en mati\u00e8re de sant\u00e9. - Exp\u00e9rience professionnelle sur le syst\u00e8me de sant\u00e9 des frontaliers.","sameAs":["https:\/\/mon-taux.com\/expert\/ilassurearthur\/"],"url":"https:\/\/mon-taux.com\/blog\/author\/maryline\/"}]}},"_links":{"self":[{"href":"https:\/\/mon-taux.com\/blog\/wp-json\/wp\/v2\/posts\/8466","targetHints":{"allow":["GET"]}}],"collection":[{"href":"https:\/\/mon-taux.com\/blog\/wp-json\/wp\/v2\/posts"}],"about":[{"href":"https:\/\/mon-taux.com\/blog\/wp-json\/wp\/v2\/types\/post"}],"author":[{"embeddable":true,"href":"https:\/\/mon-taux.com\/blog\/wp-json\/wp\/v2\/users\/3"}],"replies":[{"embeddable":true,"href":"https:\/\/mon-taux.com\/blog\/wp-json\/wp\/v2\/comments?post=8466"}],"version-history":[{"count":5,"href":"https:\/\/mon-taux.com\/blog\/wp-json\/wp\/v2\/posts\/8466\/revisions"}],"predecessor-version":[{"id":34560,"href":"https:\/\/mon-taux.com\/blog\/wp-json\/wp\/v2\/posts\/8466\/revisions\/34560"}],"wp:featuredmedia":[{"embeddable":true,"href":"https:\/\/mon-taux.com\/blog\/wp-json\/wp\/v2\/media\/34561"}],"wp:attachment":[{"href":"https:\/\/mon-taux.com\/blog\/wp-json\/wp\/v2\/media?parent=8466"}],"wp:term":[{"taxonomy":"category","embeddable":true,"href":"https:\/\/mon-taux.com\/blog\/wp-json\/wp\/v2\/categories?post=8466"},{"taxonomy":"post_tag","embeddable":true,"href":"https:\/\/mon-taux.com\/blog\/wp-json\/wp\/v2\/tags?post=8466"}],"curies":[{"name":"wp","href":"https:\/\/api.w.org\/{rel}","templated":true}]}}