{"id":8370,"date":"2014-09-03T13:55:39","date_gmt":"2014-09-03T11:55:39","guid":{"rendered":"https:\/\/mon-taux-de-change.com\/?p=8370"},"modified":"2014-09-03T13:55:39","modified_gmt":"2014-09-03T11:55:39","slug":"03092014-credit-immobilier-les-taux-nont-jamais-ete-si-bas","status":"publish","type":"post","link":"https:\/\/mon-taux.com\/blog\/2014\/09\/03\/03092014-credit-immobilier-les-taux-nont-jamais-ete-si-bas\/","title":{"rendered":"03\/09\/2014 Cr\u00e9dit immobilier, les taux n\u2019ont jamais \u00e9t\u00e9 si bas !"},"content":{"rendered":"<p><img loading=\"lazy\" decoding=\"async\" class=\"alignleft size-full wp-image-31293\" src=\"https:\/\/mon-taux-de-change.com\/wp-content\/uploads\/2014\/09\/baisse_taux_immo.jpg\" alt=\"\" width=\"346\" height=\"346\" \/><br \/>\n<span style=\"font-size: large;\"><strong>A<\/strong><\/span>lors que les banques commencent \u00e0 publier leurs conditions de taux pour le mois de septembre, un constat s\u2019impose :<strong> les taux sont au plus bas.<\/strong><br \/>\nSur le pr\u00eat en devise qui demeure le financement le plus recherch\u00e9 en zone frontali\u00e8re, nous trouvons sur 20 ans, des taux fixes inf\u00e9rieurs \u00e0 2%, soit actuellement 1.91% alors que sur 25 ans, pour un dossier avec un apport sup\u00e9rieur \u00e0 10%, nous pouvons n\u00e9gocier des taux fixes inf\u00e9rieurs \u00e0 2.30%. La baisse est encore plus significative sur les dur\u00e9es courtes ( 15 ans et moins), cela offre de belles opportunit\u00e9s pour ren\u00e9gocier son cr\u00e9dit immobilier.<br \/>\nLes taux cap\u00e9 pr\u00e9sentent \u00e0 nouveau de l\u2019int\u00e9r\u00eat sur les dur\u00e9es longues ou nous arrivons \u00e0 n\u00e9gocie,r pour un dossier avec un apport sup\u00e9rieur \u00e0 10%, un taux de d\u00e9part \u00e0 1.55% cap\u00e9 + 1.<br \/>\nLes conditions d\u2019assurances li\u00e9es au cr\u00e9dit pouvant repr\u00e9senter jusqu\u2019\u00e0 30% du co\u00fbt total du cr\u00e9dit, il convient de ne pas se focaliser que sur le taux du cr\u00e9dit immobilier, mais tenir compte du co\u00fbt total ( montant des int\u00e9r\u00eats, prix de l\u2019assurance, les frais de dossiers et les frais de garantie). Le recours \u00e0 un courtier en cr\u00e9dit prend tout son sens pour \u00e9tablir ce comparatif.<br \/>\n<span style=\"color: #800080;\"><strong>REN\u00c9GOCIER VOTRE CR\u00c9DIT IMMOBILIER EN FRANCS SUISSES !<\/strong><\/span><br \/>\nApr\u00e8s la pluie, le beau temps ! Avec la baisse des taux d\u2019int\u00e9r\u00eats, voil\u00e0 une magnifique opportunit\u00e9 pour les frontaliers qui ont contract\u00e9 un cr\u00e9dit ces derni\u00e8res ann\u00e9es pour r\u00e9duire le cout de leur emprunt.\u00a0 En ren\u00e9gociant votre pr\u00eat en devise, vous allez pouvoir r\u00e9duire le montant de vos mensualit\u00e9s tout en r\u00e9duisant la dur\u00e9e de votre cr\u00e9dit. Dans un dossier r\u00e9cent, nos clients avaient contract\u00e9 un pr\u00eat en devise sur 25 ans \u00e0 2.95% pour un montant de 517\u2019000 \u20ac. Compte tenu de leur dossier, nous avons pu obtenir un nouveau financement sur 20 ans \u00e0 2.05% avec de nouvelles conditions d\u2019assurances. P\u00e9nalit\u00e9s et frais inclus, nos clients vont \u00e9conomiser 74\u2019000 \u20ac ! Soit largement de quoi amortir le co\u00fbt de la CMU !<\/p>\n","protected":false},"excerpt":{"rendered":"<p>Alors que les banques commencent \u00e0 publier leurs conditions de taux pour le mois de septembre, un constat s\u2019impose : les taux sont au plus bas. Sur le pr\u00eat en devise qui demeure le financement le plus recherch\u00e9 en zone frontali\u00e8re, nous trouvons sur 20 ans, des taux fixes inf\u00e9rieurs \u00e0 2%, soit actuellement 1.91% [&hellip;]<\/p>\n","protected":false},"author":2,"featured_media":31293,"comment_status":"open","ping_status":"open","sticky":false,"template":"","format":"standard","meta":{"footnotes":""},"categories":[5],"tags":[],"class_list":{"0":"post-8370","1":"post","2":"type-post","3":"status-publish","4":"format-standard","5":"has-post-thumbnail","7":"category-immobilier-actualites","8":"czr-hentry"},"yoast_head":"<!-- This site is optimized with the Yoast SEO plugin v25.8 - https:\/\/yoast.com\/wordpress\/plugins\/seo\/ -->\n<title>03\/09\/2014 Cr\u00e9dit immobilier, les taux n\u2019ont jamais \u00e9t\u00e9 si bas ! - Mon-taux.com - Blog des experts en frontaliers<\/title>\n<meta name=\"robots\" content=\"index, follow, max-snippet:-1, max-image-preview:large, max-video-preview:-1\" \/>\n<link rel=\"canonical\" href=\"https:\/\/mon-taux.com\/blog\/2014\/09\/03\/03092014-credit-immobilier-les-taux-nont-jamais-ete-si-bas\/\" \/>\n<meta property=\"og:locale\" content=\"fr_FR\" \/>\n<meta property=\"og:type\" content=\"article\" \/>\n<meta property=\"og:title\" content=\"03\/09\/2014 Cr\u00e9dit immobilier, les taux n\u2019ont jamais \u00e9t\u00e9 si bas ! - Mon-taux.com - Blog des experts en frontaliers\" \/>\n<meta property=\"og:description\" content=\"Alors que les banques commencent \u00e0 publier leurs conditions de taux pour le mois de septembre, un constat s\u2019impose : les taux sont au plus bas. Sur le pr\u00eat en devise qui demeure le financement le plus recherch\u00e9 en zone frontali\u00e8re, nous trouvons sur 20 ans, des taux fixes inf\u00e9rieurs \u00e0 2%, soit actuellement 1.91% [&hellip;]\" \/>\n<meta property=\"og:url\" content=\"https:\/\/mon-taux.com\/blog\/2014\/09\/03\/03092014-credit-immobilier-les-taux-nont-jamais-ete-si-bas\/\" \/>\n<meta property=\"og:site_name\" content=\"Mon-taux.com - Blog des experts en frontaliers\" \/>\n<meta property=\"article:publisher\" content=\"https:\/\/www.facebook.com\/MonTauxCom.ComparateurFrontalier\" \/>\n<meta property=\"article:published_time\" content=\"2014-09-03T11:55:39+00:00\" \/>\n<meta property=\"og:image\" content=\"https:\/\/mon-taux.com\/blog\/wp-content\/uploads\/2014\/09\/baisse_taux_immo-1.jpg\" \/>\n\t<meta property=\"og:image:width\" content=\"346\" \/>\n\t<meta property=\"og:image:height\" content=\"346\" \/>\n\t<meta property=\"og:image:type\" content=\"image\/jpeg\" \/>\n<meta name=\"author\" content=\"montaux\" \/>\n<meta name=\"twitter:card\" content=\"summary_large_image\" \/>\n<meta name=\"twitter:creator\" content=\"@MonTauxCom\" \/>\n<meta name=\"twitter:site\" content=\"@MonTauxCom\" \/>\n<meta name=\"twitter:label1\" content=\"\u00c9crit par\" \/>\n\t<meta name=\"twitter:data1\" content=\"montaux\" \/>\n\t<meta name=\"twitter:label2\" content=\"Dur\u00e9e de lecture estim\u00e9e\" \/>\n\t<meta name=\"twitter:data2\" content=\"2 minutes\" \/>\n<script type=\"application\/ld+json\" class=\"yoast-schema-graph\">{\"@context\":\"https:\/\/schema.org\",\"@graph\":[{\"@type\":\"Article\",\"@id\":\"https:\/\/mon-taux.com\/blog\/2014\/09\/03\/03092014-credit-immobilier-les-taux-nont-jamais-ete-si-bas\/#article\",\"isPartOf\":{\"@id\":\"https:\/\/mon-taux.com\/blog\/2014\/09\/03\/03092014-credit-immobilier-les-taux-nont-jamais-ete-si-bas\/\"},\"author\":{\"name\":\"montaux\",\"@id\":\"https:\/\/mon-taux.com\/blog\/#\/schema\/person\/bfe88bfabe109e312d4cd786a3dfe66f\"},\"headline\":\"03\/09\/2014 Cr\u00e9dit immobilier, les taux n\u2019ont jamais \u00e9t\u00e9 si bas !\",\"datePublished\":\"2014-09-03T11:55:39+00:00\",\"mainEntityOfPage\":{\"@id\":\"https:\/\/mon-taux.com\/blog\/2014\/09\/03\/03092014-credit-immobilier-les-taux-nont-jamais-ete-si-bas\/\"},\"wordCount\":366,\"commentCount\":0,\"publisher\":{\"@id\":\"https:\/\/mon-taux.com\/blog\/#organization\"},\"image\":{\"@id\":\"https:\/\/mon-taux.com\/blog\/2014\/09\/03\/03092014-credit-immobilier-les-taux-nont-jamais-ete-si-bas\/#primaryimage\"},\"thumbnailUrl\":\"https:\/\/mon-taux.com\/blog\/wp-content\/uploads\/2014\/09\/baisse_taux_immo-1.jpg\",\"articleSection\":[\"Cr\u00e9dit Immobilier\"],\"inLanguage\":\"fr-FR\",\"potentialAction\":[{\"@type\":\"CommentAction\",\"name\":\"Comment\",\"target\":[\"https:\/\/mon-taux.com\/blog\/2014\/09\/03\/03092014-credit-immobilier-les-taux-nont-jamais-ete-si-bas\/#respond\"]}]},{\"@type\":\"WebPage\",\"@id\":\"https:\/\/mon-taux.com\/blog\/2014\/09\/03\/03092014-credit-immobilier-les-taux-nont-jamais-ete-si-bas\/\",\"url\":\"https:\/\/mon-taux.com\/blog\/2014\/09\/03\/03092014-credit-immobilier-les-taux-nont-jamais-ete-si-bas\/\",\"name\":\"03\/09\/2014 Cr\u00e9dit immobilier, les taux n\u2019ont jamais \u00e9t\u00e9 si bas ! - Mon-taux.com - Blog des experts en frontaliers\",\"isPartOf\":{\"@id\":\"https:\/\/mon-taux.com\/blog\/#website\"},\"primaryImageOfPage\":{\"@id\":\"https:\/\/mon-taux.com\/blog\/2014\/09\/03\/03092014-credit-immobilier-les-taux-nont-jamais-ete-si-bas\/#primaryimage\"},\"image\":{\"@id\":\"https:\/\/mon-taux.com\/blog\/2014\/09\/03\/03092014-credit-immobilier-les-taux-nont-jamais-ete-si-bas\/#primaryimage\"},\"thumbnailUrl\":\"https:\/\/mon-taux.com\/blog\/wp-content\/uploads\/2014\/09\/baisse_taux_immo-1.jpg\",\"datePublished\":\"2014-09-03T11:55:39+00:00\",\"breadcrumb\":{\"@id\":\"https:\/\/mon-taux.com\/blog\/2014\/09\/03\/03092014-credit-immobilier-les-taux-nont-jamais-ete-si-bas\/#breadcrumb\"},\"inLanguage\":\"fr-FR\",\"potentialAction\":[{\"@type\":\"ReadAction\",\"target\":[\"https:\/\/mon-taux.com\/blog\/2014\/09\/03\/03092014-credit-immobilier-les-taux-nont-jamais-ete-si-bas\/\"]}]},{\"@type\":\"ImageObject\",\"inLanguage\":\"fr-FR\",\"@id\":\"https:\/\/mon-taux.com\/blog\/2014\/09\/03\/03092014-credit-immobilier-les-taux-nont-jamais-ete-si-bas\/#primaryimage\",\"url\":\"https:\/\/mon-taux.com\/blog\/wp-content\/uploads\/2014\/09\/baisse_taux_immo-1.jpg\",\"contentUrl\":\"https:\/\/mon-taux.com\/blog\/wp-content\/uploads\/2014\/09\/baisse_taux_immo-1.jpg\",\"width\":346,\"height\":346},{\"@type\":\"BreadcrumbList\",\"@id\":\"https:\/\/mon-taux.com\/blog\/2014\/09\/03\/03092014-credit-immobilier-les-taux-nont-jamais-ete-si-bas\/#breadcrumb\",\"itemListElement\":[{\"@type\":\"ListItem\",\"position\":1,\"name\":\"Accueil\",\"item\":\"https:\/\/mon-taux.com\/blog\/\"},{\"@type\":\"ListItem\",\"position\":2,\"name\":\"03\/09\/2014 Cr\u00e9dit immobilier, les taux n\u2019ont jamais \u00e9t\u00e9 si bas !\"}]},{\"@type\":\"WebSite\",\"@id\":\"https:\/\/mon-taux.com\/blog\/#website\",\"url\":\"https:\/\/mon-taux.com\/blog\/\",\"name\":\"Mon-taux.com - Blog des experts en frontaliers\",\"description\":\"\",\"publisher\":{\"@id\":\"https:\/\/mon-taux.com\/blog\/#organization\"},\"potentialAction\":[{\"@type\":\"SearchAction\",\"target\":{\"@type\":\"EntryPoint\",\"urlTemplate\":\"https:\/\/mon-taux.com\/blog\/?s={search_term_string}\"},\"query-input\":{\"@type\":\"PropertyValueSpecification\",\"valueRequired\":true,\"valueName\":\"search_term_string\"}}],\"inLanguage\":\"fr-FR\"},{\"@type\":\"Organization\",\"@id\":\"https:\/\/mon-taux.com\/blog\/#organization\",\"name\":\"Mon-taux.com\",\"url\":\"https:\/\/mon-taux.com\/blog\/\",\"logo\":{\"@type\":\"ImageObject\",\"inLanguage\":\"fr-FR\",\"@id\":\"https:\/\/mon-taux.com\/blog\/#\/schema\/logo\/image\/\",\"url\":\"https:\/\/mon-taux.com\/blog\/wp-content\/uploads\/2020\/08\/montaux-new-logo-e1596462820847.png\",\"contentUrl\":\"https:\/\/mon-taux.com\/blog\/wp-content\/uploads\/2020\/08\/montaux-new-logo-e1596462820847.png\",\"width\":300,\"height\":172,\"caption\":\"Mon-taux.com\"},\"image\":{\"@id\":\"https:\/\/mon-taux.com\/blog\/#\/schema\/logo\/image\/\"},\"sameAs\":[\"https:\/\/www.facebook.com\/MonTauxCom.ComparateurFrontalier\",\"https:\/\/x.com\/MonTauxCom\",\"https:\/\/www.youtube.com\/channel\/UCyft978dCKAgV8DglhSW6gg\"]},{\"@type\":\"Person\",\"@id\":\"https:\/\/mon-taux.com\/blog\/#\/schema\/person\/bfe88bfabe109e312d4cd786a3dfe66f\",\"name\":\"montaux\",\"image\":{\"@type\":\"ImageObject\",\"inLanguage\":\"fr-FR\",\"@id\":\"https:\/\/mon-taux.com\/blog\/#\/schema\/person\/image\/\",\"url\":\"https:\/\/mon-taux.com\/blog\/wp-content\/uploads\/2020\/08\/favicon2-150x150.png\",\"contentUrl\":\"https:\/\/mon-taux.com\/blog\/wp-content\/uploads\/2020\/08\/favicon2-150x150.png\",\"caption\":\"montaux\"},\"sameAs\":[\"https:\/\/mon-taux.com\"],\"url\":\"https:\/\/mon-taux.com\/blog\/author\/montaux\/\"}]}<\/script>\n<!-- \/ Yoast SEO plugin. -->","yoast_head_json":{"title":"03\/09\/2014 Cr\u00e9dit immobilier, les taux n\u2019ont jamais \u00e9t\u00e9 si bas ! - Mon-taux.com - Blog des experts en frontaliers","robots":{"index":"index","follow":"follow","max-snippet":"max-snippet:-1","max-image-preview":"max-image-preview:large","max-video-preview":"max-video-preview:-1"},"canonical":"https:\/\/mon-taux.com\/blog\/2014\/09\/03\/03092014-credit-immobilier-les-taux-nont-jamais-ete-si-bas\/","og_locale":"fr_FR","og_type":"article","og_title":"03\/09\/2014 Cr\u00e9dit immobilier, les taux n\u2019ont jamais \u00e9t\u00e9 si bas ! - Mon-taux.com - Blog des experts en frontaliers","og_description":"Alors que les banques commencent \u00e0 publier leurs conditions de taux pour le mois de septembre, un constat s\u2019impose : les taux sont au plus bas. Sur le pr\u00eat en devise qui demeure le financement le plus recherch\u00e9 en zone frontali\u00e8re, nous trouvons sur 20 ans, des taux fixes inf\u00e9rieurs \u00e0 2%, soit actuellement 1.91% [&hellip;]","og_url":"https:\/\/mon-taux.com\/blog\/2014\/09\/03\/03092014-credit-immobilier-les-taux-nont-jamais-ete-si-bas\/","og_site_name":"Mon-taux.com - Blog des experts en frontaliers","article_publisher":"https:\/\/www.facebook.com\/MonTauxCom.ComparateurFrontalier","article_published_time":"2014-09-03T11:55:39+00:00","og_image":[{"width":346,"height":346,"url":"https:\/\/mon-taux.com\/blog\/wp-content\/uploads\/2014\/09\/baisse_taux_immo-1.jpg","type":"image\/jpeg"}],"author":"montaux","twitter_card":"summary_large_image","twitter_creator":"@MonTauxCom","twitter_site":"@MonTauxCom","twitter_misc":{"\u00c9crit par":"montaux","Dur\u00e9e de lecture estim\u00e9e":"2 minutes"},"schema":{"@context":"https:\/\/schema.org","@graph":[{"@type":"Article","@id":"https:\/\/mon-taux.com\/blog\/2014\/09\/03\/03092014-credit-immobilier-les-taux-nont-jamais-ete-si-bas\/#article","isPartOf":{"@id":"https:\/\/mon-taux.com\/blog\/2014\/09\/03\/03092014-credit-immobilier-les-taux-nont-jamais-ete-si-bas\/"},"author":{"name":"montaux","@id":"https:\/\/mon-taux.com\/blog\/#\/schema\/person\/bfe88bfabe109e312d4cd786a3dfe66f"},"headline":"03\/09\/2014 Cr\u00e9dit immobilier, les taux n\u2019ont jamais \u00e9t\u00e9 si bas !","datePublished":"2014-09-03T11:55:39+00:00","mainEntityOfPage":{"@id":"https:\/\/mon-taux.com\/blog\/2014\/09\/03\/03092014-credit-immobilier-les-taux-nont-jamais-ete-si-bas\/"},"wordCount":366,"commentCount":0,"publisher":{"@id":"https:\/\/mon-taux.com\/blog\/#organization"},"image":{"@id":"https:\/\/mon-taux.com\/blog\/2014\/09\/03\/03092014-credit-immobilier-les-taux-nont-jamais-ete-si-bas\/#primaryimage"},"thumbnailUrl":"https:\/\/mon-taux.com\/blog\/wp-content\/uploads\/2014\/09\/baisse_taux_immo-1.jpg","articleSection":["Cr\u00e9dit Immobilier"],"inLanguage":"fr-FR","potentialAction":[{"@type":"CommentAction","name":"Comment","target":["https:\/\/mon-taux.com\/blog\/2014\/09\/03\/03092014-credit-immobilier-les-taux-nont-jamais-ete-si-bas\/#respond"]}]},{"@type":"WebPage","@id":"https:\/\/mon-taux.com\/blog\/2014\/09\/03\/03092014-credit-immobilier-les-taux-nont-jamais-ete-si-bas\/","url":"https:\/\/mon-taux.com\/blog\/2014\/09\/03\/03092014-credit-immobilier-les-taux-nont-jamais-ete-si-bas\/","name":"03\/09\/2014 Cr\u00e9dit immobilier, les taux n\u2019ont jamais \u00e9t\u00e9 si bas ! - Mon-taux.com - Blog des experts en frontaliers","isPartOf":{"@id":"https:\/\/mon-taux.com\/blog\/#website"},"primaryImageOfPage":{"@id":"https:\/\/mon-taux.com\/blog\/2014\/09\/03\/03092014-credit-immobilier-les-taux-nont-jamais-ete-si-bas\/#primaryimage"},"image":{"@id":"https:\/\/mon-taux.com\/blog\/2014\/09\/03\/03092014-credit-immobilier-les-taux-nont-jamais-ete-si-bas\/#primaryimage"},"thumbnailUrl":"https:\/\/mon-taux.com\/blog\/wp-content\/uploads\/2014\/09\/baisse_taux_immo-1.jpg","datePublished":"2014-09-03T11:55:39+00:00","breadcrumb":{"@id":"https:\/\/mon-taux.com\/blog\/2014\/09\/03\/03092014-credit-immobilier-les-taux-nont-jamais-ete-si-bas\/#breadcrumb"},"inLanguage":"fr-FR","potentialAction":[{"@type":"ReadAction","target":["https:\/\/mon-taux.com\/blog\/2014\/09\/03\/03092014-credit-immobilier-les-taux-nont-jamais-ete-si-bas\/"]}]},{"@type":"ImageObject","inLanguage":"fr-FR","@id":"https:\/\/mon-taux.com\/blog\/2014\/09\/03\/03092014-credit-immobilier-les-taux-nont-jamais-ete-si-bas\/#primaryimage","url":"https:\/\/mon-taux.com\/blog\/wp-content\/uploads\/2014\/09\/baisse_taux_immo-1.jpg","contentUrl":"https:\/\/mon-taux.com\/blog\/wp-content\/uploads\/2014\/09\/baisse_taux_immo-1.jpg","width":346,"height":346},{"@type":"BreadcrumbList","@id":"https:\/\/mon-taux.com\/blog\/2014\/09\/03\/03092014-credit-immobilier-les-taux-nont-jamais-ete-si-bas\/#breadcrumb","itemListElement":[{"@type":"ListItem","position":1,"name":"Accueil","item":"https:\/\/mon-taux.com\/blog\/"},{"@type":"ListItem","position":2,"name":"03\/09\/2014 Cr\u00e9dit immobilier, les taux n\u2019ont jamais \u00e9t\u00e9 si bas !"}]},{"@type":"WebSite","@id":"https:\/\/mon-taux.com\/blog\/#website","url":"https:\/\/mon-taux.com\/blog\/","name":"Mon-taux.com - Blog des experts en frontaliers","description":"","publisher":{"@id":"https:\/\/mon-taux.com\/blog\/#organization"},"potentialAction":[{"@type":"SearchAction","target":{"@type":"EntryPoint","urlTemplate":"https:\/\/mon-taux.com\/blog\/?s={search_term_string}"},"query-input":{"@type":"PropertyValueSpecification","valueRequired":true,"valueName":"search_term_string"}}],"inLanguage":"fr-FR"},{"@type":"Organization","@id":"https:\/\/mon-taux.com\/blog\/#organization","name":"Mon-taux.com","url":"https:\/\/mon-taux.com\/blog\/","logo":{"@type":"ImageObject","inLanguage":"fr-FR","@id":"https:\/\/mon-taux.com\/blog\/#\/schema\/logo\/image\/","url":"https:\/\/mon-taux.com\/blog\/wp-content\/uploads\/2020\/08\/montaux-new-logo-e1596462820847.png","contentUrl":"https:\/\/mon-taux.com\/blog\/wp-content\/uploads\/2020\/08\/montaux-new-logo-e1596462820847.png","width":300,"height":172,"caption":"Mon-taux.com"},"image":{"@id":"https:\/\/mon-taux.com\/blog\/#\/schema\/logo\/image\/"},"sameAs":["https:\/\/www.facebook.com\/MonTauxCom.ComparateurFrontalier","https:\/\/x.com\/MonTauxCom","https:\/\/www.youtube.com\/channel\/UCyft978dCKAgV8DglhSW6gg"]},{"@type":"Person","@id":"https:\/\/mon-taux.com\/blog\/#\/schema\/person\/bfe88bfabe109e312d4cd786a3dfe66f","name":"montaux","image":{"@type":"ImageObject","inLanguage":"fr-FR","@id":"https:\/\/mon-taux.com\/blog\/#\/schema\/person\/image\/","url":"https:\/\/mon-taux.com\/blog\/wp-content\/uploads\/2020\/08\/favicon2-150x150.png","contentUrl":"https:\/\/mon-taux.com\/blog\/wp-content\/uploads\/2020\/08\/favicon2-150x150.png","caption":"montaux"},"sameAs":["https:\/\/mon-taux.com"],"url":"https:\/\/mon-taux.com\/blog\/author\/montaux\/"}]}},"_links":{"self":[{"href":"https:\/\/mon-taux.com\/blog\/wp-json\/wp\/v2\/posts\/8370","targetHints":{"allow":["GET"]}}],"collection":[{"href":"https:\/\/mon-taux.com\/blog\/wp-json\/wp\/v2\/posts"}],"about":[{"href":"https:\/\/mon-taux.com\/blog\/wp-json\/wp\/v2\/types\/post"}],"author":[{"embeddable":true,"href":"https:\/\/mon-taux.com\/blog\/wp-json\/wp\/v2\/users\/2"}],"replies":[{"embeddable":true,"href":"https:\/\/mon-taux.com\/blog\/wp-json\/wp\/v2\/comments?post=8370"}],"version-history":[{"count":0,"href":"https:\/\/mon-taux.com\/blog\/wp-json\/wp\/v2\/posts\/8370\/revisions"}],"wp:featuredmedia":[{"embeddable":true,"href":"https:\/\/mon-taux.com\/blog\/wp-json\/wp\/v2\/media\/31293"}],"wp:attachment":[{"href":"https:\/\/mon-taux.com\/blog\/wp-json\/wp\/v2\/media?parent=8370"}],"wp:term":[{"taxonomy":"category","embeddable":true,"href":"https:\/\/mon-taux.com\/blog\/wp-json\/wp\/v2\/categories?post=8370"},{"taxonomy":"post_tag","embeddable":true,"href":"https:\/\/mon-taux.com\/blog\/wp-json\/wp\/v2\/tags?post=8370"}],"curies":[{"name":"wp","href":"https:\/\/api.w.org\/{rel}","templated":true}]}}