{"id":7668,"date":"2013-11-18T15:52:11","date_gmt":"2013-11-18T14:52:11","guid":{"rendered":"https:\/\/mon-taux-de-change.com\/?p=7668"},"modified":"2013-11-18T15:52:11","modified_gmt":"2013-11-18T14:52:11","slug":"18112013-au-fond-ou-au-plafond","status":"publish","type":"post","link":"https:\/\/mon-taux.com\/blog\/2013\/11\/18\/18112013-au-fond-ou-au-plafond\/","title":{"rendered":"18\/11\/2013 &#8211; Au fond ou au plafond"},"content":{"rendered":"<p dir=\"ltr\"><img loading=\"lazy\" decoding=\"async\" class=\"aligncenter\" src=\"https:\/\/mon-taux-de-change.com\/wp-content\/uploads\/2013\/11\/Sans-titre.jpg\" alt=\"Au fond ou au plafond\" width=\"429\" height=\"406\" \/><\/p>\n<p dir=\"ltr\"><span style=\"font-size: large;\"><strong>P<\/strong><\/span>our le cours euro\/chf, la question ne se pose plus tellement, nous sommes habitu\u00e9s \u00e0 voir l\u2019euro autour de 1.23 CHF, sans trop s\u2019\u00e9loigner du cours plancher de 1.20 fix\u00e9 par la BNS . Sans vouloir plomber l\u2019ambiance, la situation \u00e9conomique et les niveaux de ch\u00f4mage sont tellement mauvais en Europe que le franc suisse demeurera, encore pour longtemps, une monnaie recherch\u00e9e. Comme nous l\u2019annoncions il y a quelques semaines, le sc\u00e9nario du 1.23 perdurera, en tout cas jusqu\u2019\u00e0 la fin de l\u2019ann\u00e9e, et dans tout les cas, le franc demeurera durablement une monnaie forte.<\/p>\n<p dir=\"ltr\"><span style=\"color: #800080;\"><em>\u2022 Les frontaliers, \u00e7a double \u00e9norm\u00e9ment !<\/em><\/span><\/p>\n<p>Le nombre de frontaliers du bassin l\u00e9manique (Gen\u00e8ve, Vaud, Valais) a doubl\u00e9 en dix ans, passant de 44\u2019500 en 2002 \u00e0 90\u2019300 en 2012, selon une \u00e9tude de \u201cStatistique Vaud\u201d. Cette augmentation accompagne la croissance \u00e9conomique la plus forte d\u2019Europe, selon Guy Larmanjat, pr\u00e9sident du Conseil du L\u00e9man (CdL). Dans un contexte de fort repli identitaire, saluons les propos du Conseiller d\u2019Etat Vaudois, Pascal Broulis \u201con a besoin les uns des autres\u201d. \u00a0Mais que fait le MCG ?<br \/>\n<span style=\"color: #800080;\"><em>\u2022 Hollande au fond du trou ?<\/em><\/span><br \/>\nLe pr\u00e9sident fran\u00e7ais vient de battre un nouveau record d\u2019impopularit\u00e9 avec moins de 20% d\u2019opinions favorables (ou plut\u00f4t 80% d\u2019opinions d\u00e9favorables). Et si finalement c\u2019\u00e9tait sa chance ? A plus de 3 ans de l\u2019\u00e9ch\u00e9ance de son mandat, il n\u2019a plus aucune chance d\u2019\u00eatre r\u00e9\u00e9lu. Perdu pour perdu, il pourrait se lancer dans une politique de r\u00e9forme et dans l\u2019unique int\u00e9r\u00eat du pays. Et si c\u2019\u00e9tait lui l\u2019homme providentiel ? Vas-y Francois, on ne compte plus sur toi.<br \/>\n<span style=\"color: #800080;\"><em>\u2022 La CMU pour 2014, aucune chance<\/em><\/span><br \/>\nC\u2019est le propos du vice pr\u00e9sident du groupement transfrontalier europ\u00e9en, Jacques Delque, lors d\u2019une conf\u00e9rence organis\u00e9e vendredi dernier \u00e0 Archamps par BNP Paribas pour les interm\u00e9diaires en cr\u00e9dits immobiliers. Selon lui, les caisses primaires d\u2019assurance maladie fran\u00e7aises n\u2019auront tout simplement pas les effectifs, ni les moyens techniques pour mettre en oeuvre cette r\u00e9forme. Le groupement reste sur ses positions d\u2019un refus total de ce changement et envisagerait des actions plus fortes \u00a0afin d\u2019avoir un retour m\u00e9diatique plus important. En attendant, de nombreuses questions subsistent, faisant na\u00eetre d\u2019importantes inqui\u00e9tudes. En la mati\u00e8re, on a peut-\u00eatre pas encore touch\u00e9 le fond.<br \/>\n<span style=\"color: #800080;\"><em>\u2022 A fond les taux<\/em><\/span><\/p>\n<p dir=\"ltr\">La future patronne de la banque centrale am\u00e9ricaine a confirm\u00e9 la politique d\u2019injection massive de liquidit\u00e9s dans l\u2019\u00e9conomie pour relancer la croissance. L\u2019afflux de monnaie fait baisser les taux d\u2019int\u00e9r\u00eats qui demeurent \u00e0 des niveaux tr\u00e8s bas, tant pour les cr\u00e9dits en Euro qu\u2019en CHF. La p\u00e9riode actuelle demeure donc tr\u00e8s favorable pour ren\u00e9gocier son cr\u00e9dit ou acqu\u00e9rir sa r\u00e9sidence principale, d\u2019autant que le march\u00e9 immobilier semble marquer le pas.<\/p>\n<p><span style=\"color: #800080;\"><em>\u2022 A fond derri\u00e8re l\u2019\u00e9quipe de football\u2026.Suisse<\/em><\/span><br \/>\nApr\u00e8s le brillant r\u00e9sultat ramen\u00e9 d\u2019Ukraine par les footballeurs fran\u00e7ais, la chance des frontaliers est de pouvoir supporter l\u2019\u00e9quipe de leur vie professionnelle. 8 Millions d\u2019habitants et une \u00e9quipe qualifi\u00e9e haut la main et t\u00eate de s\u00e9rie pour le Br\u00e9sil. Il n\u2019y a pas qu\u2019en mati\u00e8re d\u2019\u00e9conomie que la France pourra prendre les le\u00e7ons.<\/p>\n<p dir=\"ltr\"><span style=\"color: #800080;\"><em>\u2022 Au dessus du plafond, le soleil<\/em><\/span><\/p>\n<p>Il faudra s\u2019y faire, nous sommes partis pour vivre 3 mois sous la couche de brouillard. Et cette fois, ce n\u2019est ni la faute \u00e0 Hollande, ni aux frontaliers !<br \/>\n<em>Allez, tout de bon, comme on dit chez nous !<\/em><\/p>\n","protected":false},"excerpt":{"rendered":"<p>Pour le cours euro\/chf, la question ne se pose plus tellement, nous sommes habitu\u00e9s \u00e0 voir l\u2019euro autour de 1.23 CHF, sans trop s\u2019\u00e9loigner du cours plancher de 1.20 fix\u00e9 par la BNS . Sans vouloir plomber l\u2019ambiance, la situation \u00e9conomique et les niveaux de ch\u00f4mage sont tellement mauvais en Europe que le franc suisse [&hellip;]<\/p>\n","protected":false},"author":2,"featured_media":7699,"comment_status":"open","ping_status":"open","sticky":false,"template":"","format":"standard","meta":{"footnotes":""},"categories":[22],"tags":[26],"class_list":{"0":"post-7668","1":"post","2":"type-post","3":"status-publish","4":"format-standard","5":"has-post-thumbnail","7":"category-pourquoi-le-franc-suisse-baisse-pourquoi-le-franc-suisse-monte","8":"tag-bns","9":"czr-hentry"},"yoast_head":"<!-- This site is optimized with the Yoast SEO plugin v25.8 - https:\/\/yoast.com\/wordpress\/plugins\/seo\/ -->\n<title>18\/11\/2013 - Au fond ou au plafond - Mon-taux.com - Blog des experts en frontaliers<\/title>\n<meta name=\"robots\" content=\"index, follow, max-snippet:-1, max-image-preview:large, max-video-preview:-1\" \/>\n<link rel=\"canonical\" href=\"https:\/\/mon-taux.com\/blog\/2013\/11\/18\/18112013-au-fond-ou-au-plafond\/\" \/>\n<meta property=\"og:locale\" content=\"fr_FR\" \/>\n<meta property=\"og:type\" content=\"article\" \/>\n<meta property=\"og:title\" content=\"18\/11\/2013 - Au fond ou au plafond - Mon-taux.com - Blog des experts en frontaliers\" \/>\n<meta property=\"og:description\" content=\"Pour le cours euro\/chf, la question ne se pose plus tellement, nous sommes habitu\u00e9s \u00e0 voir l\u2019euro autour de 1.23 CHF, sans trop s\u2019\u00e9loigner du cours plancher de 1.20 fix\u00e9 par la BNS . Sans vouloir plomber l\u2019ambiance, la situation \u00e9conomique et les niveaux de ch\u00f4mage sont tellement mauvais en Europe que le franc suisse [&hellip;]\" \/>\n<meta property=\"og:url\" content=\"https:\/\/mon-taux.com\/blog\/2013\/11\/18\/18112013-au-fond-ou-au-plafond\/\" \/>\n<meta property=\"og:site_name\" content=\"Mon-taux.com - Blog des experts en frontaliers\" \/>\n<meta property=\"article:publisher\" content=\"https:\/\/www.facebook.com\/MonTauxCom.ComparateurFrontalier\" \/>\n<meta property=\"article:published_time\" content=\"2013-11-18T14:52:11+00:00\" \/>\n<meta property=\"og:image\" content=\"https:\/\/mon-taux.com\/blog\/wp-content\/uploads\/2013\/11\/Sans-titre-1.jpg\" \/>\n\t<meta property=\"og:image:width\" content=\"583\" \/>\n\t<meta property=\"og:image:height\" content=\"551\" \/>\n\t<meta property=\"og:image:type\" content=\"image\/jpeg\" \/>\n<meta name=\"author\" content=\"montaux\" \/>\n<meta name=\"twitter:card\" content=\"summary_large_image\" \/>\n<meta name=\"twitter:creator\" content=\"@MonTauxCom\" \/>\n<meta name=\"twitter:site\" content=\"@MonTauxCom\" \/>\n<meta name=\"twitter:label1\" content=\"\u00c9crit par\" \/>\n\t<meta name=\"twitter:data1\" content=\"montaux\" \/>\n\t<meta name=\"twitter:label2\" content=\"Dur\u00e9e de lecture estim\u00e9e\" \/>\n\t<meta name=\"twitter:data2\" content=\"3 minutes\" \/>\n<script type=\"application\/ld+json\" class=\"yoast-schema-graph\">{\"@context\":\"https:\/\/schema.org\",\"@graph\":[{\"@type\":\"Article\",\"@id\":\"https:\/\/mon-taux.com\/blog\/2013\/11\/18\/18112013-au-fond-ou-au-plafond\/#article\",\"isPartOf\":{\"@id\":\"https:\/\/mon-taux.com\/blog\/2013\/11\/18\/18112013-au-fond-ou-au-plafond\/\"},\"author\":{\"name\":\"montaux\",\"@id\":\"https:\/\/mon-taux.com\/blog\/#\/schema\/person\/bfe88bfabe109e312d4cd786a3dfe66f\"},\"headline\":\"18\/11\/2013 &#8211; Au fond ou au plafond\",\"datePublished\":\"2013-11-18T14:52:11+00:00\",\"mainEntityOfPage\":{\"@id\":\"https:\/\/mon-taux.com\/blog\/2013\/11\/18\/18112013-au-fond-ou-au-plafond\/\"},\"wordCount\":624,\"commentCount\":2,\"publisher\":{\"@id\":\"https:\/\/mon-taux.com\/blog\/#organization\"},\"image\":{\"@id\":\"https:\/\/mon-taux.com\/blog\/2013\/11\/18\/18112013-au-fond-ou-au-plafond\/#primaryimage\"},\"thumbnailUrl\":\"https:\/\/mon-taux.com\/blog\/wp-content\/uploads\/2013\/11\/Sans-titre-1.jpg\",\"keywords\":[\"BNS\"],\"articleSection\":[\"Pourquoi le franc suisse baisse ? Pourquoi le franc suisse monte ?\"],\"inLanguage\":\"fr-FR\",\"potentialAction\":[{\"@type\":\"CommentAction\",\"name\":\"Comment\",\"target\":[\"https:\/\/mon-taux.com\/blog\/2013\/11\/18\/18112013-au-fond-ou-au-plafond\/#respond\"]}]},{\"@type\":\"WebPage\",\"@id\":\"https:\/\/mon-taux.com\/blog\/2013\/11\/18\/18112013-au-fond-ou-au-plafond\/\",\"url\":\"https:\/\/mon-taux.com\/blog\/2013\/11\/18\/18112013-au-fond-ou-au-plafond\/\",\"name\":\"18\/11\/2013 - Au fond ou au plafond - Mon-taux.com - Blog des experts en frontaliers\",\"isPartOf\":{\"@id\":\"https:\/\/mon-taux.com\/blog\/#website\"},\"primaryImageOfPage\":{\"@id\":\"https:\/\/mon-taux.com\/blog\/2013\/11\/18\/18112013-au-fond-ou-au-plafond\/#primaryimage\"},\"image\":{\"@id\":\"https:\/\/mon-taux.com\/blog\/2013\/11\/18\/18112013-au-fond-ou-au-plafond\/#primaryimage\"},\"thumbnailUrl\":\"https:\/\/mon-taux.com\/blog\/wp-content\/uploads\/2013\/11\/Sans-titre-1.jpg\",\"datePublished\":\"2013-11-18T14:52:11+00:00\",\"breadcrumb\":{\"@id\":\"https:\/\/mon-taux.com\/blog\/2013\/11\/18\/18112013-au-fond-ou-au-plafond\/#breadcrumb\"},\"inLanguage\":\"fr-FR\",\"potentialAction\":[{\"@type\":\"ReadAction\",\"target\":[\"https:\/\/mon-taux.com\/blog\/2013\/11\/18\/18112013-au-fond-ou-au-plafond\/\"]}]},{\"@type\":\"ImageObject\",\"inLanguage\":\"fr-FR\",\"@id\":\"https:\/\/mon-taux.com\/blog\/2013\/11\/18\/18112013-au-fond-ou-au-plafond\/#primaryimage\",\"url\":\"https:\/\/mon-taux.com\/blog\/wp-content\/uploads\/2013\/11\/Sans-titre-1.jpg\",\"contentUrl\":\"https:\/\/mon-taux.com\/blog\/wp-content\/uploads\/2013\/11\/Sans-titre-1.jpg\",\"width\":583,\"height\":551},{\"@type\":\"BreadcrumbList\",\"@id\":\"https:\/\/mon-taux.com\/blog\/2013\/11\/18\/18112013-au-fond-ou-au-plafond\/#breadcrumb\",\"itemListElement\":[{\"@type\":\"ListItem\",\"position\":1,\"name\":\"Accueil\",\"item\":\"https:\/\/mon-taux.com\/blog\/\"},{\"@type\":\"ListItem\",\"position\":2,\"name\":\"18\/11\/2013 &#8211; Au fond ou au plafond\"}]},{\"@type\":\"WebSite\",\"@id\":\"https:\/\/mon-taux.com\/blog\/#website\",\"url\":\"https:\/\/mon-taux.com\/blog\/\",\"name\":\"Mon-taux.com - Blog des experts en frontaliers\",\"description\":\"\",\"publisher\":{\"@id\":\"https:\/\/mon-taux.com\/blog\/#organization\"},\"potentialAction\":[{\"@type\":\"SearchAction\",\"target\":{\"@type\":\"EntryPoint\",\"urlTemplate\":\"https:\/\/mon-taux.com\/blog\/?s={search_term_string}\"},\"query-input\":{\"@type\":\"PropertyValueSpecification\",\"valueRequired\":true,\"valueName\":\"search_term_string\"}}],\"inLanguage\":\"fr-FR\"},{\"@type\":\"Organization\",\"@id\":\"https:\/\/mon-taux.com\/blog\/#organization\",\"name\":\"Mon-taux.com\",\"url\":\"https:\/\/mon-taux.com\/blog\/\",\"logo\":{\"@type\":\"ImageObject\",\"inLanguage\":\"fr-FR\",\"@id\":\"https:\/\/mon-taux.com\/blog\/#\/schema\/logo\/image\/\",\"url\":\"https:\/\/mon-taux.com\/blog\/wp-content\/uploads\/2020\/08\/montaux-new-logo-e1596462820847.png\",\"contentUrl\":\"https:\/\/mon-taux.com\/blog\/wp-content\/uploads\/2020\/08\/montaux-new-logo-e1596462820847.png\",\"width\":300,\"height\":172,\"caption\":\"Mon-taux.com\"},\"image\":{\"@id\":\"https:\/\/mon-taux.com\/blog\/#\/schema\/logo\/image\/\"},\"sameAs\":[\"https:\/\/www.facebook.com\/MonTauxCom.ComparateurFrontalier\",\"https:\/\/x.com\/MonTauxCom\",\"https:\/\/www.youtube.com\/channel\/UCyft978dCKAgV8DglhSW6gg\"]},{\"@type\":\"Person\",\"@id\":\"https:\/\/mon-taux.com\/blog\/#\/schema\/person\/bfe88bfabe109e312d4cd786a3dfe66f\",\"name\":\"montaux\",\"image\":{\"@type\":\"ImageObject\",\"inLanguage\":\"fr-FR\",\"@id\":\"https:\/\/mon-taux.com\/blog\/#\/schema\/person\/image\/\",\"url\":\"https:\/\/mon-taux.com\/blog\/wp-content\/uploads\/2020\/08\/favicon2-150x150.png\",\"contentUrl\":\"https:\/\/mon-taux.com\/blog\/wp-content\/uploads\/2020\/08\/favicon2-150x150.png\",\"caption\":\"montaux\"},\"sameAs\":[\"https:\/\/mon-taux.com\"],\"url\":\"https:\/\/mon-taux.com\/blog\/author\/montaux\/\"}]}<\/script>\n<!-- \/ Yoast SEO plugin. -->","yoast_head_json":{"title":"18\/11\/2013 - Au fond ou au plafond - Mon-taux.com - Blog des experts en frontaliers","robots":{"index":"index","follow":"follow","max-snippet":"max-snippet:-1","max-image-preview":"max-image-preview:large","max-video-preview":"max-video-preview:-1"},"canonical":"https:\/\/mon-taux.com\/blog\/2013\/11\/18\/18112013-au-fond-ou-au-plafond\/","og_locale":"fr_FR","og_type":"article","og_title":"18\/11\/2013 - Au fond ou au plafond - Mon-taux.com - Blog des experts en frontaliers","og_description":"Pour le cours euro\/chf, la question ne se pose plus tellement, nous sommes habitu\u00e9s \u00e0 voir l\u2019euro autour de 1.23 CHF, sans trop s\u2019\u00e9loigner du cours plancher de 1.20 fix\u00e9 par la BNS . Sans vouloir plomber l\u2019ambiance, la situation \u00e9conomique et les niveaux de ch\u00f4mage sont tellement mauvais en Europe que le franc suisse [&hellip;]","og_url":"https:\/\/mon-taux.com\/blog\/2013\/11\/18\/18112013-au-fond-ou-au-plafond\/","og_site_name":"Mon-taux.com - Blog des experts en frontaliers","article_publisher":"https:\/\/www.facebook.com\/MonTauxCom.ComparateurFrontalier","article_published_time":"2013-11-18T14:52:11+00:00","og_image":[{"width":583,"height":551,"url":"https:\/\/mon-taux.com\/blog\/wp-content\/uploads\/2013\/11\/Sans-titre-1.jpg","type":"image\/jpeg"}],"author":"montaux","twitter_card":"summary_large_image","twitter_creator":"@MonTauxCom","twitter_site":"@MonTauxCom","twitter_misc":{"\u00c9crit par":"montaux","Dur\u00e9e de lecture estim\u00e9e":"3 minutes"},"schema":{"@context":"https:\/\/schema.org","@graph":[{"@type":"Article","@id":"https:\/\/mon-taux.com\/blog\/2013\/11\/18\/18112013-au-fond-ou-au-plafond\/#article","isPartOf":{"@id":"https:\/\/mon-taux.com\/blog\/2013\/11\/18\/18112013-au-fond-ou-au-plafond\/"},"author":{"name":"montaux","@id":"https:\/\/mon-taux.com\/blog\/#\/schema\/person\/bfe88bfabe109e312d4cd786a3dfe66f"},"headline":"18\/11\/2013 &#8211; Au fond ou au plafond","datePublished":"2013-11-18T14:52:11+00:00","mainEntityOfPage":{"@id":"https:\/\/mon-taux.com\/blog\/2013\/11\/18\/18112013-au-fond-ou-au-plafond\/"},"wordCount":624,"commentCount":2,"publisher":{"@id":"https:\/\/mon-taux.com\/blog\/#organization"},"image":{"@id":"https:\/\/mon-taux.com\/blog\/2013\/11\/18\/18112013-au-fond-ou-au-plafond\/#primaryimage"},"thumbnailUrl":"https:\/\/mon-taux.com\/blog\/wp-content\/uploads\/2013\/11\/Sans-titre-1.jpg","keywords":["BNS"],"articleSection":["Pourquoi le franc suisse baisse ? Pourquoi le franc suisse monte ?"],"inLanguage":"fr-FR","potentialAction":[{"@type":"CommentAction","name":"Comment","target":["https:\/\/mon-taux.com\/blog\/2013\/11\/18\/18112013-au-fond-ou-au-plafond\/#respond"]}]},{"@type":"WebPage","@id":"https:\/\/mon-taux.com\/blog\/2013\/11\/18\/18112013-au-fond-ou-au-plafond\/","url":"https:\/\/mon-taux.com\/blog\/2013\/11\/18\/18112013-au-fond-ou-au-plafond\/","name":"18\/11\/2013 - Au fond ou au plafond - Mon-taux.com - Blog des experts en frontaliers","isPartOf":{"@id":"https:\/\/mon-taux.com\/blog\/#website"},"primaryImageOfPage":{"@id":"https:\/\/mon-taux.com\/blog\/2013\/11\/18\/18112013-au-fond-ou-au-plafond\/#primaryimage"},"image":{"@id":"https:\/\/mon-taux.com\/blog\/2013\/11\/18\/18112013-au-fond-ou-au-plafond\/#primaryimage"},"thumbnailUrl":"https:\/\/mon-taux.com\/blog\/wp-content\/uploads\/2013\/11\/Sans-titre-1.jpg","datePublished":"2013-11-18T14:52:11+00:00","breadcrumb":{"@id":"https:\/\/mon-taux.com\/blog\/2013\/11\/18\/18112013-au-fond-ou-au-plafond\/#breadcrumb"},"inLanguage":"fr-FR","potentialAction":[{"@type":"ReadAction","target":["https:\/\/mon-taux.com\/blog\/2013\/11\/18\/18112013-au-fond-ou-au-plafond\/"]}]},{"@type":"ImageObject","inLanguage":"fr-FR","@id":"https:\/\/mon-taux.com\/blog\/2013\/11\/18\/18112013-au-fond-ou-au-plafond\/#primaryimage","url":"https:\/\/mon-taux.com\/blog\/wp-content\/uploads\/2013\/11\/Sans-titre-1.jpg","contentUrl":"https:\/\/mon-taux.com\/blog\/wp-content\/uploads\/2013\/11\/Sans-titre-1.jpg","width":583,"height":551},{"@type":"BreadcrumbList","@id":"https:\/\/mon-taux.com\/blog\/2013\/11\/18\/18112013-au-fond-ou-au-plafond\/#breadcrumb","itemListElement":[{"@type":"ListItem","position":1,"name":"Accueil","item":"https:\/\/mon-taux.com\/blog\/"},{"@type":"ListItem","position":2,"name":"18\/11\/2013 &#8211; Au fond ou au plafond"}]},{"@type":"WebSite","@id":"https:\/\/mon-taux.com\/blog\/#website","url":"https:\/\/mon-taux.com\/blog\/","name":"Mon-taux.com - Blog des experts en frontaliers","description":"","publisher":{"@id":"https:\/\/mon-taux.com\/blog\/#organization"},"potentialAction":[{"@type":"SearchAction","target":{"@type":"EntryPoint","urlTemplate":"https:\/\/mon-taux.com\/blog\/?s={search_term_string}"},"query-input":{"@type":"PropertyValueSpecification","valueRequired":true,"valueName":"search_term_string"}}],"inLanguage":"fr-FR"},{"@type":"Organization","@id":"https:\/\/mon-taux.com\/blog\/#organization","name":"Mon-taux.com","url":"https:\/\/mon-taux.com\/blog\/","logo":{"@type":"ImageObject","inLanguage":"fr-FR","@id":"https:\/\/mon-taux.com\/blog\/#\/schema\/logo\/image\/","url":"https:\/\/mon-taux.com\/blog\/wp-content\/uploads\/2020\/08\/montaux-new-logo-e1596462820847.png","contentUrl":"https:\/\/mon-taux.com\/blog\/wp-content\/uploads\/2020\/08\/montaux-new-logo-e1596462820847.png","width":300,"height":172,"caption":"Mon-taux.com"},"image":{"@id":"https:\/\/mon-taux.com\/blog\/#\/schema\/logo\/image\/"},"sameAs":["https:\/\/www.facebook.com\/MonTauxCom.ComparateurFrontalier","https:\/\/x.com\/MonTauxCom","https:\/\/www.youtube.com\/channel\/UCyft978dCKAgV8DglhSW6gg"]},{"@type":"Person","@id":"https:\/\/mon-taux.com\/blog\/#\/schema\/person\/bfe88bfabe109e312d4cd786a3dfe66f","name":"montaux","image":{"@type":"ImageObject","inLanguage":"fr-FR","@id":"https:\/\/mon-taux.com\/blog\/#\/schema\/person\/image\/","url":"https:\/\/mon-taux.com\/blog\/wp-content\/uploads\/2020\/08\/favicon2-150x150.png","contentUrl":"https:\/\/mon-taux.com\/blog\/wp-content\/uploads\/2020\/08\/favicon2-150x150.png","caption":"montaux"},"sameAs":["https:\/\/mon-taux.com"],"url":"https:\/\/mon-taux.com\/blog\/author\/montaux\/"}]}},"_links":{"self":[{"href":"https:\/\/mon-taux.com\/blog\/wp-json\/wp\/v2\/posts\/7668","targetHints":{"allow":["GET"]}}],"collection":[{"href":"https:\/\/mon-taux.com\/blog\/wp-json\/wp\/v2\/posts"}],"about":[{"href":"https:\/\/mon-taux.com\/blog\/wp-json\/wp\/v2\/types\/post"}],"author":[{"embeddable":true,"href":"https:\/\/mon-taux.com\/blog\/wp-json\/wp\/v2\/users\/2"}],"replies":[{"embeddable":true,"href":"https:\/\/mon-taux.com\/blog\/wp-json\/wp\/v2\/comments?post=7668"}],"version-history":[{"count":0,"href":"https:\/\/mon-taux.com\/blog\/wp-json\/wp\/v2\/posts\/7668\/revisions"}],"wp:featuredmedia":[{"embeddable":true,"href":"https:\/\/mon-taux.com\/blog\/wp-json\/wp\/v2\/media\/7699"}],"wp:attachment":[{"href":"https:\/\/mon-taux.com\/blog\/wp-json\/wp\/v2\/media?parent=7668"}],"wp:term":[{"taxonomy":"category","embeddable":true,"href":"https:\/\/mon-taux.com\/blog\/wp-json\/wp\/v2\/categories?post=7668"},{"taxonomy":"post_tag","embeddable":true,"href":"https:\/\/mon-taux.com\/blog\/wp-json\/wp\/v2\/tags?post=7668"}],"curies":[{"name":"wp","href":"https:\/\/api.w.org\/{rel}","templated":true}]}}