{"id":7268,"date":"2013-05-06T12:50:18","date_gmt":"2013-05-06T10:50:18","guid":{"rendered":"https:\/\/mon-taux-de-change.com\/?p=7268"},"modified":"2013-05-06T12:50:18","modified_gmt":"2013-05-06T10:50:18","slug":"06052013-leuro-fait-de-la-resistance","status":"publish","type":"post","link":"https:\/\/mon-taux.com\/blog\/2013\/05\/06\/06052013-leuro-fait-de-la-resistance\/","title":{"rendered":"06\/05\/2013 &#8211; L\u2019euro fait de la r\u00e9sistance"},"content":{"rendered":"<p>Soutenue par l\u2019intervention de la BCE, la monnaie unique r\u00e9siste par rapport au franc suisse pour remonter vers 1.23, apr\u00e8s un d\u00e9but de semaine clairement orient\u00e9 vers 1.22. Mario Draghi, patron de la Banque Centre Europ\u00e9enne a montr\u00e9 une nouvelle fois toute sa d\u00e9termination \u00e0 faire red\u00e9marrer la croissance dans la zone euro.<br \/>\nApr\u00e8s l\u2019Espagne, qui annonce de mani\u00e8re unilat\u00e9rale qu\u2019elle ne respecterait pas ses d\u00e9ficits budg\u00e9taires, voil\u00e0 la commission europ\u00e9enne qui, vendredi, donne 2 ann\u00e9es suppl\u00e9mentaires \u00e0 la France pour revenir dans les objectifs de d\u00e9ficit de 3%. Un sacr\u00e9 coup de pouce au moment o\u00f9 le gouvernement fran\u00e7ais semble en panne d\u2019imagination et de solutions. Cette souplesse budg\u00e9taire doit permettre de redonner un peu d\u2019air aux pays concern\u00e9s, pour peu qu\u2019ils l\u2019utilisent \u00e0 bon effet\u2026.<br \/>\nEn Suisse, le dernier barom\u00e8tre conjoncturel, publi\u00e9 ce matin, est moins bon. La situation des entreprises s\u2019assombrie. Elles se montrent toutefois plus confiantes et estiment que les affaires \u00a0devraient reprendre dans les six mois \u00e0 venir.<br \/>\nEn France, on f\u00eate le 1<sup>er<\/sup> anniversaire de l\u2019\u00e9lection de Fran\u00e7ois Hollande\u00a0! A priori, derri\u00e8re le \u00ab\u00a0on\u00a0\u00bb, ils ne sont plus tr\u00e8s nombreux\u2026.no comment\u00a0!<br \/>\nLes Frontaliers sont sur tous les fronts. Apr\u00e8s les manifs le week-end pr\u00e9c\u00e9dent, pour d\u00e9fendre le droit \u00e0 l\u2019assurance priv\u00e9e, c\u2019est au tour du MCG de d\u00e9noncer les travailleurs frontaliers. Populisme, quand tu nous tiens\u2026.no comment\u00a0!<br \/>\nPour la semaine \u00e0 venir, l\u2019euro devrait passer le cap des 1.23, qui pourrait le ramener rapidement vers 1.24. Nous estimons que le cours devrait fluctuer entre 1.22 et 1.245\u00a0 pour les 5 prochains jours.<br \/>\nAllez, tout de bon, comme on dit chez nous\u00a0!<\/p>\n","protected":false},"excerpt":{"rendered":"<p>Soutenue par l\u2019intervention de la BCE, la monnaie unique r\u00e9siste par rapport au franc suisse pour remonter vers 1.23, apr\u00e8s un d\u00e9but de semaine clairement orient\u00e9 vers 1.22. Mario Draghi, patron de la Banque Centre Europ\u00e9enne a montr\u00e9 une nouvelle fois toute sa d\u00e9termination \u00e0 faire red\u00e9marrer la croissance dans la zone euro. Apr\u00e8s l\u2019Espagne, [&hellip;]<\/p>\n","protected":false},"author":2,"featured_media":0,"comment_status":"open","ping_status":"open","sticky":false,"template":"","format":"standard","meta":{"footnotes":""},"categories":[14],"tags":[],"class_list":{"0":"post-7268","1":"post","2":"type-post","3":"status-publish","4":"format-standard","6":"category-historique-taux-de-change","7":"czr-hentry"},"yoast_head":"<!-- This site is optimized with the Yoast SEO plugin v25.8 - https:\/\/yoast.com\/wordpress\/plugins\/seo\/ -->\n<title>06\/05\/2013 - L\u2019euro fait de la r\u00e9sistance - Mon-taux.com - Blog des experts en frontaliers<\/title>\n<meta name=\"robots\" content=\"index, follow, max-snippet:-1, max-image-preview:large, max-video-preview:-1\" \/>\n<link rel=\"canonical\" href=\"https:\/\/mon-taux.com\/blog\/2013\/05\/06\/06052013-leuro-fait-de-la-resistance\/\" \/>\n<meta property=\"og:locale\" content=\"fr_FR\" \/>\n<meta property=\"og:type\" content=\"article\" \/>\n<meta property=\"og:title\" content=\"06\/05\/2013 - L\u2019euro fait de la r\u00e9sistance - Mon-taux.com - Blog des experts en frontaliers\" \/>\n<meta property=\"og:description\" content=\"Soutenue par l\u2019intervention de la BCE, la monnaie unique r\u00e9siste par rapport au franc suisse pour remonter vers 1.23, apr\u00e8s un d\u00e9but de semaine clairement orient\u00e9 vers 1.22. Mario Draghi, patron de la Banque Centre Europ\u00e9enne a montr\u00e9 une nouvelle fois toute sa d\u00e9termination \u00e0 faire red\u00e9marrer la croissance dans la zone euro. Apr\u00e8s l\u2019Espagne, [&hellip;]\" \/>\n<meta property=\"og:url\" content=\"https:\/\/mon-taux.com\/blog\/2013\/05\/06\/06052013-leuro-fait-de-la-resistance\/\" \/>\n<meta property=\"og:site_name\" content=\"Mon-taux.com - Blog des experts en frontaliers\" \/>\n<meta property=\"article:publisher\" content=\"https:\/\/www.facebook.com\/MonTauxCom.ComparateurFrontalier\" \/>\n<meta property=\"article:published_time\" content=\"2013-05-06T10:50:18+00:00\" \/>\n<meta name=\"author\" content=\"montaux\" \/>\n<meta name=\"twitter:card\" content=\"summary_large_image\" \/>\n<meta name=\"twitter:creator\" content=\"@MonTauxCom\" \/>\n<meta name=\"twitter:site\" content=\"@MonTauxCom\" \/>\n<meta name=\"twitter:label1\" content=\"\u00c9crit par\" \/>\n\t<meta name=\"twitter:data1\" content=\"montaux\" \/>\n\t<meta name=\"twitter:label2\" content=\"Dur\u00e9e de lecture estim\u00e9e\" \/>\n\t<meta name=\"twitter:data2\" content=\"1 minute\" \/>\n<script type=\"application\/ld+json\" class=\"yoast-schema-graph\">{\"@context\":\"https:\/\/schema.org\",\"@graph\":[{\"@type\":\"Article\",\"@id\":\"https:\/\/mon-taux.com\/blog\/2013\/05\/06\/06052013-leuro-fait-de-la-resistance\/#article\",\"isPartOf\":{\"@id\":\"https:\/\/mon-taux.com\/blog\/2013\/05\/06\/06052013-leuro-fait-de-la-resistance\/\"},\"author\":{\"name\":\"montaux\",\"@id\":\"https:\/\/mon-taux.com\/blog\/#\/schema\/person\/bfe88bfabe109e312d4cd786a3dfe66f\"},\"headline\":\"06\/05\/2013 &#8211; L\u2019euro fait de la r\u00e9sistance\",\"datePublished\":\"2013-05-06T10:50:18+00:00\",\"mainEntityOfPage\":{\"@id\":\"https:\/\/mon-taux.com\/blog\/2013\/05\/06\/06052013-leuro-fait-de-la-resistance\/\"},\"wordCount\":303,\"commentCount\":0,\"publisher\":{\"@id\":\"https:\/\/mon-taux.com\/blog\/#organization\"},\"articleSection\":[\"historique taux de change\"],\"inLanguage\":\"fr-FR\",\"potentialAction\":[{\"@type\":\"CommentAction\",\"name\":\"Comment\",\"target\":[\"https:\/\/mon-taux.com\/blog\/2013\/05\/06\/06052013-leuro-fait-de-la-resistance\/#respond\"]}]},{\"@type\":\"WebPage\",\"@id\":\"https:\/\/mon-taux.com\/blog\/2013\/05\/06\/06052013-leuro-fait-de-la-resistance\/\",\"url\":\"https:\/\/mon-taux.com\/blog\/2013\/05\/06\/06052013-leuro-fait-de-la-resistance\/\",\"name\":\"06\/05\/2013 - L\u2019euro fait de la r\u00e9sistance - Mon-taux.com - Blog des experts en frontaliers\",\"isPartOf\":{\"@id\":\"https:\/\/mon-taux.com\/blog\/#website\"},\"datePublished\":\"2013-05-06T10:50:18+00:00\",\"breadcrumb\":{\"@id\":\"https:\/\/mon-taux.com\/blog\/2013\/05\/06\/06052013-leuro-fait-de-la-resistance\/#breadcrumb\"},\"inLanguage\":\"fr-FR\",\"potentialAction\":[{\"@type\":\"ReadAction\",\"target\":[\"https:\/\/mon-taux.com\/blog\/2013\/05\/06\/06052013-leuro-fait-de-la-resistance\/\"]}]},{\"@type\":\"BreadcrumbList\",\"@id\":\"https:\/\/mon-taux.com\/blog\/2013\/05\/06\/06052013-leuro-fait-de-la-resistance\/#breadcrumb\",\"itemListElement\":[{\"@type\":\"ListItem\",\"position\":1,\"name\":\"Accueil\",\"item\":\"https:\/\/mon-taux.com\/blog\/\"},{\"@type\":\"ListItem\",\"position\":2,\"name\":\"06\/05\/2013 &#8211; L\u2019euro fait de la r\u00e9sistance\"}]},{\"@type\":\"WebSite\",\"@id\":\"https:\/\/mon-taux.com\/blog\/#website\",\"url\":\"https:\/\/mon-taux.com\/blog\/\",\"name\":\"Mon-taux.com - Blog des experts en frontaliers\",\"description\":\"\",\"publisher\":{\"@id\":\"https:\/\/mon-taux.com\/blog\/#organization\"},\"potentialAction\":[{\"@type\":\"SearchAction\",\"target\":{\"@type\":\"EntryPoint\",\"urlTemplate\":\"https:\/\/mon-taux.com\/blog\/?s={search_term_string}\"},\"query-input\":{\"@type\":\"PropertyValueSpecification\",\"valueRequired\":true,\"valueName\":\"search_term_string\"}}],\"inLanguage\":\"fr-FR\"},{\"@type\":\"Organization\",\"@id\":\"https:\/\/mon-taux.com\/blog\/#organization\",\"name\":\"Mon-taux.com\",\"url\":\"https:\/\/mon-taux.com\/blog\/\",\"logo\":{\"@type\":\"ImageObject\",\"inLanguage\":\"fr-FR\",\"@id\":\"https:\/\/mon-taux.com\/blog\/#\/schema\/logo\/image\/\",\"url\":\"https:\/\/mon-taux.com\/blog\/wp-content\/uploads\/2020\/08\/montaux-new-logo-e1596462820847.png\",\"contentUrl\":\"https:\/\/mon-taux.com\/blog\/wp-content\/uploads\/2020\/08\/montaux-new-logo-e1596462820847.png\",\"width\":300,\"height\":172,\"caption\":\"Mon-taux.com\"},\"image\":{\"@id\":\"https:\/\/mon-taux.com\/blog\/#\/schema\/logo\/image\/\"},\"sameAs\":[\"https:\/\/www.facebook.com\/MonTauxCom.ComparateurFrontalier\",\"https:\/\/x.com\/MonTauxCom\",\"https:\/\/www.youtube.com\/channel\/UCyft978dCKAgV8DglhSW6gg\"]},{\"@type\":\"Person\",\"@id\":\"https:\/\/mon-taux.com\/blog\/#\/schema\/person\/bfe88bfabe109e312d4cd786a3dfe66f\",\"name\":\"montaux\",\"image\":{\"@type\":\"ImageObject\",\"inLanguage\":\"fr-FR\",\"@id\":\"https:\/\/mon-taux.com\/blog\/#\/schema\/person\/image\/\",\"url\":\"https:\/\/mon-taux.com\/blog\/wp-content\/uploads\/2020\/08\/favicon2-150x150.png\",\"contentUrl\":\"https:\/\/mon-taux.com\/blog\/wp-content\/uploads\/2020\/08\/favicon2-150x150.png\",\"caption\":\"montaux\"},\"sameAs\":[\"https:\/\/mon-taux.com\"],\"url\":\"https:\/\/mon-taux.com\/blog\/author\/montaux\/\"}]}<\/script>\n<!-- \/ Yoast SEO plugin. -->","yoast_head_json":{"title":"06\/05\/2013 - L\u2019euro fait de la r\u00e9sistance - Mon-taux.com - Blog des experts en frontaliers","robots":{"index":"index","follow":"follow","max-snippet":"max-snippet:-1","max-image-preview":"max-image-preview:large","max-video-preview":"max-video-preview:-1"},"canonical":"https:\/\/mon-taux.com\/blog\/2013\/05\/06\/06052013-leuro-fait-de-la-resistance\/","og_locale":"fr_FR","og_type":"article","og_title":"06\/05\/2013 - L\u2019euro fait de la r\u00e9sistance - Mon-taux.com - Blog des experts en frontaliers","og_description":"Soutenue par l\u2019intervention de la BCE, la monnaie unique r\u00e9siste par rapport au franc suisse pour remonter vers 1.23, apr\u00e8s un d\u00e9but de semaine clairement orient\u00e9 vers 1.22. Mario Draghi, patron de la Banque Centre Europ\u00e9enne a montr\u00e9 une nouvelle fois toute sa d\u00e9termination \u00e0 faire red\u00e9marrer la croissance dans la zone euro. Apr\u00e8s l\u2019Espagne, [&hellip;]","og_url":"https:\/\/mon-taux.com\/blog\/2013\/05\/06\/06052013-leuro-fait-de-la-resistance\/","og_site_name":"Mon-taux.com - Blog des experts en frontaliers","article_publisher":"https:\/\/www.facebook.com\/MonTauxCom.ComparateurFrontalier","article_published_time":"2013-05-06T10:50:18+00:00","author":"montaux","twitter_card":"summary_large_image","twitter_creator":"@MonTauxCom","twitter_site":"@MonTauxCom","twitter_misc":{"\u00c9crit par":"montaux","Dur\u00e9e de lecture estim\u00e9e":"1 minute"},"schema":{"@context":"https:\/\/schema.org","@graph":[{"@type":"Article","@id":"https:\/\/mon-taux.com\/blog\/2013\/05\/06\/06052013-leuro-fait-de-la-resistance\/#article","isPartOf":{"@id":"https:\/\/mon-taux.com\/blog\/2013\/05\/06\/06052013-leuro-fait-de-la-resistance\/"},"author":{"name":"montaux","@id":"https:\/\/mon-taux.com\/blog\/#\/schema\/person\/bfe88bfabe109e312d4cd786a3dfe66f"},"headline":"06\/05\/2013 &#8211; L\u2019euro fait de la r\u00e9sistance","datePublished":"2013-05-06T10:50:18+00:00","mainEntityOfPage":{"@id":"https:\/\/mon-taux.com\/blog\/2013\/05\/06\/06052013-leuro-fait-de-la-resistance\/"},"wordCount":303,"commentCount":0,"publisher":{"@id":"https:\/\/mon-taux.com\/blog\/#organization"},"articleSection":["historique taux de change"],"inLanguage":"fr-FR","potentialAction":[{"@type":"CommentAction","name":"Comment","target":["https:\/\/mon-taux.com\/blog\/2013\/05\/06\/06052013-leuro-fait-de-la-resistance\/#respond"]}]},{"@type":"WebPage","@id":"https:\/\/mon-taux.com\/blog\/2013\/05\/06\/06052013-leuro-fait-de-la-resistance\/","url":"https:\/\/mon-taux.com\/blog\/2013\/05\/06\/06052013-leuro-fait-de-la-resistance\/","name":"06\/05\/2013 - L\u2019euro fait de la r\u00e9sistance - Mon-taux.com - Blog des experts en frontaliers","isPartOf":{"@id":"https:\/\/mon-taux.com\/blog\/#website"},"datePublished":"2013-05-06T10:50:18+00:00","breadcrumb":{"@id":"https:\/\/mon-taux.com\/blog\/2013\/05\/06\/06052013-leuro-fait-de-la-resistance\/#breadcrumb"},"inLanguage":"fr-FR","potentialAction":[{"@type":"ReadAction","target":["https:\/\/mon-taux.com\/blog\/2013\/05\/06\/06052013-leuro-fait-de-la-resistance\/"]}]},{"@type":"BreadcrumbList","@id":"https:\/\/mon-taux.com\/blog\/2013\/05\/06\/06052013-leuro-fait-de-la-resistance\/#breadcrumb","itemListElement":[{"@type":"ListItem","position":1,"name":"Accueil","item":"https:\/\/mon-taux.com\/blog\/"},{"@type":"ListItem","position":2,"name":"06\/05\/2013 &#8211; L\u2019euro fait de la r\u00e9sistance"}]},{"@type":"WebSite","@id":"https:\/\/mon-taux.com\/blog\/#website","url":"https:\/\/mon-taux.com\/blog\/","name":"Mon-taux.com - Blog des experts en frontaliers","description":"","publisher":{"@id":"https:\/\/mon-taux.com\/blog\/#organization"},"potentialAction":[{"@type":"SearchAction","target":{"@type":"EntryPoint","urlTemplate":"https:\/\/mon-taux.com\/blog\/?s={search_term_string}"},"query-input":{"@type":"PropertyValueSpecification","valueRequired":true,"valueName":"search_term_string"}}],"inLanguage":"fr-FR"},{"@type":"Organization","@id":"https:\/\/mon-taux.com\/blog\/#organization","name":"Mon-taux.com","url":"https:\/\/mon-taux.com\/blog\/","logo":{"@type":"ImageObject","inLanguage":"fr-FR","@id":"https:\/\/mon-taux.com\/blog\/#\/schema\/logo\/image\/","url":"https:\/\/mon-taux.com\/blog\/wp-content\/uploads\/2020\/08\/montaux-new-logo-e1596462820847.png","contentUrl":"https:\/\/mon-taux.com\/blog\/wp-content\/uploads\/2020\/08\/montaux-new-logo-e1596462820847.png","width":300,"height":172,"caption":"Mon-taux.com"},"image":{"@id":"https:\/\/mon-taux.com\/blog\/#\/schema\/logo\/image\/"},"sameAs":["https:\/\/www.facebook.com\/MonTauxCom.ComparateurFrontalier","https:\/\/x.com\/MonTauxCom","https:\/\/www.youtube.com\/channel\/UCyft978dCKAgV8DglhSW6gg"]},{"@type":"Person","@id":"https:\/\/mon-taux.com\/blog\/#\/schema\/person\/bfe88bfabe109e312d4cd786a3dfe66f","name":"montaux","image":{"@type":"ImageObject","inLanguage":"fr-FR","@id":"https:\/\/mon-taux.com\/blog\/#\/schema\/person\/image\/","url":"https:\/\/mon-taux.com\/blog\/wp-content\/uploads\/2020\/08\/favicon2-150x150.png","contentUrl":"https:\/\/mon-taux.com\/blog\/wp-content\/uploads\/2020\/08\/favicon2-150x150.png","caption":"montaux"},"sameAs":["https:\/\/mon-taux.com"],"url":"https:\/\/mon-taux.com\/blog\/author\/montaux\/"}]}},"_links":{"self":[{"href":"https:\/\/mon-taux.com\/blog\/wp-json\/wp\/v2\/posts\/7268","targetHints":{"allow":["GET"]}}],"collection":[{"href":"https:\/\/mon-taux.com\/blog\/wp-json\/wp\/v2\/posts"}],"about":[{"href":"https:\/\/mon-taux.com\/blog\/wp-json\/wp\/v2\/types\/post"}],"author":[{"embeddable":true,"href":"https:\/\/mon-taux.com\/blog\/wp-json\/wp\/v2\/users\/2"}],"replies":[{"embeddable":true,"href":"https:\/\/mon-taux.com\/blog\/wp-json\/wp\/v2\/comments?post=7268"}],"version-history":[{"count":0,"href":"https:\/\/mon-taux.com\/blog\/wp-json\/wp\/v2\/posts\/7268\/revisions"}],"wp:attachment":[{"href":"https:\/\/mon-taux.com\/blog\/wp-json\/wp\/v2\/media?parent=7268"}],"wp:term":[{"taxonomy":"category","embeddable":true,"href":"https:\/\/mon-taux.com\/blog\/wp-json\/wp\/v2\/categories?post=7268"},{"taxonomy":"post_tag","embeddable":true,"href":"https:\/\/mon-taux.com\/blog\/wp-json\/wp\/v2\/tags?post=7268"}],"curies":[{"name":"wp","href":"https:\/\/api.w.org\/{rel}","templated":true}]}}