{"id":7254,"date":"2013-04-29T11:34:18","date_gmt":"2013-04-29T09:34:18","guid":{"rendered":"https:\/\/mon-taux-de-change.com\/?p=7254"},"modified":"2013-04-29T11:34:18","modified_gmt":"2013-04-29T09:34:18","slug":"29042013-leuro-remonte-sur-fond-de-mauvaises-nouvelles","status":"publish","type":"post","link":"https:\/\/mon-taux.com\/blog\/2013\/04\/29\/29042013-leuro-remonte-sur-fond-de-mauvaises-nouvelles\/","title":{"rendered":"29\/04\/2013 &#8211; L\u2019euro remonte sur fond de mauvaises nouvelles !"},"content":{"rendered":"<p>Tout le paradoxe de la semaine pass\u00e9e\u00a0: nous avons assist\u00e9 \u00e0 une hausse d\u2019int\u00e9r\u00eat pour la monnaie unique, alors que tous les indicateurs sortaient dans le rouge. Chute de la production en Europe, baisse de la confiance, et un barom\u00e8tre du climat des affaires en France au plus bas depuis 2009, ont eu pour effet de voir remonter les bourses europ\u00e9ennes, et l\u2019euro dans la foul\u00e9e. Logique\u00a0? Pas si \u00e9vident, sauf pour les investisseurs, qui \u00e0 travers ces d\u00e9gradations, anticipent une intervention de la BCE avec une nouvelle baisse des taux et l\u2019injection massive de liquidit\u00e9s pour relancer l\u2019\u00e9conomie.\u00a0 L\u2019intervention de Mario Draghi, le patron de la BCE, est donc particuli\u00e9rement attendue. Mais ceci permet de mieux comprendre le rebond de l\u2019euro face au franc suisse, faisant passer le cours euro\/chf de 1,2175 \u00e0 1,2350.<br \/>\nLes derni\u00e8res publications conjoncturelles de l\u2019activit\u00e9 \u00e9conomique en\u00a0 Suisse demeurent positives. Les perspectives sur le march\u00e9 du travail demeurent dynamiques et ne devraient pas conna\u00eetre de changement notable. De m\u00eame le taux de croissance du PIB h\u00e9lv\u00e9tique devrait se maintenir dans le positif et de mani\u00e8re durable dans les prochains mois.<br \/>\nLa Suisse se prot\u00e8ge contre l\u2019immigration de l\u2019union europ\u00e9enne en activant la clause de sauvegarde et impose un contingent pour l\u2019installation sur le territoire helv\u00e9tique. A ce stade, cela ne concerne que les permis B, et pas les permis G.<br \/>\nC\u2019est le grand froid entre la France et l\u2019Allemagne. Si cela va mal en France, c\u2019est la\u00a0 faute \u00e0 l\u2019Allemagne et \u00e0 Merckel\u00a0! Voil\u00e0 le nouveau cr\u00e9neau des socialistes et du gouvernement\u00a0; c\u2019est effrayant. Les \u00e9lus de gauche d\u00e9noncent l\u2019aust\u00e9rit\u00e9 impos\u00e9e par l\u2019Allemagne, alors que\u00a0 sous pr\u00e9texte de prendre des mesures, la France a fait un mattraquage fiscal, et refuse de s\u2019attaquer \u00e0 ses probl\u00e8mes de d\u00e9penses publiques (d\u00e9nonc\u00e9s r\u00e9guli\u00e8rement par la cour des comptes).<br \/>\nSi la France est le mauvais \u00e9l\u00e8ve de l\u2019Europe, c\u2019est la faute du bon \u00e9l\u00e8ve Allemand\u2026.Allo, non mais allo quoi\u00a0!<br \/>\nPendant ce temps, pour favoriser la reprise de leur \u00e9conomie, de nombreux pays en Europe baissent le taux de taxation des entreprises, et c\u2019est la faute \u00e0 Merckel peut-\u00eatre\u00a0?\u2026.Allo, non mais allo quoi\u00a0!<br \/>\nPour la semaine \u00e0 venir, il faudra surveiller l\u2019intervention de Mario Draghi, jeudi, qui pourrait faire rechuter le cours euro\/chf. Sinon, le cours devrait rester entre 1,215 et 1,24.<br \/>\nMobilisation contrast\u00e9e des frontaliers ce week-end pour d\u00e9fendre le droit \u00e0 l\u2019assurance priv\u00e9e avec 2500 \u00e0 3500 personnes du c\u00f4t\u00e9 de Pontarlier, et 500 \u00e0 St Julien en Genevois\u2026.plus d\u2019info sur la page facebook \u00ab\u00a0Frontaliers Ou Bien\u00a0\u00bb\u00a0?<br \/>\nAllez, tout de bon, comme on dit chez nous\u00a0!<\/p>\n","protected":false},"excerpt":{"rendered":"<p>Tout le paradoxe de la semaine pass\u00e9e\u00a0: nous avons assist\u00e9 \u00e0 une hausse d\u2019int\u00e9r\u00eat pour la monnaie unique, alors que tous les indicateurs sortaient dans le rouge. Chute de la production en Europe, baisse de la confiance, et un barom\u00e8tre du climat des affaires en France au plus bas depuis 2009, ont eu pour effet [&hellip;]<\/p>\n","protected":false},"author":2,"featured_media":0,"comment_status":"open","ping_status":"open","sticky":false,"template":"","format":"standard","meta":{"footnotes":""},"categories":[14],"tags":[26],"class_list":{"0":"post-7254","1":"post","2":"type-post","3":"status-publish","4":"format-standard","6":"category-historique-taux-de-change","7":"tag-bns","8":"czr-hentry"},"yoast_head":"<!-- This site is optimized with the Yoast SEO plugin v25.8 - https:\/\/yoast.com\/wordpress\/plugins\/seo\/ -->\n<title>29\/04\/2013 - L\u2019euro remonte sur fond de mauvaises nouvelles ! - Mon-taux.com - Blog des experts en frontaliers<\/title>\n<meta name=\"robots\" content=\"index, follow, max-snippet:-1, max-image-preview:large, max-video-preview:-1\" \/>\n<link rel=\"canonical\" href=\"https:\/\/mon-taux.com\/blog\/2013\/04\/29\/29042013-leuro-remonte-sur-fond-de-mauvaises-nouvelles\/\" \/>\n<meta property=\"og:locale\" content=\"fr_FR\" \/>\n<meta property=\"og:type\" content=\"article\" \/>\n<meta property=\"og:title\" content=\"29\/04\/2013 - L\u2019euro remonte sur fond de mauvaises nouvelles ! - Mon-taux.com - Blog des experts en frontaliers\" \/>\n<meta property=\"og:description\" content=\"Tout le paradoxe de la semaine pass\u00e9e\u00a0: nous avons assist\u00e9 \u00e0 une hausse d\u2019int\u00e9r\u00eat pour la monnaie unique, alors que tous les indicateurs sortaient dans le rouge. Chute de la production en Europe, baisse de la confiance, et un barom\u00e8tre du climat des affaires en France au plus bas depuis 2009, ont eu pour effet [&hellip;]\" \/>\n<meta property=\"og:url\" content=\"https:\/\/mon-taux.com\/blog\/2013\/04\/29\/29042013-leuro-remonte-sur-fond-de-mauvaises-nouvelles\/\" \/>\n<meta property=\"og:site_name\" content=\"Mon-taux.com - Blog des experts en frontaliers\" \/>\n<meta property=\"article:publisher\" content=\"https:\/\/www.facebook.com\/MonTauxCom.ComparateurFrontalier\" \/>\n<meta property=\"article:published_time\" content=\"2013-04-29T09:34:18+00:00\" \/>\n<meta name=\"author\" content=\"montaux\" \/>\n<meta name=\"twitter:card\" content=\"summary_large_image\" \/>\n<meta name=\"twitter:creator\" content=\"@MonTauxCom\" \/>\n<meta name=\"twitter:site\" content=\"@MonTauxCom\" \/>\n<meta name=\"twitter:label1\" content=\"\u00c9crit par\" \/>\n\t<meta name=\"twitter:data1\" content=\"montaux\" \/>\n\t<meta name=\"twitter:label2\" content=\"Dur\u00e9e de lecture estim\u00e9e\" \/>\n\t<meta name=\"twitter:data2\" content=\"2 minutes\" \/>\n<script type=\"application\/ld+json\" class=\"yoast-schema-graph\">{\"@context\":\"https:\/\/schema.org\",\"@graph\":[{\"@type\":\"Article\",\"@id\":\"https:\/\/mon-taux.com\/blog\/2013\/04\/29\/29042013-leuro-remonte-sur-fond-de-mauvaises-nouvelles\/#article\",\"isPartOf\":{\"@id\":\"https:\/\/mon-taux.com\/blog\/2013\/04\/29\/29042013-leuro-remonte-sur-fond-de-mauvaises-nouvelles\/\"},\"author\":{\"name\":\"montaux\",\"@id\":\"https:\/\/mon-taux.com\/blog\/#\/schema\/person\/bfe88bfabe109e312d4cd786a3dfe66f\"},\"headline\":\"29\/04\/2013 &#8211; L\u2019euro remonte sur fond de mauvaises nouvelles !\",\"datePublished\":\"2013-04-29T09:34:18+00:00\",\"mainEntityOfPage\":{\"@id\":\"https:\/\/mon-taux.com\/blog\/2013\/04\/29\/29042013-leuro-remonte-sur-fond-de-mauvaises-nouvelles\/\"},\"wordCount\":484,\"commentCount\":0,\"publisher\":{\"@id\":\"https:\/\/mon-taux.com\/blog\/#organization\"},\"keywords\":[\"BNS\"],\"articleSection\":[\"historique taux de change\"],\"inLanguage\":\"fr-FR\",\"potentialAction\":[{\"@type\":\"CommentAction\",\"name\":\"Comment\",\"target\":[\"https:\/\/mon-taux.com\/blog\/2013\/04\/29\/29042013-leuro-remonte-sur-fond-de-mauvaises-nouvelles\/#respond\"]}]},{\"@type\":\"WebPage\",\"@id\":\"https:\/\/mon-taux.com\/blog\/2013\/04\/29\/29042013-leuro-remonte-sur-fond-de-mauvaises-nouvelles\/\",\"url\":\"https:\/\/mon-taux.com\/blog\/2013\/04\/29\/29042013-leuro-remonte-sur-fond-de-mauvaises-nouvelles\/\",\"name\":\"29\/04\/2013 - L\u2019euro remonte sur fond de mauvaises nouvelles ! - Mon-taux.com - Blog des experts en frontaliers\",\"isPartOf\":{\"@id\":\"https:\/\/mon-taux.com\/blog\/#website\"},\"datePublished\":\"2013-04-29T09:34:18+00:00\",\"breadcrumb\":{\"@id\":\"https:\/\/mon-taux.com\/blog\/2013\/04\/29\/29042013-leuro-remonte-sur-fond-de-mauvaises-nouvelles\/#breadcrumb\"},\"inLanguage\":\"fr-FR\",\"potentialAction\":[{\"@type\":\"ReadAction\",\"target\":[\"https:\/\/mon-taux.com\/blog\/2013\/04\/29\/29042013-leuro-remonte-sur-fond-de-mauvaises-nouvelles\/\"]}]},{\"@type\":\"BreadcrumbList\",\"@id\":\"https:\/\/mon-taux.com\/blog\/2013\/04\/29\/29042013-leuro-remonte-sur-fond-de-mauvaises-nouvelles\/#breadcrumb\",\"itemListElement\":[{\"@type\":\"ListItem\",\"position\":1,\"name\":\"Accueil\",\"item\":\"https:\/\/mon-taux.com\/blog\/\"},{\"@type\":\"ListItem\",\"position\":2,\"name\":\"29\/04\/2013 &#8211; L\u2019euro remonte sur fond de mauvaises nouvelles !\"}]},{\"@type\":\"WebSite\",\"@id\":\"https:\/\/mon-taux.com\/blog\/#website\",\"url\":\"https:\/\/mon-taux.com\/blog\/\",\"name\":\"Mon-taux.com - Blog des experts en frontaliers\",\"description\":\"\",\"publisher\":{\"@id\":\"https:\/\/mon-taux.com\/blog\/#organization\"},\"potentialAction\":[{\"@type\":\"SearchAction\",\"target\":{\"@type\":\"EntryPoint\",\"urlTemplate\":\"https:\/\/mon-taux.com\/blog\/?s={search_term_string}\"},\"query-input\":{\"@type\":\"PropertyValueSpecification\",\"valueRequired\":true,\"valueName\":\"search_term_string\"}}],\"inLanguage\":\"fr-FR\"},{\"@type\":\"Organization\",\"@id\":\"https:\/\/mon-taux.com\/blog\/#organization\",\"name\":\"Mon-taux.com\",\"url\":\"https:\/\/mon-taux.com\/blog\/\",\"logo\":{\"@type\":\"ImageObject\",\"inLanguage\":\"fr-FR\",\"@id\":\"https:\/\/mon-taux.com\/blog\/#\/schema\/logo\/image\/\",\"url\":\"https:\/\/mon-taux.com\/blog\/wp-content\/uploads\/2020\/08\/montaux-new-logo-e1596462820847.png\",\"contentUrl\":\"https:\/\/mon-taux.com\/blog\/wp-content\/uploads\/2020\/08\/montaux-new-logo-e1596462820847.png\",\"width\":300,\"height\":172,\"caption\":\"Mon-taux.com\"},\"image\":{\"@id\":\"https:\/\/mon-taux.com\/blog\/#\/schema\/logo\/image\/\"},\"sameAs\":[\"https:\/\/www.facebook.com\/MonTauxCom.ComparateurFrontalier\",\"https:\/\/x.com\/MonTauxCom\",\"https:\/\/www.youtube.com\/channel\/UCyft978dCKAgV8DglhSW6gg\"]},{\"@type\":\"Person\",\"@id\":\"https:\/\/mon-taux.com\/blog\/#\/schema\/person\/bfe88bfabe109e312d4cd786a3dfe66f\",\"name\":\"montaux\",\"image\":{\"@type\":\"ImageObject\",\"inLanguage\":\"fr-FR\",\"@id\":\"https:\/\/mon-taux.com\/blog\/#\/schema\/person\/image\/\",\"url\":\"https:\/\/mon-taux.com\/blog\/wp-content\/uploads\/2020\/08\/favicon2-150x150.png\",\"contentUrl\":\"https:\/\/mon-taux.com\/blog\/wp-content\/uploads\/2020\/08\/favicon2-150x150.png\",\"caption\":\"montaux\"},\"sameAs\":[\"https:\/\/mon-taux.com\"],\"url\":\"https:\/\/mon-taux.com\/blog\/author\/montaux\/\"}]}<\/script>\n<!-- \/ Yoast SEO plugin. -->","yoast_head_json":{"title":"29\/04\/2013 - L\u2019euro remonte sur fond de mauvaises nouvelles ! - Mon-taux.com - Blog des experts en frontaliers","robots":{"index":"index","follow":"follow","max-snippet":"max-snippet:-1","max-image-preview":"max-image-preview:large","max-video-preview":"max-video-preview:-1"},"canonical":"https:\/\/mon-taux.com\/blog\/2013\/04\/29\/29042013-leuro-remonte-sur-fond-de-mauvaises-nouvelles\/","og_locale":"fr_FR","og_type":"article","og_title":"29\/04\/2013 - L\u2019euro remonte sur fond de mauvaises nouvelles ! - Mon-taux.com - Blog des experts en frontaliers","og_description":"Tout le paradoxe de la semaine pass\u00e9e\u00a0: nous avons assist\u00e9 \u00e0 une hausse d\u2019int\u00e9r\u00eat pour la monnaie unique, alors que tous les indicateurs sortaient dans le rouge. Chute de la production en Europe, baisse de la confiance, et un barom\u00e8tre du climat des affaires en France au plus bas depuis 2009, ont eu pour effet [&hellip;]","og_url":"https:\/\/mon-taux.com\/blog\/2013\/04\/29\/29042013-leuro-remonte-sur-fond-de-mauvaises-nouvelles\/","og_site_name":"Mon-taux.com - Blog des experts en frontaliers","article_publisher":"https:\/\/www.facebook.com\/MonTauxCom.ComparateurFrontalier","article_published_time":"2013-04-29T09:34:18+00:00","author":"montaux","twitter_card":"summary_large_image","twitter_creator":"@MonTauxCom","twitter_site":"@MonTauxCom","twitter_misc":{"\u00c9crit par":"montaux","Dur\u00e9e de lecture estim\u00e9e":"2 minutes"},"schema":{"@context":"https:\/\/schema.org","@graph":[{"@type":"Article","@id":"https:\/\/mon-taux.com\/blog\/2013\/04\/29\/29042013-leuro-remonte-sur-fond-de-mauvaises-nouvelles\/#article","isPartOf":{"@id":"https:\/\/mon-taux.com\/blog\/2013\/04\/29\/29042013-leuro-remonte-sur-fond-de-mauvaises-nouvelles\/"},"author":{"name":"montaux","@id":"https:\/\/mon-taux.com\/blog\/#\/schema\/person\/bfe88bfabe109e312d4cd786a3dfe66f"},"headline":"29\/04\/2013 &#8211; L\u2019euro remonte sur fond de mauvaises nouvelles !","datePublished":"2013-04-29T09:34:18+00:00","mainEntityOfPage":{"@id":"https:\/\/mon-taux.com\/blog\/2013\/04\/29\/29042013-leuro-remonte-sur-fond-de-mauvaises-nouvelles\/"},"wordCount":484,"commentCount":0,"publisher":{"@id":"https:\/\/mon-taux.com\/blog\/#organization"},"keywords":["BNS"],"articleSection":["historique taux de change"],"inLanguage":"fr-FR","potentialAction":[{"@type":"CommentAction","name":"Comment","target":["https:\/\/mon-taux.com\/blog\/2013\/04\/29\/29042013-leuro-remonte-sur-fond-de-mauvaises-nouvelles\/#respond"]}]},{"@type":"WebPage","@id":"https:\/\/mon-taux.com\/blog\/2013\/04\/29\/29042013-leuro-remonte-sur-fond-de-mauvaises-nouvelles\/","url":"https:\/\/mon-taux.com\/blog\/2013\/04\/29\/29042013-leuro-remonte-sur-fond-de-mauvaises-nouvelles\/","name":"29\/04\/2013 - L\u2019euro remonte sur fond de mauvaises nouvelles ! - Mon-taux.com - Blog des experts en frontaliers","isPartOf":{"@id":"https:\/\/mon-taux.com\/blog\/#website"},"datePublished":"2013-04-29T09:34:18+00:00","breadcrumb":{"@id":"https:\/\/mon-taux.com\/blog\/2013\/04\/29\/29042013-leuro-remonte-sur-fond-de-mauvaises-nouvelles\/#breadcrumb"},"inLanguage":"fr-FR","potentialAction":[{"@type":"ReadAction","target":["https:\/\/mon-taux.com\/blog\/2013\/04\/29\/29042013-leuro-remonte-sur-fond-de-mauvaises-nouvelles\/"]}]},{"@type":"BreadcrumbList","@id":"https:\/\/mon-taux.com\/blog\/2013\/04\/29\/29042013-leuro-remonte-sur-fond-de-mauvaises-nouvelles\/#breadcrumb","itemListElement":[{"@type":"ListItem","position":1,"name":"Accueil","item":"https:\/\/mon-taux.com\/blog\/"},{"@type":"ListItem","position":2,"name":"29\/04\/2013 &#8211; L\u2019euro remonte sur fond de mauvaises nouvelles !"}]},{"@type":"WebSite","@id":"https:\/\/mon-taux.com\/blog\/#website","url":"https:\/\/mon-taux.com\/blog\/","name":"Mon-taux.com - Blog des experts en frontaliers","description":"","publisher":{"@id":"https:\/\/mon-taux.com\/blog\/#organization"},"potentialAction":[{"@type":"SearchAction","target":{"@type":"EntryPoint","urlTemplate":"https:\/\/mon-taux.com\/blog\/?s={search_term_string}"},"query-input":{"@type":"PropertyValueSpecification","valueRequired":true,"valueName":"search_term_string"}}],"inLanguage":"fr-FR"},{"@type":"Organization","@id":"https:\/\/mon-taux.com\/blog\/#organization","name":"Mon-taux.com","url":"https:\/\/mon-taux.com\/blog\/","logo":{"@type":"ImageObject","inLanguage":"fr-FR","@id":"https:\/\/mon-taux.com\/blog\/#\/schema\/logo\/image\/","url":"https:\/\/mon-taux.com\/blog\/wp-content\/uploads\/2020\/08\/montaux-new-logo-e1596462820847.png","contentUrl":"https:\/\/mon-taux.com\/blog\/wp-content\/uploads\/2020\/08\/montaux-new-logo-e1596462820847.png","width":300,"height":172,"caption":"Mon-taux.com"},"image":{"@id":"https:\/\/mon-taux.com\/blog\/#\/schema\/logo\/image\/"},"sameAs":["https:\/\/www.facebook.com\/MonTauxCom.ComparateurFrontalier","https:\/\/x.com\/MonTauxCom","https:\/\/www.youtube.com\/channel\/UCyft978dCKAgV8DglhSW6gg"]},{"@type":"Person","@id":"https:\/\/mon-taux.com\/blog\/#\/schema\/person\/bfe88bfabe109e312d4cd786a3dfe66f","name":"montaux","image":{"@type":"ImageObject","inLanguage":"fr-FR","@id":"https:\/\/mon-taux.com\/blog\/#\/schema\/person\/image\/","url":"https:\/\/mon-taux.com\/blog\/wp-content\/uploads\/2020\/08\/favicon2-150x150.png","contentUrl":"https:\/\/mon-taux.com\/blog\/wp-content\/uploads\/2020\/08\/favicon2-150x150.png","caption":"montaux"},"sameAs":["https:\/\/mon-taux.com"],"url":"https:\/\/mon-taux.com\/blog\/author\/montaux\/"}]}},"_links":{"self":[{"href":"https:\/\/mon-taux.com\/blog\/wp-json\/wp\/v2\/posts\/7254","targetHints":{"allow":["GET"]}}],"collection":[{"href":"https:\/\/mon-taux.com\/blog\/wp-json\/wp\/v2\/posts"}],"about":[{"href":"https:\/\/mon-taux.com\/blog\/wp-json\/wp\/v2\/types\/post"}],"author":[{"embeddable":true,"href":"https:\/\/mon-taux.com\/blog\/wp-json\/wp\/v2\/users\/2"}],"replies":[{"embeddable":true,"href":"https:\/\/mon-taux.com\/blog\/wp-json\/wp\/v2\/comments?post=7254"}],"version-history":[{"count":0,"href":"https:\/\/mon-taux.com\/blog\/wp-json\/wp\/v2\/posts\/7254\/revisions"}],"wp:attachment":[{"href":"https:\/\/mon-taux.com\/blog\/wp-json\/wp\/v2\/media?parent=7254"}],"wp:term":[{"taxonomy":"category","embeddable":true,"href":"https:\/\/mon-taux.com\/blog\/wp-json\/wp\/v2\/categories?post=7254"},{"taxonomy":"post_tag","embeddable":true,"href":"https:\/\/mon-taux.com\/blog\/wp-json\/wp\/v2\/tags?post=7254"}],"curies":[{"name":"wp","href":"https:\/\/api.w.org\/{rel}","templated":true}]}}