{"id":7012,"date":"2013-01-14T11:40:03","date_gmt":"2013-01-14T10:40:03","guid":{"rendered":"https:\/\/mon-taux-de-change.com\/?p=7012"},"modified":"2013-01-14T11:40:03","modified_gmt":"2013-01-14T10:40:03","slug":"14012013-leuro-remonte","status":"publish","type":"post","link":"https:\/\/mon-taux.com\/blog\/2013\/01\/14\/14012013-leuro-remonte\/","title":{"rendered":"14\/01\/2013 &#8211; L\u2019euro remonte !"},"content":{"rendered":"<p style=\"text-align: justify;\">Apr\u00e8s plusieurs semaines de stagnation, l\u2019euro reprend de la vigueur pour franchir all\u00e8grement ce matin la barre des 1.22 contre le franc suisse. Une grande premi\u00e8re depuis plus d\u2019un an\u00a0! Comme nous l\u2019avions annonc\u00e9 \u00e0 plusieurs reprises, l\u2019euro retrouve de la cr\u00e9dibilit\u00e9 sur le march\u00e9 avec les mesures d\u00e9cid\u00e9es par les gouvernements europ\u00e9ens ces derniers mois. Pour preuve, les taux d\u2019int\u00e9r\u00eats des obligations espagnoles et italiennes baissent et sont maintenant inf\u00e9rieurs \u00e0 5%. L\u2019ombre d\u2019un \u00e9clatement qui planait au-dessus de l\u2019Europe et de sa monnaie est en train de se dissiper. Les investisseurs reprennent confiance et d\u00e9laissent\u00a0 petit \u00e0 petit le franc suisse, une monnaie s\u00fbre aux rendements tr\u00e8s faibles, pour esp\u00e9rer une meilleure rentabilit\u00e9 sur une monnaie qui offre certaines garanties.<\/p>\n<p style=\"text-align: justify;\">La cons\u00e9quence c\u2019est le l\u00e9ger recul du franc suisse qui perd un peu de son effet valeur refuge. Une mauvaise nouvelle \u00e0 court terme pour les frontaliers mais assur\u00e9ment une bonne nouvelle \u00e0 long terme pour l\u2019activit\u00e9 \u00e9conomique en Suisse.<\/p>\n<p style=\"text-align: justify;\">Apr\u00e8s une ann\u00e9e consacr\u00e9e au r\u00e8glement de la crise des dettes publiques, 2013 est l\u2019ann\u00e9e de la reprise \u00e9conomique. Et pour retrouver de la croissance, quoi de mieux que de favoriser ses exportations en baissant le cours de sa monnaie. C\u2019est clairement l\u2019attitude retenue par le Japon, qui ach\u00e8te massivement de l\u2019euro, pour officiellement soutenir la construction europ\u00e9enne, mais qui a pour effet de faire baisser le yen\u2026.la Chine et les \u00c9tats-Unis, grands sp\u00e9cialistes du sujet, n\u2019ont pas attendu avant de rentrer dans la bataille. L\u2019euro remonte donc sur le march\u00e9, pour le bonheur des autres puissances \u00e9conomiques.<\/p>\n<p style=\"text-align: justify;\">Pour la semaine \u00e0 venir, nous estimons que le cours euro\/chf pourrait consolider sa position au-del\u00e0 de 1.22 avant de partir en direction de 1.25.<\/p>\n<p style=\"text-align: justify;\">Pour les frontaliers, la couverture de change pour le rapatriement de votre salaire, m\u00eame \u00e0 1.22, restera une bonne affaire.<\/p>\n<p style=\"text-align: justify;\">Allez, tout de bon, comme on dit chez nous\u00a0!<\/p>\n<p style=\"text-align: justify;\">\n","protected":false},"excerpt":{"rendered":"<p>Apr\u00e8s plusieurs semaines de stagnation, l\u2019euro reprend de la vigueur pour franchir all\u00e8grement ce matin la barre des 1.22 contre le franc suisse. Une grande premi\u00e8re depuis plus d\u2019un an\u00a0! Comme nous l\u2019avions annonc\u00e9 \u00e0 plusieurs reprises, l\u2019euro retrouve de la cr\u00e9dibilit\u00e9 sur le march\u00e9 avec les mesures d\u00e9cid\u00e9es par les gouvernements europ\u00e9ens ces derniers [&hellip;]<\/p>\n","protected":false},"author":2,"featured_media":0,"comment_status":"open","ping_status":"open","sticky":false,"template":"","format":"standard","meta":{"footnotes":""},"categories":[14],"tags":[26,27],"class_list":{"0":"post-7012","1":"post","2":"type-post","3":"status-publish","4":"format-standard","6":"category-historique-taux-de-change","7":"tag-bns","8":"tag-taux-plancher","9":"czr-hentry"},"yoast_head":"<!-- This site is optimized with the Yoast SEO plugin v25.8 - https:\/\/yoast.com\/wordpress\/plugins\/seo\/ -->\n<title>14\/01\/2013 - L\u2019euro remonte ! - Mon-taux.com - Blog des experts en frontaliers<\/title>\n<meta name=\"robots\" content=\"index, follow, max-snippet:-1, max-image-preview:large, max-video-preview:-1\" \/>\n<link rel=\"canonical\" href=\"https:\/\/mon-taux.com\/blog\/2013\/01\/14\/14012013-leuro-remonte\/\" \/>\n<meta property=\"og:locale\" content=\"fr_FR\" \/>\n<meta property=\"og:type\" content=\"article\" \/>\n<meta property=\"og:title\" content=\"14\/01\/2013 - L\u2019euro remonte ! - Mon-taux.com - Blog des experts en frontaliers\" \/>\n<meta property=\"og:description\" content=\"Apr\u00e8s plusieurs semaines de stagnation, l\u2019euro reprend de la vigueur pour franchir all\u00e8grement ce matin la barre des 1.22 contre le franc suisse. Une grande premi\u00e8re depuis plus d\u2019un an\u00a0! Comme nous l\u2019avions annonc\u00e9 \u00e0 plusieurs reprises, l\u2019euro retrouve de la cr\u00e9dibilit\u00e9 sur le march\u00e9 avec les mesures d\u00e9cid\u00e9es par les gouvernements europ\u00e9ens ces derniers [&hellip;]\" \/>\n<meta property=\"og:url\" content=\"https:\/\/mon-taux.com\/blog\/2013\/01\/14\/14012013-leuro-remonte\/\" \/>\n<meta property=\"og:site_name\" content=\"Mon-taux.com - Blog des experts en frontaliers\" \/>\n<meta property=\"article:publisher\" content=\"https:\/\/www.facebook.com\/MonTauxCom.ComparateurFrontalier\" \/>\n<meta property=\"article:published_time\" content=\"2013-01-14T10:40:03+00:00\" \/>\n<meta name=\"author\" content=\"montaux\" \/>\n<meta name=\"twitter:card\" content=\"summary_large_image\" \/>\n<meta name=\"twitter:creator\" content=\"@MonTauxCom\" \/>\n<meta name=\"twitter:site\" content=\"@MonTauxCom\" \/>\n<meta name=\"twitter:label1\" content=\"\u00c9crit par\" \/>\n\t<meta name=\"twitter:data1\" content=\"montaux\" \/>\n\t<meta name=\"twitter:label2\" content=\"Dur\u00e9e de lecture estim\u00e9e\" \/>\n\t<meta name=\"twitter:data2\" content=\"2 minutes\" \/>\n<script type=\"application\/ld+json\" class=\"yoast-schema-graph\">{\"@context\":\"https:\/\/schema.org\",\"@graph\":[{\"@type\":\"Article\",\"@id\":\"https:\/\/mon-taux.com\/blog\/2013\/01\/14\/14012013-leuro-remonte\/#article\",\"isPartOf\":{\"@id\":\"https:\/\/mon-taux.com\/blog\/2013\/01\/14\/14012013-leuro-remonte\/\"},\"author\":{\"name\":\"montaux\",\"@id\":\"https:\/\/mon-taux.com\/blog\/#\/schema\/person\/bfe88bfabe109e312d4cd786a3dfe66f\"},\"headline\":\"14\/01\/2013 &#8211; L\u2019euro remonte !\",\"datePublished\":\"2013-01-14T10:40:03+00:00\",\"mainEntityOfPage\":{\"@id\":\"https:\/\/mon-taux.com\/blog\/2013\/01\/14\/14012013-leuro-remonte\/\"},\"wordCount\":349,\"commentCount\":0,\"publisher\":{\"@id\":\"https:\/\/mon-taux.com\/blog\/#organization\"},\"keywords\":[\"BNS\",\"taux plancher\"],\"articleSection\":[\"historique taux de change\"],\"inLanguage\":\"fr-FR\",\"potentialAction\":[{\"@type\":\"CommentAction\",\"name\":\"Comment\",\"target\":[\"https:\/\/mon-taux.com\/blog\/2013\/01\/14\/14012013-leuro-remonte\/#respond\"]}]},{\"@type\":\"WebPage\",\"@id\":\"https:\/\/mon-taux.com\/blog\/2013\/01\/14\/14012013-leuro-remonte\/\",\"url\":\"https:\/\/mon-taux.com\/blog\/2013\/01\/14\/14012013-leuro-remonte\/\",\"name\":\"14\/01\/2013 - L\u2019euro remonte ! - Mon-taux.com - Blog des experts en frontaliers\",\"isPartOf\":{\"@id\":\"https:\/\/mon-taux.com\/blog\/#website\"},\"datePublished\":\"2013-01-14T10:40:03+00:00\",\"breadcrumb\":{\"@id\":\"https:\/\/mon-taux.com\/blog\/2013\/01\/14\/14012013-leuro-remonte\/#breadcrumb\"},\"inLanguage\":\"fr-FR\",\"potentialAction\":[{\"@type\":\"ReadAction\",\"target\":[\"https:\/\/mon-taux.com\/blog\/2013\/01\/14\/14012013-leuro-remonte\/\"]}]},{\"@type\":\"BreadcrumbList\",\"@id\":\"https:\/\/mon-taux.com\/blog\/2013\/01\/14\/14012013-leuro-remonte\/#breadcrumb\",\"itemListElement\":[{\"@type\":\"ListItem\",\"position\":1,\"name\":\"Accueil\",\"item\":\"https:\/\/mon-taux.com\/blog\/\"},{\"@type\":\"ListItem\",\"position\":2,\"name\":\"14\/01\/2013 &#8211; L\u2019euro remonte !\"}]},{\"@type\":\"WebSite\",\"@id\":\"https:\/\/mon-taux.com\/blog\/#website\",\"url\":\"https:\/\/mon-taux.com\/blog\/\",\"name\":\"Mon-taux.com - Blog des experts en frontaliers\",\"description\":\"\",\"publisher\":{\"@id\":\"https:\/\/mon-taux.com\/blog\/#organization\"},\"potentialAction\":[{\"@type\":\"SearchAction\",\"target\":{\"@type\":\"EntryPoint\",\"urlTemplate\":\"https:\/\/mon-taux.com\/blog\/?s={search_term_string}\"},\"query-input\":{\"@type\":\"PropertyValueSpecification\",\"valueRequired\":true,\"valueName\":\"search_term_string\"}}],\"inLanguage\":\"fr-FR\"},{\"@type\":\"Organization\",\"@id\":\"https:\/\/mon-taux.com\/blog\/#organization\",\"name\":\"Mon-taux.com\",\"url\":\"https:\/\/mon-taux.com\/blog\/\",\"logo\":{\"@type\":\"ImageObject\",\"inLanguage\":\"fr-FR\",\"@id\":\"https:\/\/mon-taux.com\/blog\/#\/schema\/logo\/image\/\",\"url\":\"https:\/\/mon-taux.com\/blog\/wp-content\/uploads\/2020\/08\/montaux-new-logo-e1596462820847.png\",\"contentUrl\":\"https:\/\/mon-taux.com\/blog\/wp-content\/uploads\/2020\/08\/montaux-new-logo-e1596462820847.png\",\"width\":300,\"height\":172,\"caption\":\"Mon-taux.com\"},\"image\":{\"@id\":\"https:\/\/mon-taux.com\/blog\/#\/schema\/logo\/image\/\"},\"sameAs\":[\"https:\/\/www.facebook.com\/MonTauxCom.ComparateurFrontalier\",\"https:\/\/x.com\/MonTauxCom\",\"https:\/\/www.youtube.com\/channel\/UCyft978dCKAgV8DglhSW6gg\"]},{\"@type\":\"Person\",\"@id\":\"https:\/\/mon-taux.com\/blog\/#\/schema\/person\/bfe88bfabe109e312d4cd786a3dfe66f\",\"name\":\"montaux\",\"image\":{\"@type\":\"ImageObject\",\"inLanguage\":\"fr-FR\",\"@id\":\"https:\/\/mon-taux.com\/blog\/#\/schema\/person\/image\/\",\"url\":\"https:\/\/mon-taux.com\/blog\/wp-content\/uploads\/2020\/08\/favicon2-150x150.png\",\"contentUrl\":\"https:\/\/mon-taux.com\/blog\/wp-content\/uploads\/2020\/08\/favicon2-150x150.png\",\"caption\":\"montaux\"},\"sameAs\":[\"https:\/\/mon-taux.com\"],\"url\":\"https:\/\/mon-taux.com\/blog\/author\/montaux\/\"}]}<\/script>\n<!-- \/ Yoast SEO plugin. -->","yoast_head_json":{"title":"14\/01\/2013 - L\u2019euro remonte ! - Mon-taux.com - Blog des experts en frontaliers","robots":{"index":"index","follow":"follow","max-snippet":"max-snippet:-1","max-image-preview":"max-image-preview:large","max-video-preview":"max-video-preview:-1"},"canonical":"https:\/\/mon-taux.com\/blog\/2013\/01\/14\/14012013-leuro-remonte\/","og_locale":"fr_FR","og_type":"article","og_title":"14\/01\/2013 - L\u2019euro remonte ! - Mon-taux.com - Blog des experts en frontaliers","og_description":"Apr\u00e8s plusieurs semaines de stagnation, l\u2019euro reprend de la vigueur pour franchir all\u00e8grement ce matin la barre des 1.22 contre le franc suisse. Une grande premi\u00e8re depuis plus d\u2019un an\u00a0! Comme nous l\u2019avions annonc\u00e9 \u00e0 plusieurs reprises, l\u2019euro retrouve de la cr\u00e9dibilit\u00e9 sur le march\u00e9 avec les mesures d\u00e9cid\u00e9es par les gouvernements europ\u00e9ens ces derniers [&hellip;]","og_url":"https:\/\/mon-taux.com\/blog\/2013\/01\/14\/14012013-leuro-remonte\/","og_site_name":"Mon-taux.com - Blog des experts en frontaliers","article_publisher":"https:\/\/www.facebook.com\/MonTauxCom.ComparateurFrontalier","article_published_time":"2013-01-14T10:40:03+00:00","author":"montaux","twitter_card":"summary_large_image","twitter_creator":"@MonTauxCom","twitter_site":"@MonTauxCom","twitter_misc":{"\u00c9crit par":"montaux","Dur\u00e9e de lecture estim\u00e9e":"2 minutes"},"schema":{"@context":"https:\/\/schema.org","@graph":[{"@type":"Article","@id":"https:\/\/mon-taux.com\/blog\/2013\/01\/14\/14012013-leuro-remonte\/#article","isPartOf":{"@id":"https:\/\/mon-taux.com\/blog\/2013\/01\/14\/14012013-leuro-remonte\/"},"author":{"name":"montaux","@id":"https:\/\/mon-taux.com\/blog\/#\/schema\/person\/bfe88bfabe109e312d4cd786a3dfe66f"},"headline":"14\/01\/2013 &#8211; L\u2019euro remonte !","datePublished":"2013-01-14T10:40:03+00:00","mainEntityOfPage":{"@id":"https:\/\/mon-taux.com\/blog\/2013\/01\/14\/14012013-leuro-remonte\/"},"wordCount":349,"commentCount":0,"publisher":{"@id":"https:\/\/mon-taux.com\/blog\/#organization"},"keywords":["BNS","taux plancher"],"articleSection":["historique taux de change"],"inLanguage":"fr-FR","potentialAction":[{"@type":"CommentAction","name":"Comment","target":["https:\/\/mon-taux.com\/blog\/2013\/01\/14\/14012013-leuro-remonte\/#respond"]}]},{"@type":"WebPage","@id":"https:\/\/mon-taux.com\/blog\/2013\/01\/14\/14012013-leuro-remonte\/","url":"https:\/\/mon-taux.com\/blog\/2013\/01\/14\/14012013-leuro-remonte\/","name":"14\/01\/2013 - L\u2019euro remonte ! - Mon-taux.com - Blog des experts en frontaliers","isPartOf":{"@id":"https:\/\/mon-taux.com\/blog\/#website"},"datePublished":"2013-01-14T10:40:03+00:00","breadcrumb":{"@id":"https:\/\/mon-taux.com\/blog\/2013\/01\/14\/14012013-leuro-remonte\/#breadcrumb"},"inLanguage":"fr-FR","potentialAction":[{"@type":"ReadAction","target":["https:\/\/mon-taux.com\/blog\/2013\/01\/14\/14012013-leuro-remonte\/"]}]},{"@type":"BreadcrumbList","@id":"https:\/\/mon-taux.com\/blog\/2013\/01\/14\/14012013-leuro-remonte\/#breadcrumb","itemListElement":[{"@type":"ListItem","position":1,"name":"Accueil","item":"https:\/\/mon-taux.com\/blog\/"},{"@type":"ListItem","position":2,"name":"14\/01\/2013 &#8211; L\u2019euro remonte !"}]},{"@type":"WebSite","@id":"https:\/\/mon-taux.com\/blog\/#website","url":"https:\/\/mon-taux.com\/blog\/","name":"Mon-taux.com - Blog des experts en frontaliers","description":"","publisher":{"@id":"https:\/\/mon-taux.com\/blog\/#organization"},"potentialAction":[{"@type":"SearchAction","target":{"@type":"EntryPoint","urlTemplate":"https:\/\/mon-taux.com\/blog\/?s={search_term_string}"},"query-input":{"@type":"PropertyValueSpecification","valueRequired":true,"valueName":"search_term_string"}}],"inLanguage":"fr-FR"},{"@type":"Organization","@id":"https:\/\/mon-taux.com\/blog\/#organization","name":"Mon-taux.com","url":"https:\/\/mon-taux.com\/blog\/","logo":{"@type":"ImageObject","inLanguage":"fr-FR","@id":"https:\/\/mon-taux.com\/blog\/#\/schema\/logo\/image\/","url":"https:\/\/mon-taux.com\/blog\/wp-content\/uploads\/2020\/08\/montaux-new-logo-e1596462820847.png","contentUrl":"https:\/\/mon-taux.com\/blog\/wp-content\/uploads\/2020\/08\/montaux-new-logo-e1596462820847.png","width":300,"height":172,"caption":"Mon-taux.com"},"image":{"@id":"https:\/\/mon-taux.com\/blog\/#\/schema\/logo\/image\/"},"sameAs":["https:\/\/www.facebook.com\/MonTauxCom.ComparateurFrontalier","https:\/\/x.com\/MonTauxCom","https:\/\/www.youtube.com\/channel\/UCyft978dCKAgV8DglhSW6gg"]},{"@type":"Person","@id":"https:\/\/mon-taux.com\/blog\/#\/schema\/person\/bfe88bfabe109e312d4cd786a3dfe66f","name":"montaux","image":{"@type":"ImageObject","inLanguage":"fr-FR","@id":"https:\/\/mon-taux.com\/blog\/#\/schema\/person\/image\/","url":"https:\/\/mon-taux.com\/blog\/wp-content\/uploads\/2020\/08\/favicon2-150x150.png","contentUrl":"https:\/\/mon-taux.com\/blog\/wp-content\/uploads\/2020\/08\/favicon2-150x150.png","caption":"montaux"},"sameAs":["https:\/\/mon-taux.com"],"url":"https:\/\/mon-taux.com\/blog\/author\/montaux\/"}]}},"_links":{"self":[{"href":"https:\/\/mon-taux.com\/blog\/wp-json\/wp\/v2\/posts\/7012","targetHints":{"allow":["GET"]}}],"collection":[{"href":"https:\/\/mon-taux.com\/blog\/wp-json\/wp\/v2\/posts"}],"about":[{"href":"https:\/\/mon-taux.com\/blog\/wp-json\/wp\/v2\/types\/post"}],"author":[{"embeddable":true,"href":"https:\/\/mon-taux.com\/blog\/wp-json\/wp\/v2\/users\/2"}],"replies":[{"embeddable":true,"href":"https:\/\/mon-taux.com\/blog\/wp-json\/wp\/v2\/comments?post=7012"}],"version-history":[{"count":0,"href":"https:\/\/mon-taux.com\/blog\/wp-json\/wp\/v2\/posts\/7012\/revisions"}],"wp:attachment":[{"href":"https:\/\/mon-taux.com\/blog\/wp-json\/wp\/v2\/media?parent=7012"}],"wp:term":[{"taxonomy":"category","embeddable":true,"href":"https:\/\/mon-taux.com\/blog\/wp-json\/wp\/v2\/categories?post=7012"},{"taxonomy":"post_tag","embeddable":true,"href":"https:\/\/mon-taux.com\/blog\/wp-json\/wp\/v2\/tags?post=7012"}],"curies":[{"name":"wp","href":"https:\/\/api.w.org\/{rel}","templated":true}]}}