{"id":6862,"date":"2012-11-12T13:36:04","date_gmt":"2012-11-12T12:36:04","guid":{"rendered":"https:\/\/mon-taux-de-change.com\/?p=6862"},"modified":"2012-11-12T13:36:04","modified_gmt":"2012-11-12T12:36:04","slug":"12112012-mais-ou-allons-nous","status":"publish","type":"post","link":"https:\/\/mon-taux.com\/blog\/2012\/11\/12\/12112012-mais-ou-allons-nous\/","title":{"rendered":"12\/11\/2012 &#8211; Mais o\u00f9 allons-nous ?"},"content":{"rendered":"<p>La difficult\u00e9 dans une p\u00e9riode difficile est de trouver une issue qui permettra de retrouver des jours meilleurs. Mais dans le contexte actuel, c\u2019est bien l\u2019absence de perspectives qui nous plonge dans l\u2019incertitude.<br \/>\nSur le front du cours euro\/chf, nous sommes repartis en direction du cours plancher. L\u2019atonie de l\u2019\u00e9conomie europ\u00e9enne ram\u00e8ne les investisseurs vers des horizons plus surs et in\u00e9vitablement vers le franc suisse. La tendance des 2 derni\u00e8res semaines nous oriente \u00e0 nouveau vers 1,20 et il ne faut pas attendre de changement de tendance dans les prochains jours. Une bonne nouvelle pour les commerces de la zone frontali\u00e8re. Au moins, on sait d\u00e9j\u00e0 o\u00f9 le p\u00e8re No\u00ebl fera ses courses cette ann\u00e9e !<br \/>\nLe dernier rapport conjoncturel pour la Suisse fait ressortir un ralentissement de la croissance avec toujours de tr\u00e8s fortes disparit\u00e9s selon les secteurs d\u2019activit\u00e9s. L\u2019\u00e9conomie suisse continue d\u2019\u00eatre tiraill\u00e9e entre une demande int\u00e9rieure positive et les influences n\u00e9gatives de l\u2019\u00e9volution internationale. L\u2019industrie et l\u2019h\u00f4tellerie souffre alors que l\u2019activit\u00e9 des secteurs du b\u00e2timent et de l\u2019assurance continuent \u00e0 bien se porter.<br \/>\nC\u00f4t\u00e9 europ\u00e9en, on sait depuis longtemps que la Gr\u00e8ce va \u00e0 la faillite. Mais on continue de mettre un empl\u00e2tre sur une jambe de bois. La semaine derni\u00e8re, le parlement grec a vot\u00e9 un nouveau plan d\u2019\u00e9conomie, sans m\u00eame que le peuple se mobilise ! Soit les Grecs ont abdiqu\u00e9, soit ils ont compris que rien n\u2019allait changer\u2026<br \/>\nLa France va mal, tr\u00e8s mal pourtant elle est gouvern\u00e9e par des dirigeants intelligents, mais qui ne savent pas o\u00f9 ils vont ! C\u2019est la conclusion des d\u00e9cisions de la semaine pass\u00e9e. Que penser d\u2019un gouvernement qui d\u00e9cide, pour les entreprises, 10 milliards d\u2019imp\u00f4ts suppl\u00e9mentaires et dans la semaine suivante revient avec un all\u00e8gement de charges fiscales de 20 Milliards ? Ils ont au moins eu l\u2019intelligence de faire marche arri\u00e8re alors que la direction prise \u00e9tait la mauvaise. Ne sachant que faire de l\u2019improductif Montebourg, le gouvernement a d\u00e9cid\u00e9 de l\u2019envoyer en Libye. Une nouvelle preuve d\u2019intelligence\u2026.<br \/>\nBarack casse la baraque et repart pour 4 ans de plus. Aucune euphorie sur les march\u00e9s, car la dette am\u00e9ricaine continue de s\u2019envoler et on ne voit pas trop de signe d\u2019am\u00e9lioration. En tout cas, cette r\u00e9\u00e9lection fait plaisir aux europ\u00e9ens, c\u2019est d\u00e9j\u00e0 \u00e7a !<br \/>\nPour les frontaliers, le taux de change continue \u00e0 assurer leur bonheur. Autre bonne nouvelle du c\u00f4t\u00e9 des taux des cr\u00e9dits immobiliers qui amorcent une nouvelle baisse ce mois. Pour ceux qui ont financ\u00e9 leur logement avec un pr\u00eat en devise en taux Libor variable adoss\u00e9 \u00e0 un 3\u00e8me pilier, le moment semble opportun pour passer sur un cr\u00e9dit \u00e0 taux fixe amortissable. Histoire de savoir o\u00f9 ira votre budget avec le retour de l\u2019inflation.<br \/>\nAllez, tout de bon, comme on dit chez nous.<\/p>\n","protected":false},"excerpt":{"rendered":"<p>La difficult\u00e9 dans une p\u00e9riode difficile est de trouver une issue qui permettra de retrouver des jours meilleurs. Mais dans le contexte actuel, c\u2019est bien l\u2019absence de perspectives qui nous plonge dans l\u2019incertitude. Sur le front du cours euro\/chf, nous sommes repartis en direction du cours plancher. L\u2019atonie de l\u2019\u00e9conomie europ\u00e9enne ram\u00e8ne les investisseurs vers [&hellip;]<\/p>\n","protected":false},"author":2,"featured_media":0,"comment_status":"open","ping_status":"open","sticky":false,"template":"","format":"standard","meta":{"footnotes":""},"categories":[14],"tags":[26,27],"class_list":{"0":"post-6862","1":"post","2":"type-post","3":"status-publish","4":"format-standard","6":"category-historique-taux-de-change","7":"tag-bns","8":"tag-taux-plancher","9":"czr-hentry"},"yoast_head":"<!-- This site is optimized with the Yoast SEO plugin v25.8 - https:\/\/yoast.com\/wordpress\/plugins\/seo\/ -->\n<title>12\/11\/2012 - Mais o\u00f9 allons-nous ? - Mon-taux.com - Blog des experts en frontaliers<\/title>\n<meta name=\"robots\" content=\"index, follow, max-snippet:-1, max-image-preview:large, max-video-preview:-1\" \/>\n<link rel=\"canonical\" href=\"https:\/\/mon-taux.com\/blog\/2012\/11\/12\/12112012-mais-ou-allons-nous\/\" \/>\n<meta property=\"og:locale\" content=\"fr_FR\" \/>\n<meta property=\"og:type\" content=\"article\" \/>\n<meta property=\"og:title\" content=\"12\/11\/2012 - Mais o\u00f9 allons-nous ? - Mon-taux.com - Blog des experts en frontaliers\" \/>\n<meta property=\"og:description\" content=\"La difficult\u00e9 dans une p\u00e9riode difficile est de trouver une issue qui permettra de retrouver des jours meilleurs. Mais dans le contexte actuel, c\u2019est bien l\u2019absence de perspectives qui nous plonge dans l\u2019incertitude. Sur le front du cours euro\/chf, nous sommes repartis en direction du cours plancher. L\u2019atonie de l\u2019\u00e9conomie europ\u00e9enne ram\u00e8ne les investisseurs vers [&hellip;]\" \/>\n<meta property=\"og:url\" content=\"https:\/\/mon-taux.com\/blog\/2012\/11\/12\/12112012-mais-ou-allons-nous\/\" \/>\n<meta property=\"og:site_name\" content=\"Mon-taux.com - Blog des experts en frontaliers\" \/>\n<meta property=\"article:publisher\" content=\"https:\/\/www.facebook.com\/MonTauxCom.ComparateurFrontalier\" \/>\n<meta property=\"article:published_time\" content=\"2012-11-12T12:36:04+00:00\" \/>\n<meta name=\"author\" content=\"montaux\" \/>\n<meta name=\"twitter:card\" content=\"summary_large_image\" \/>\n<meta name=\"twitter:creator\" content=\"@MonTauxCom\" \/>\n<meta name=\"twitter:site\" content=\"@MonTauxCom\" \/>\n<meta name=\"twitter:label1\" content=\"\u00c9crit par\" \/>\n\t<meta name=\"twitter:data1\" content=\"montaux\" \/>\n\t<meta name=\"twitter:label2\" content=\"Dur\u00e9e de lecture estim\u00e9e\" \/>\n\t<meta name=\"twitter:data2\" content=\"3 minutes\" \/>\n<script type=\"application\/ld+json\" class=\"yoast-schema-graph\">{\"@context\":\"https:\/\/schema.org\",\"@graph\":[{\"@type\":\"Article\",\"@id\":\"https:\/\/mon-taux.com\/blog\/2012\/11\/12\/12112012-mais-ou-allons-nous\/#article\",\"isPartOf\":{\"@id\":\"https:\/\/mon-taux.com\/blog\/2012\/11\/12\/12112012-mais-ou-allons-nous\/\"},\"author\":{\"name\":\"montaux\",\"@id\":\"https:\/\/mon-taux.com\/blog\/#\/schema\/person\/bfe88bfabe109e312d4cd786a3dfe66f\"},\"headline\":\"12\/11\/2012 &#8211; Mais o\u00f9 allons-nous ?\",\"datePublished\":\"2012-11-12T12:36:04+00:00\",\"mainEntityOfPage\":{\"@id\":\"https:\/\/mon-taux.com\/blog\/2012\/11\/12\/12112012-mais-ou-allons-nous\/\"},\"wordCount\":520,\"commentCount\":0,\"publisher\":{\"@id\":\"https:\/\/mon-taux.com\/blog\/#organization\"},\"keywords\":[\"BNS\",\"taux plancher\"],\"articleSection\":[\"historique taux de change\"],\"inLanguage\":\"fr-FR\",\"potentialAction\":[{\"@type\":\"CommentAction\",\"name\":\"Comment\",\"target\":[\"https:\/\/mon-taux.com\/blog\/2012\/11\/12\/12112012-mais-ou-allons-nous\/#respond\"]}]},{\"@type\":\"WebPage\",\"@id\":\"https:\/\/mon-taux.com\/blog\/2012\/11\/12\/12112012-mais-ou-allons-nous\/\",\"url\":\"https:\/\/mon-taux.com\/blog\/2012\/11\/12\/12112012-mais-ou-allons-nous\/\",\"name\":\"12\/11\/2012 - Mais o\u00f9 allons-nous ? - Mon-taux.com - Blog des experts en frontaliers\",\"isPartOf\":{\"@id\":\"https:\/\/mon-taux.com\/blog\/#website\"},\"datePublished\":\"2012-11-12T12:36:04+00:00\",\"breadcrumb\":{\"@id\":\"https:\/\/mon-taux.com\/blog\/2012\/11\/12\/12112012-mais-ou-allons-nous\/#breadcrumb\"},\"inLanguage\":\"fr-FR\",\"potentialAction\":[{\"@type\":\"ReadAction\",\"target\":[\"https:\/\/mon-taux.com\/blog\/2012\/11\/12\/12112012-mais-ou-allons-nous\/\"]}]},{\"@type\":\"BreadcrumbList\",\"@id\":\"https:\/\/mon-taux.com\/blog\/2012\/11\/12\/12112012-mais-ou-allons-nous\/#breadcrumb\",\"itemListElement\":[{\"@type\":\"ListItem\",\"position\":1,\"name\":\"Accueil\",\"item\":\"https:\/\/mon-taux.com\/blog\/\"},{\"@type\":\"ListItem\",\"position\":2,\"name\":\"12\/11\/2012 &#8211; Mais o\u00f9 allons-nous ?\"}]},{\"@type\":\"WebSite\",\"@id\":\"https:\/\/mon-taux.com\/blog\/#website\",\"url\":\"https:\/\/mon-taux.com\/blog\/\",\"name\":\"Mon-taux.com - Blog des experts en frontaliers\",\"description\":\"\",\"publisher\":{\"@id\":\"https:\/\/mon-taux.com\/blog\/#organization\"},\"potentialAction\":[{\"@type\":\"SearchAction\",\"target\":{\"@type\":\"EntryPoint\",\"urlTemplate\":\"https:\/\/mon-taux.com\/blog\/?s={search_term_string}\"},\"query-input\":{\"@type\":\"PropertyValueSpecification\",\"valueRequired\":true,\"valueName\":\"search_term_string\"}}],\"inLanguage\":\"fr-FR\"},{\"@type\":\"Organization\",\"@id\":\"https:\/\/mon-taux.com\/blog\/#organization\",\"name\":\"Mon-taux.com\",\"url\":\"https:\/\/mon-taux.com\/blog\/\",\"logo\":{\"@type\":\"ImageObject\",\"inLanguage\":\"fr-FR\",\"@id\":\"https:\/\/mon-taux.com\/blog\/#\/schema\/logo\/image\/\",\"url\":\"https:\/\/mon-taux.com\/blog\/wp-content\/uploads\/2020\/08\/montaux-new-logo-e1596462820847.png\",\"contentUrl\":\"https:\/\/mon-taux.com\/blog\/wp-content\/uploads\/2020\/08\/montaux-new-logo-e1596462820847.png\",\"width\":300,\"height\":172,\"caption\":\"Mon-taux.com\"},\"image\":{\"@id\":\"https:\/\/mon-taux.com\/blog\/#\/schema\/logo\/image\/\"},\"sameAs\":[\"https:\/\/www.facebook.com\/MonTauxCom.ComparateurFrontalier\",\"https:\/\/x.com\/MonTauxCom\",\"https:\/\/www.youtube.com\/channel\/UCyft978dCKAgV8DglhSW6gg\"]},{\"@type\":\"Person\",\"@id\":\"https:\/\/mon-taux.com\/blog\/#\/schema\/person\/bfe88bfabe109e312d4cd786a3dfe66f\",\"name\":\"montaux\",\"image\":{\"@type\":\"ImageObject\",\"inLanguage\":\"fr-FR\",\"@id\":\"https:\/\/mon-taux.com\/blog\/#\/schema\/person\/image\/\",\"url\":\"https:\/\/mon-taux.com\/blog\/wp-content\/uploads\/2020\/08\/favicon2-150x150.png\",\"contentUrl\":\"https:\/\/mon-taux.com\/blog\/wp-content\/uploads\/2020\/08\/favicon2-150x150.png\",\"caption\":\"montaux\"},\"sameAs\":[\"https:\/\/mon-taux.com\"],\"url\":\"https:\/\/mon-taux.com\/blog\/author\/montaux\/\"}]}<\/script>\n<!-- \/ Yoast SEO plugin. -->","yoast_head_json":{"title":"12\/11\/2012 - Mais o\u00f9 allons-nous ? - Mon-taux.com - Blog des experts en frontaliers","robots":{"index":"index","follow":"follow","max-snippet":"max-snippet:-1","max-image-preview":"max-image-preview:large","max-video-preview":"max-video-preview:-1"},"canonical":"https:\/\/mon-taux.com\/blog\/2012\/11\/12\/12112012-mais-ou-allons-nous\/","og_locale":"fr_FR","og_type":"article","og_title":"12\/11\/2012 - Mais o\u00f9 allons-nous ? - Mon-taux.com - Blog des experts en frontaliers","og_description":"La difficult\u00e9 dans une p\u00e9riode difficile est de trouver une issue qui permettra de retrouver des jours meilleurs. Mais dans le contexte actuel, c\u2019est bien l\u2019absence de perspectives qui nous plonge dans l\u2019incertitude. Sur le front du cours euro\/chf, nous sommes repartis en direction du cours plancher. L\u2019atonie de l\u2019\u00e9conomie europ\u00e9enne ram\u00e8ne les investisseurs vers [&hellip;]","og_url":"https:\/\/mon-taux.com\/blog\/2012\/11\/12\/12112012-mais-ou-allons-nous\/","og_site_name":"Mon-taux.com - Blog des experts en frontaliers","article_publisher":"https:\/\/www.facebook.com\/MonTauxCom.ComparateurFrontalier","article_published_time":"2012-11-12T12:36:04+00:00","author":"montaux","twitter_card":"summary_large_image","twitter_creator":"@MonTauxCom","twitter_site":"@MonTauxCom","twitter_misc":{"\u00c9crit par":"montaux","Dur\u00e9e de lecture estim\u00e9e":"3 minutes"},"schema":{"@context":"https:\/\/schema.org","@graph":[{"@type":"Article","@id":"https:\/\/mon-taux.com\/blog\/2012\/11\/12\/12112012-mais-ou-allons-nous\/#article","isPartOf":{"@id":"https:\/\/mon-taux.com\/blog\/2012\/11\/12\/12112012-mais-ou-allons-nous\/"},"author":{"name":"montaux","@id":"https:\/\/mon-taux.com\/blog\/#\/schema\/person\/bfe88bfabe109e312d4cd786a3dfe66f"},"headline":"12\/11\/2012 &#8211; Mais o\u00f9 allons-nous ?","datePublished":"2012-11-12T12:36:04+00:00","mainEntityOfPage":{"@id":"https:\/\/mon-taux.com\/blog\/2012\/11\/12\/12112012-mais-ou-allons-nous\/"},"wordCount":520,"commentCount":0,"publisher":{"@id":"https:\/\/mon-taux.com\/blog\/#organization"},"keywords":["BNS","taux plancher"],"articleSection":["historique taux de change"],"inLanguage":"fr-FR","potentialAction":[{"@type":"CommentAction","name":"Comment","target":["https:\/\/mon-taux.com\/blog\/2012\/11\/12\/12112012-mais-ou-allons-nous\/#respond"]}]},{"@type":"WebPage","@id":"https:\/\/mon-taux.com\/blog\/2012\/11\/12\/12112012-mais-ou-allons-nous\/","url":"https:\/\/mon-taux.com\/blog\/2012\/11\/12\/12112012-mais-ou-allons-nous\/","name":"12\/11\/2012 - Mais o\u00f9 allons-nous ? - Mon-taux.com - Blog des experts en frontaliers","isPartOf":{"@id":"https:\/\/mon-taux.com\/blog\/#website"},"datePublished":"2012-11-12T12:36:04+00:00","breadcrumb":{"@id":"https:\/\/mon-taux.com\/blog\/2012\/11\/12\/12112012-mais-ou-allons-nous\/#breadcrumb"},"inLanguage":"fr-FR","potentialAction":[{"@type":"ReadAction","target":["https:\/\/mon-taux.com\/blog\/2012\/11\/12\/12112012-mais-ou-allons-nous\/"]}]},{"@type":"BreadcrumbList","@id":"https:\/\/mon-taux.com\/blog\/2012\/11\/12\/12112012-mais-ou-allons-nous\/#breadcrumb","itemListElement":[{"@type":"ListItem","position":1,"name":"Accueil","item":"https:\/\/mon-taux.com\/blog\/"},{"@type":"ListItem","position":2,"name":"12\/11\/2012 &#8211; Mais o\u00f9 allons-nous ?"}]},{"@type":"WebSite","@id":"https:\/\/mon-taux.com\/blog\/#website","url":"https:\/\/mon-taux.com\/blog\/","name":"Mon-taux.com - Blog des experts en frontaliers","description":"","publisher":{"@id":"https:\/\/mon-taux.com\/blog\/#organization"},"potentialAction":[{"@type":"SearchAction","target":{"@type":"EntryPoint","urlTemplate":"https:\/\/mon-taux.com\/blog\/?s={search_term_string}"},"query-input":{"@type":"PropertyValueSpecification","valueRequired":true,"valueName":"search_term_string"}}],"inLanguage":"fr-FR"},{"@type":"Organization","@id":"https:\/\/mon-taux.com\/blog\/#organization","name":"Mon-taux.com","url":"https:\/\/mon-taux.com\/blog\/","logo":{"@type":"ImageObject","inLanguage":"fr-FR","@id":"https:\/\/mon-taux.com\/blog\/#\/schema\/logo\/image\/","url":"https:\/\/mon-taux.com\/blog\/wp-content\/uploads\/2020\/08\/montaux-new-logo-e1596462820847.png","contentUrl":"https:\/\/mon-taux.com\/blog\/wp-content\/uploads\/2020\/08\/montaux-new-logo-e1596462820847.png","width":300,"height":172,"caption":"Mon-taux.com"},"image":{"@id":"https:\/\/mon-taux.com\/blog\/#\/schema\/logo\/image\/"},"sameAs":["https:\/\/www.facebook.com\/MonTauxCom.ComparateurFrontalier","https:\/\/x.com\/MonTauxCom","https:\/\/www.youtube.com\/channel\/UCyft978dCKAgV8DglhSW6gg"]},{"@type":"Person","@id":"https:\/\/mon-taux.com\/blog\/#\/schema\/person\/bfe88bfabe109e312d4cd786a3dfe66f","name":"montaux","image":{"@type":"ImageObject","inLanguage":"fr-FR","@id":"https:\/\/mon-taux.com\/blog\/#\/schema\/person\/image\/","url":"https:\/\/mon-taux.com\/blog\/wp-content\/uploads\/2020\/08\/favicon2-150x150.png","contentUrl":"https:\/\/mon-taux.com\/blog\/wp-content\/uploads\/2020\/08\/favicon2-150x150.png","caption":"montaux"},"sameAs":["https:\/\/mon-taux.com"],"url":"https:\/\/mon-taux.com\/blog\/author\/montaux\/"}]}},"_links":{"self":[{"href":"https:\/\/mon-taux.com\/blog\/wp-json\/wp\/v2\/posts\/6862","targetHints":{"allow":["GET"]}}],"collection":[{"href":"https:\/\/mon-taux.com\/blog\/wp-json\/wp\/v2\/posts"}],"about":[{"href":"https:\/\/mon-taux.com\/blog\/wp-json\/wp\/v2\/types\/post"}],"author":[{"embeddable":true,"href":"https:\/\/mon-taux.com\/blog\/wp-json\/wp\/v2\/users\/2"}],"replies":[{"embeddable":true,"href":"https:\/\/mon-taux.com\/blog\/wp-json\/wp\/v2\/comments?post=6862"}],"version-history":[{"count":0,"href":"https:\/\/mon-taux.com\/blog\/wp-json\/wp\/v2\/posts\/6862\/revisions"}],"wp:attachment":[{"href":"https:\/\/mon-taux.com\/blog\/wp-json\/wp\/v2\/media?parent=6862"}],"wp:term":[{"taxonomy":"category","embeddable":true,"href":"https:\/\/mon-taux.com\/blog\/wp-json\/wp\/v2\/categories?post=6862"},{"taxonomy":"post_tag","embeddable":true,"href":"https:\/\/mon-taux.com\/blog\/wp-json\/wp\/v2\/tags?post=6862"}],"curies":[{"name":"wp","href":"https:\/\/api.w.org\/{rel}","templated":true}]}}