{"id":6381,"date":"2012-07-09T14:32:26","date_gmt":"2012-07-09T12:32:26","guid":{"rendered":"https:\/\/mon-taux-de-change.com\/?p=6381"},"modified":"2012-07-09T14:32:26","modified_gmt":"2012-07-09T12:32:26","slug":"10072012-leuro-a-nouveau-sous-pression","status":"publish","type":"post","link":"https:\/\/mon-taux.com\/blog\/2012\/07\/09\/10072012-leuro-a-nouveau-sous-pression\/","title":{"rendered":"10\/07\/2012 &#8211; L&#039;euro \u00e0 nouveau sous pression"},"content":{"rendered":"<table style=\"height: 140px; width: 998px;\" border=\"0\">\n<tbody>\n<tr>\n<td><a href=\"https:\/\/mon-taux-de-change.com\/wp-content\/uploads\/2012\/01\/Capture-d\u2019\u00e9cran-2012-01-16-\u00e0-17.00.321-e1326729827940.png\"><img loading=\"lazy\" decoding=\"async\" class=\" wp-image-4433\" src=\"https:\/\/mon-taux-de-change.com\/wp-content\/uploads\/2012\/01\/Capture-d\u2019\u00e9cran-2012-01-16-\u00e0-17.00.321-e1326729827940.png\" alt=\"\" width=\"48\" height=\"66\" \/><\/a><\/td>\n<td>\n<p style=\"text-align: justify;\"><span style=\"font-size: small;\">Le r\u00e9pit aura \u00e9t\u00e9 de courte dur\u00e9e avant que les march\u00e9s ne remettent la pression sur la zone euro et la monnaie unique. <\/span><\/p>\n<p style=\"text-align: justify;\"><span style=\"font-size: small;\">Pourquoi\u00a0? Tout simplement pour tester les dispositions ent\u00e9rin\u00e9es lors du dernier sommet qui semblait marquer un tournant significatif dans le r\u00e8glement de la crise. Oui mais voil\u00e0, le march\u00e9 ne se satisfait pas des belles paroles et souhaite voir comment fonctionne le m\u00e9canisme de protection contre les taux de financement \u00e9lev\u00e9s.<br \/>\n<\/span><\/p>\n<\/td>\n<\/tr>\n<\/tbody>\n<\/table>\n<p style=\"text-align: justify;\"><span style=\"font-size: small;\">Ce matin, le taux d\u2019emprunt espagnol passe de nouveau la barri\u00e8re des 7%, niveau au dessus duquel les \u00e9tats ne peuvent plus faire face. Dans les faits, la principale d\u00e9ception r\u00e9side dans la non intervention vendredi de la BCE. Alors que Mario Draghi, pr\u00e9sident de la BCE, \u00e9tait attendu sur une nouvelle baisse des taux, il devait apporter des garanties et son soutien aux pays et aux banques europ\u00e9ennes. Il n\u2019en a rien \u00e9t\u00e9 et l\u2019euro a replong\u00e9\u00a0!<\/span><\/p>\n<p style=\"text-align: justify;\"><span style=\"font-size: small;\">C\u00f4t\u00e9 Suisse, c\u2019est la f\u00eate\u00a0! Roger gagne \u00e0 Wimbledon, le Tour de France fait \u00e9tape \u00e0 Porrentruy et le taux de ch\u00f4mage \u00e0 Gen\u00e8ve passe sous la barre des 5%. Quel contraste\u00a0! L\u2019\u00e9conomie Suisse se porte bien, m\u00eame si elle souffre de la force de sa monnaie et de la faiblesse de l\u2019\u00e9conomie europ\u00e9enne. Le franc suisse n\u2019a donc pas fini d\u2019\u00eatre recherch\u00e9 et la BNS d\u2019intervenir pour soutenir le cours plancher. Toutefois, si le dernier bulletin conjoncturel du KOF (Centre de recherches conjoncturelles de l\u2019EPF Zurich) est positif, il fait ressortir les nombreuses incertitudes autour de l\u2019\u00e9volution de la zone euro et des exportations qui pourraient menacer le rythme de la croissance en Suisse.<\/span><\/p>\n<p style=\"text-align: justify;\"><span style=\"font-size: small;\">Pour le cours euro\/chf,\u00a0 pas de grand changement \u00e0 attendre. Il restera dans les prochains jours sur le cours plancher \u00e0 1,20.<\/span><\/p>\n<p style=\"text-align: justify;\"><span style=\"font-size: small;\">Du soleil, des routes d\u00e9sert\u00e9es, un cours de change au top, des taux de cr\u00e9dit en baisse\u00a0! Il fait toujours bon d\u2019\u00eatre frontalier et de nombreux genevois l\u2019on bien comprit. Nous ne le dirons jamais assez, profitez de l\u2019augmentation de votre pouvoir d\u2019achat pour faire de l\u2019\u00e9pargne. La situation peut se retourner tellement rapidement.<\/span><\/p>\n<p style=\"text-align: justify;\"><span style=\"font-size: small;\">Allez, tout de bon, comme on dit chez nous. \u00a0\u00a0<\/span><\/p>\n<p style=\"text-align: justify;\"><span style=\"font-size: small;\">Christophe Chevassus<\/span><\/p>\n<p style=\"text-align: justify;\"><span style=\"font-size: small;\">\u00a0<\/span><\/p>\n<p>&nbsp;<br \/>\n&nbsp;<\/p>\n","protected":false},"excerpt":{"rendered":"<p>Le r\u00e9pit aura \u00e9t\u00e9 de courte dur\u00e9e avant que les march\u00e9s ne remettent la pression sur la zone euro et la monnaie unique. Pourquoi\u00a0? Tout simplement pour tester les dispositions ent\u00e9rin\u00e9es lors du dernier sommet qui semblait marquer un tournant significatif dans le r\u00e8glement de la crise. Oui mais voil\u00e0, le march\u00e9 ne se satisfait [&hellip;]<\/p>\n","protected":false},"author":2,"featured_media":4433,"comment_status":"open","ping_status":"open","sticky":false,"template":"","format":"standard","meta":{"footnotes":""},"categories":[14],"tags":[],"class_list":{"0":"post-6381","1":"post","2":"type-post","3":"status-publish","4":"format-standard","5":"has-post-thumbnail","7":"category-historique-taux-de-change","8":"czr-hentry"},"yoast_head":"<!-- This site is optimized with the Yoast SEO plugin v25.8 - https:\/\/yoast.com\/wordpress\/plugins\/seo\/ -->\n<title>10\/07\/2012 - L&#039;euro \u00e0 nouveau sous pression - Mon-taux.com - Blog des experts en frontaliers<\/title>\n<meta name=\"robots\" content=\"index, follow, max-snippet:-1, max-image-preview:large, max-video-preview:-1\" \/>\n<link rel=\"canonical\" href=\"https:\/\/mon-taux.com\/blog\/2012\/07\/09\/10072012-leuro-a-nouveau-sous-pression\/\" \/>\n<meta property=\"og:locale\" content=\"fr_FR\" \/>\n<meta property=\"og:type\" content=\"article\" \/>\n<meta property=\"og:title\" content=\"10\/07\/2012 - L&#039;euro \u00e0 nouveau sous pression - Mon-taux.com - Blog des experts en frontaliers\" \/>\n<meta property=\"og:description\" content=\"Le r\u00e9pit aura \u00e9t\u00e9 de courte dur\u00e9e avant que les march\u00e9s ne remettent la pression sur la zone euro et la monnaie unique. Pourquoi\u00a0? Tout simplement pour tester les dispositions ent\u00e9rin\u00e9es lors du dernier sommet qui semblait marquer un tournant significatif dans le r\u00e8glement de la crise. Oui mais voil\u00e0, le march\u00e9 ne se satisfait [&hellip;]\" \/>\n<meta property=\"og:url\" content=\"https:\/\/mon-taux.com\/blog\/2012\/07\/09\/10072012-leuro-a-nouveau-sous-pression\/\" \/>\n<meta property=\"og:site_name\" content=\"Mon-taux.com - Blog des experts en frontaliers\" \/>\n<meta property=\"article:publisher\" content=\"https:\/\/www.facebook.com\/MonTauxCom.ComparateurFrontalier\" \/>\n<meta property=\"article:published_time\" content=\"2012-07-09T12:32:26+00:00\" \/>\n<meta name=\"author\" content=\"montaux\" \/>\n<meta name=\"twitter:card\" content=\"summary_large_image\" \/>\n<meta name=\"twitter:creator\" content=\"@MonTauxCom\" \/>\n<meta name=\"twitter:site\" content=\"@MonTauxCom\" \/>\n<meta name=\"twitter:label1\" content=\"\u00c9crit par\" \/>\n\t<meta name=\"twitter:data1\" content=\"montaux\" \/>\n\t<meta name=\"twitter:label2\" content=\"Dur\u00e9e de lecture estim\u00e9e\" \/>\n\t<meta name=\"twitter:data2\" content=\"2 minutes\" \/>\n<script type=\"application\/ld+json\" class=\"yoast-schema-graph\">{\"@context\":\"https:\/\/schema.org\",\"@graph\":[{\"@type\":\"Article\",\"@id\":\"https:\/\/mon-taux.com\/blog\/2012\/07\/09\/10072012-leuro-a-nouveau-sous-pression\/#article\",\"isPartOf\":{\"@id\":\"https:\/\/mon-taux.com\/blog\/2012\/07\/09\/10072012-leuro-a-nouveau-sous-pression\/\"},\"author\":{\"name\":\"montaux\",\"@id\":\"https:\/\/mon-taux.com\/blog\/#\/schema\/person\/bfe88bfabe109e312d4cd786a3dfe66f\"},\"headline\":\"10\/07\/2012 &#8211; L&#039;euro \u00e0 nouveau sous pression\",\"datePublished\":\"2012-07-09T12:32:26+00:00\",\"mainEntityOfPage\":{\"@id\":\"https:\/\/mon-taux.com\/blog\/2012\/07\/09\/10072012-leuro-a-nouveau-sous-pression\/\"},\"wordCount\":393,\"commentCount\":0,\"publisher\":{\"@id\":\"https:\/\/mon-taux.com\/blog\/#organization\"},\"image\":{\"@id\":\"https:\/\/mon-taux.com\/blog\/2012\/07\/09\/10072012-leuro-a-nouveau-sous-pression\/#primaryimage\"},\"thumbnailUrl\":\"\",\"articleSection\":[\"historique taux de change\"],\"inLanguage\":\"fr-FR\",\"potentialAction\":[{\"@type\":\"CommentAction\",\"name\":\"Comment\",\"target\":[\"https:\/\/mon-taux.com\/blog\/2012\/07\/09\/10072012-leuro-a-nouveau-sous-pression\/#respond\"]}]},{\"@type\":\"WebPage\",\"@id\":\"https:\/\/mon-taux.com\/blog\/2012\/07\/09\/10072012-leuro-a-nouveau-sous-pression\/\",\"url\":\"https:\/\/mon-taux.com\/blog\/2012\/07\/09\/10072012-leuro-a-nouveau-sous-pression\/\",\"name\":\"10\/07\/2012 - L&#039;euro \u00e0 nouveau sous pression - Mon-taux.com - Blog des experts en frontaliers\",\"isPartOf\":{\"@id\":\"https:\/\/mon-taux.com\/blog\/#website\"},\"primaryImageOfPage\":{\"@id\":\"https:\/\/mon-taux.com\/blog\/2012\/07\/09\/10072012-leuro-a-nouveau-sous-pression\/#primaryimage\"},\"image\":{\"@id\":\"https:\/\/mon-taux.com\/blog\/2012\/07\/09\/10072012-leuro-a-nouveau-sous-pression\/#primaryimage\"},\"thumbnailUrl\":\"\",\"datePublished\":\"2012-07-09T12:32:26+00:00\",\"breadcrumb\":{\"@id\":\"https:\/\/mon-taux.com\/blog\/2012\/07\/09\/10072012-leuro-a-nouveau-sous-pression\/#breadcrumb\"},\"inLanguage\":\"fr-FR\",\"potentialAction\":[{\"@type\":\"ReadAction\",\"target\":[\"https:\/\/mon-taux.com\/blog\/2012\/07\/09\/10072012-leuro-a-nouveau-sous-pression\/\"]}]},{\"@type\":\"ImageObject\",\"inLanguage\":\"fr-FR\",\"@id\":\"https:\/\/mon-taux.com\/blog\/2012\/07\/09\/10072012-leuro-a-nouveau-sous-pression\/#primaryimage\",\"url\":\"\",\"contentUrl\":\"\"},{\"@type\":\"BreadcrumbList\",\"@id\":\"https:\/\/mon-taux.com\/blog\/2012\/07\/09\/10072012-leuro-a-nouveau-sous-pression\/#breadcrumb\",\"itemListElement\":[{\"@type\":\"ListItem\",\"position\":1,\"name\":\"Accueil\",\"item\":\"https:\/\/mon-taux.com\/blog\/\"},{\"@type\":\"ListItem\",\"position\":2,\"name\":\"10\/07\/2012 &#8211; L&#039;euro \u00e0 nouveau sous pression\"}]},{\"@type\":\"WebSite\",\"@id\":\"https:\/\/mon-taux.com\/blog\/#website\",\"url\":\"https:\/\/mon-taux.com\/blog\/\",\"name\":\"Mon-taux.com - Blog des experts en frontaliers\",\"description\":\"\",\"publisher\":{\"@id\":\"https:\/\/mon-taux.com\/blog\/#organization\"},\"potentialAction\":[{\"@type\":\"SearchAction\",\"target\":{\"@type\":\"EntryPoint\",\"urlTemplate\":\"https:\/\/mon-taux.com\/blog\/?s={search_term_string}\"},\"query-input\":{\"@type\":\"PropertyValueSpecification\",\"valueRequired\":true,\"valueName\":\"search_term_string\"}}],\"inLanguage\":\"fr-FR\"},{\"@type\":\"Organization\",\"@id\":\"https:\/\/mon-taux.com\/blog\/#organization\",\"name\":\"Mon-taux.com\",\"url\":\"https:\/\/mon-taux.com\/blog\/\",\"logo\":{\"@type\":\"ImageObject\",\"inLanguage\":\"fr-FR\",\"@id\":\"https:\/\/mon-taux.com\/blog\/#\/schema\/logo\/image\/\",\"url\":\"https:\/\/mon-taux.com\/blog\/wp-content\/uploads\/2020\/08\/montaux-new-logo-e1596462820847.png\",\"contentUrl\":\"https:\/\/mon-taux.com\/blog\/wp-content\/uploads\/2020\/08\/montaux-new-logo-e1596462820847.png\",\"width\":300,\"height\":172,\"caption\":\"Mon-taux.com\"},\"image\":{\"@id\":\"https:\/\/mon-taux.com\/blog\/#\/schema\/logo\/image\/\"},\"sameAs\":[\"https:\/\/www.facebook.com\/MonTauxCom.ComparateurFrontalier\",\"https:\/\/x.com\/MonTauxCom\",\"https:\/\/www.youtube.com\/channel\/UCyft978dCKAgV8DglhSW6gg\"]},{\"@type\":\"Person\",\"@id\":\"https:\/\/mon-taux.com\/blog\/#\/schema\/person\/bfe88bfabe109e312d4cd786a3dfe66f\",\"name\":\"montaux\",\"image\":{\"@type\":\"ImageObject\",\"inLanguage\":\"fr-FR\",\"@id\":\"https:\/\/mon-taux.com\/blog\/#\/schema\/person\/image\/\",\"url\":\"https:\/\/mon-taux.com\/blog\/wp-content\/uploads\/2020\/08\/favicon2-150x150.png\",\"contentUrl\":\"https:\/\/mon-taux.com\/blog\/wp-content\/uploads\/2020\/08\/favicon2-150x150.png\",\"caption\":\"montaux\"},\"sameAs\":[\"https:\/\/mon-taux.com\"],\"url\":\"https:\/\/mon-taux.com\/blog\/author\/montaux\/\"}]}<\/script>\n<!-- \/ Yoast SEO plugin. -->","yoast_head_json":{"title":"10\/07\/2012 - L&#039;euro \u00e0 nouveau sous pression - Mon-taux.com - Blog des experts en frontaliers","robots":{"index":"index","follow":"follow","max-snippet":"max-snippet:-1","max-image-preview":"max-image-preview:large","max-video-preview":"max-video-preview:-1"},"canonical":"https:\/\/mon-taux.com\/blog\/2012\/07\/09\/10072012-leuro-a-nouveau-sous-pression\/","og_locale":"fr_FR","og_type":"article","og_title":"10\/07\/2012 - L&#039;euro \u00e0 nouveau sous pression - Mon-taux.com - Blog des experts en frontaliers","og_description":"Le r\u00e9pit aura \u00e9t\u00e9 de courte dur\u00e9e avant que les march\u00e9s ne remettent la pression sur la zone euro et la monnaie unique. Pourquoi\u00a0? Tout simplement pour tester les dispositions ent\u00e9rin\u00e9es lors du dernier sommet qui semblait marquer un tournant significatif dans le r\u00e8glement de la crise. Oui mais voil\u00e0, le march\u00e9 ne se satisfait [&hellip;]","og_url":"https:\/\/mon-taux.com\/blog\/2012\/07\/09\/10072012-leuro-a-nouveau-sous-pression\/","og_site_name":"Mon-taux.com - Blog des experts en frontaliers","article_publisher":"https:\/\/www.facebook.com\/MonTauxCom.ComparateurFrontalier","article_published_time":"2012-07-09T12:32:26+00:00","author":"montaux","twitter_card":"summary_large_image","twitter_creator":"@MonTauxCom","twitter_site":"@MonTauxCom","twitter_misc":{"\u00c9crit par":"montaux","Dur\u00e9e de lecture estim\u00e9e":"2 minutes"},"schema":{"@context":"https:\/\/schema.org","@graph":[{"@type":"Article","@id":"https:\/\/mon-taux.com\/blog\/2012\/07\/09\/10072012-leuro-a-nouveau-sous-pression\/#article","isPartOf":{"@id":"https:\/\/mon-taux.com\/blog\/2012\/07\/09\/10072012-leuro-a-nouveau-sous-pression\/"},"author":{"name":"montaux","@id":"https:\/\/mon-taux.com\/blog\/#\/schema\/person\/bfe88bfabe109e312d4cd786a3dfe66f"},"headline":"10\/07\/2012 &#8211; L&#039;euro \u00e0 nouveau sous pression","datePublished":"2012-07-09T12:32:26+00:00","mainEntityOfPage":{"@id":"https:\/\/mon-taux.com\/blog\/2012\/07\/09\/10072012-leuro-a-nouveau-sous-pression\/"},"wordCount":393,"commentCount":0,"publisher":{"@id":"https:\/\/mon-taux.com\/blog\/#organization"},"image":{"@id":"https:\/\/mon-taux.com\/blog\/2012\/07\/09\/10072012-leuro-a-nouveau-sous-pression\/#primaryimage"},"thumbnailUrl":"","articleSection":["historique taux de change"],"inLanguage":"fr-FR","potentialAction":[{"@type":"CommentAction","name":"Comment","target":["https:\/\/mon-taux.com\/blog\/2012\/07\/09\/10072012-leuro-a-nouveau-sous-pression\/#respond"]}]},{"@type":"WebPage","@id":"https:\/\/mon-taux.com\/blog\/2012\/07\/09\/10072012-leuro-a-nouveau-sous-pression\/","url":"https:\/\/mon-taux.com\/blog\/2012\/07\/09\/10072012-leuro-a-nouveau-sous-pression\/","name":"10\/07\/2012 - L&#039;euro \u00e0 nouveau sous pression - Mon-taux.com - Blog des experts en frontaliers","isPartOf":{"@id":"https:\/\/mon-taux.com\/blog\/#website"},"primaryImageOfPage":{"@id":"https:\/\/mon-taux.com\/blog\/2012\/07\/09\/10072012-leuro-a-nouveau-sous-pression\/#primaryimage"},"image":{"@id":"https:\/\/mon-taux.com\/blog\/2012\/07\/09\/10072012-leuro-a-nouveau-sous-pression\/#primaryimage"},"thumbnailUrl":"","datePublished":"2012-07-09T12:32:26+00:00","breadcrumb":{"@id":"https:\/\/mon-taux.com\/blog\/2012\/07\/09\/10072012-leuro-a-nouveau-sous-pression\/#breadcrumb"},"inLanguage":"fr-FR","potentialAction":[{"@type":"ReadAction","target":["https:\/\/mon-taux.com\/blog\/2012\/07\/09\/10072012-leuro-a-nouveau-sous-pression\/"]}]},{"@type":"ImageObject","inLanguage":"fr-FR","@id":"https:\/\/mon-taux.com\/blog\/2012\/07\/09\/10072012-leuro-a-nouveau-sous-pression\/#primaryimage","url":"","contentUrl":""},{"@type":"BreadcrumbList","@id":"https:\/\/mon-taux.com\/blog\/2012\/07\/09\/10072012-leuro-a-nouveau-sous-pression\/#breadcrumb","itemListElement":[{"@type":"ListItem","position":1,"name":"Accueil","item":"https:\/\/mon-taux.com\/blog\/"},{"@type":"ListItem","position":2,"name":"10\/07\/2012 &#8211; L&#039;euro \u00e0 nouveau sous pression"}]},{"@type":"WebSite","@id":"https:\/\/mon-taux.com\/blog\/#website","url":"https:\/\/mon-taux.com\/blog\/","name":"Mon-taux.com - Blog des experts en frontaliers","description":"","publisher":{"@id":"https:\/\/mon-taux.com\/blog\/#organization"},"potentialAction":[{"@type":"SearchAction","target":{"@type":"EntryPoint","urlTemplate":"https:\/\/mon-taux.com\/blog\/?s={search_term_string}"},"query-input":{"@type":"PropertyValueSpecification","valueRequired":true,"valueName":"search_term_string"}}],"inLanguage":"fr-FR"},{"@type":"Organization","@id":"https:\/\/mon-taux.com\/blog\/#organization","name":"Mon-taux.com","url":"https:\/\/mon-taux.com\/blog\/","logo":{"@type":"ImageObject","inLanguage":"fr-FR","@id":"https:\/\/mon-taux.com\/blog\/#\/schema\/logo\/image\/","url":"https:\/\/mon-taux.com\/blog\/wp-content\/uploads\/2020\/08\/montaux-new-logo-e1596462820847.png","contentUrl":"https:\/\/mon-taux.com\/blog\/wp-content\/uploads\/2020\/08\/montaux-new-logo-e1596462820847.png","width":300,"height":172,"caption":"Mon-taux.com"},"image":{"@id":"https:\/\/mon-taux.com\/blog\/#\/schema\/logo\/image\/"},"sameAs":["https:\/\/www.facebook.com\/MonTauxCom.ComparateurFrontalier","https:\/\/x.com\/MonTauxCom","https:\/\/www.youtube.com\/channel\/UCyft978dCKAgV8DglhSW6gg"]},{"@type":"Person","@id":"https:\/\/mon-taux.com\/blog\/#\/schema\/person\/bfe88bfabe109e312d4cd786a3dfe66f","name":"montaux","image":{"@type":"ImageObject","inLanguage":"fr-FR","@id":"https:\/\/mon-taux.com\/blog\/#\/schema\/person\/image\/","url":"https:\/\/mon-taux.com\/blog\/wp-content\/uploads\/2020\/08\/favicon2-150x150.png","contentUrl":"https:\/\/mon-taux.com\/blog\/wp-content\/uploads\/2020\/08\/favicon2-150x150.png","caption":"montaux"},"sameAs":["https:\/\/mon-taux.com"],"url":"https:\/\/mon-taux.com\/blog\/author\/montaux\/"}]}},"_links":{"self":[{"href":"https:\/\/mon-taux.com\/blog\/wp-json\/wp\/v2\/posts\/6381","targetHints":{"allow":["GET"]}}],"collection":[{"href":"https:\/\/mon-taux.com\/blog\/wp-json\/wp\/v2\/posts"}],"about":[{"href":"https:\/\/mon-taux.com\/blog\/wp-json\/wp\/v2\/types\/post"}],"author":[{"embeddable":true,"href":"https:\/\/mon-taux.com\/blog\/wp-json\/wp\/v2\/users\/2"}],"replies":[{"embeddable":true,"href":"https:\/\/mon-taux.com\/blog\/wp-json\/wp\/v2\/comments?post=6381"}],"version-history":[{"count":0,"href":"https:\/\/mon-taux.com\/blog\/wp-json\/wp\/v2\/posts\/6381\/revisions"}],"wp:featuredmedia":[{"embeddable":true,"href":"https:\/\/mon-taux.com\/blog\/wp-json\/"}],"wp:attachment":[{"href":"https:\/\/mon-taux.com\/blog\/wp-json\/wp\/v2\/media?parent=6381"}],"wp:term":[{"taxonomy":"category","embeddable":true,"href":"https:\/\/mon-taux.com\/blog\/wp-json\/wp\/v2\/categories?post=6381"},{"taxonomy":"post_tag","embeddable":true,"href":"https:\/\/mon-taux.com\/blog\/wp-json\/wp\/v2\/tags?post=6381"}],"curies":[{"name":"wp","href":"https:\/\/api.w.org\/{rel}","templated":true}]}}