{"id":5748,"date":"2012-04-12T15:56:58","date_gmt":"2012-04-12T13:56:58","guid":{"rendered":"https:\/\/mon-taux-de-change.com\/?p=5748"},"modified":"2012-04-12T15:56:58","modified_gmt":"2012-04-12T13:56:58","slug":"actualite-change-euro-chf","status":"publish","type":"post","link":"https:\/\/mon-taux.com\/blog\/2012\/04\/12\/actualite-change-euro-chf\/","title":{"rendered":"12\/04\/12 &#8211; Doucement mais s\u00fbrement"},"content":{"rendered":"<p style=\"text-align: justify;\">Doucement mais s\u00fbrement : le cours euro\/chf se rapproche du cours plancher fix\u00e9 \u00e0 1,20 par la BNS. Sur les 2 derniers mois, les fluctuations sont limit\u00e9es, mais la tendance est clairement orient\u00e9e vers le cours plancher. La limite a m\u00eame \u00e9t\u00e9 franchie la semaine derni\u00e8re avec une courte incursion sous le seuil fix\u00e9 par la BNS le 6 septembre 2011. La d\u00e9gradation de la situation \u00e9conomique de l\u2019Espagne et la capacit\u00e9 des pays fragiles \u00e0 r\u00e9duire leur endettement ont sem\u00e9 le trouble\u00a0 sur la zone \u20acuro. Imm\u00e9diatement, les march\u00e9s sont repartis \u00e0 l\u2019achat sur la valeur refuge que repr\u00e9sente le franc Suisse pour tester l\u2019engagement de la BNS \u00e0 d\u00e9fendre la monnaie nationale. Cela n\u2019a pas tard\u00e9, la banque nationale a massivement vendu des francs suisses pour faire remonter le cours. Son pr\u00e9sident par int\u00e9rim, Thomas Jordan, a indiqu\u00e9 que l\u2019institution \u00e9tait pr\u00eate \u00e0 tout pour lutter contre le franc fort et qu\u2019elle pourrait acheter des monnaies \u00e9trang\u00e8res dans des proportions illimit\u00e9es.<\/p>\n<p style=\"text-align: justify;\">Pour l\u2019\u00e9conomie suisse, limiter la force de sa monnaie est indispensable. Si les derniers indicateurs \u00e9conomiques\u00a0 helv\u00e9tiques sont plut\u00f4t bien orient\u00e9s,\u00a0 c\u2019est en partie gr\u00e2ce aux relations commerciales g\u00e9ographiquement diversifi\u00e9es, aux relations privil\u00e9gi\u00e9es avec l\u2019Allemagne, mais surtout gr\u00e2ce \u00e0 la demande int\u00e9rieure. L\u00e0 o\u00f9 la zone \u20acuro peine, la Suisse table sur un taux de croissance de 0,8% pour 2012.\u00a0 De quoi renforcer encore la confiance dans le franc Suisse et faire grimper son cours !<\/p>\n<p style=\"text-align: justify;\">\n","protected":false},"excerpt":{"rendered":"<p>Doucement mais s\u00fbrement : le cours euro\/chf se rapproche du cours plancher fix\u00e9 \u00e0 1,20 par la BNS. Sur les 2 derniers mois, les fluctuations sont limit\u00e9es, mais la tendance est clairement orient\u00e9e vers le cours plancher. La limite a m\u00eame \u00e9t\u00e9 franchie la semaine derni\u00e8re avec une courte incursion sous le seuil fix\u00e9 par [&hellip;]<\/p>\n","protected":false},"author":2,"featured_media":0,"comment_status":"open","ping_status":"open","sticky":false,"template":"","format":"standard","meta":{"footnotes":""},"categories":[14],"tags":[26],"class_list":{"0":"post-5748","1":"post","2":"type-post","3":"status-publish","4":"format-standard","6":"category-historique-taux-de-change","7":"tag-bns","8":"czr-hentry"},"yoast_head":"<!-- This site is optimized with the Yoast SEO plugin v25.8 - https:\/\/yoast.com\/wordpress\/plugins\/seo\/ -->\n<title>12\/04\/12 - Doucement mais s\u00fbrement - Mon-taux.com - Blog des experts en frontaliers<\/title>\n<meta name=\"robots\" content=\"index, follow, max-snippet:-1, max-image-preview:large, max-video-preview:-1\" \/>\n<link rel=\"canonical\" href=\"https:\/\/mon-taux.com\/blog\/2012\/04\/12\/actualite-change-euro-chf\/\" \/>\n<meta property=\"og:locale\" content=\"fr_FR\" \/>\n<meta property=\"og:type\" content=\"article\" \/>\n<meta property=\"og:title\" content=\"12\/04\/12 - Doucement mais s\u00fbrement - Mon-taux.com - Blog des experts en frontaliers\" \/>\n<meta property=\"og:description\" content=\"Doucement mais s\u00fbrement : le cours euro\/chf se rapproche du cours plancher fix\u00e9 \u00e0 1,20 par la BNS. Sur les 2 derniers mois, les fluctuations sont limit\u00e9es, mais la tendance est clairement orient\u00e9e vers le cours plancher. La limite a m\u00eame \u00e9t\u00e9 franchie la semaine derni\u00e8re avec une courte incursion sous le seuil fix\u00e9 par [&hellip;]\" \/>\n<meta property=\"og:url\" content=\"https:\/\/mon-taux.com\/blog\/2012\/04\/12\/actualite-change-euro-chf\/\" \/>\n<meta property=\"og:site_name\" content=\"Mon-taux.com - Blog des experts en frontaliers\" \/>\n<meta property=\"article:publisher\" content=\"https:\/\/www.facebook.com\/MonTauxCom.ComparateurFrontalier\" \/>\n<meta property=\"article:published_time\" content=\"2012-04-12T13:56:58+00:00\" \/>\n<meta name=\"author\" content=\"montaux\" \/>\n<meta name=\"twitter:card\" content=\"summary_large_image\" \/>\n<meta name=\"twitter:creator\" content=\"@MonTauxCom\" \/>\n<meta name=\"twitter:site\" content=\"@MonTauxCom\" \/>\n<meta name=\"twitter:label1\" content=\"\u00c9crit par\" \/>\n\t<meta name=\"twitter:data1\" content=\"montaux\" \/>\n\t<meta name=\"twitter:label2\" content=\"Dur\u00e9e de lecture estim\u00e9e\" \/>\n\t<meta name=\"twitter:data2\" content=\"1 minute\" \/>\n<script type=\"application\/ld+json\" class=\"yoast-schema-graph\">{\"@context\":\"https:\/\/schema.org\",\"@graph\":[{\"@type\":\"Article\",\"@id\":\"https:\/\/mon-taux.com\/blog\/2012\/04\/12\/actualite-change-euro-chf\/#article\",\"isPartOf\":{\"@id\":\"https:\/\/mon-taux.com\/blog\/2012\/04\/12\/actualite-change-euro-chf\/\"},\"author\":{\"name\":\"montaux\",\"@id\":\"https:\/\/mon-taux.com\/blog\/#\/schema\/person\/bfe88bfabe109e312d4cd786a3dfe66f\"},\"headline\":\"12\/04\/12 &#8211; Doucement mais s\u00fbrement\",\"datePublished\":\"2012-04-12T13:56:58+00:00\",\"mainEntityOfPage\":{\"@id\":\"https:\/\/mon-taux.com\/blog\/2012\/04\/12\/actualite-change-euro-chf\/\"},\"wordCount\":266,\"commentCount\":0,\"publisher\":{\"@id\":\"https:\/\/mon-taux.com\/blog\/#organization\"},\"keywords\":[\"BNS\"],\"articleSection\":[\"historique taux de change\"],\"inLanguage\":\"fr-FR\",\"potentialAction\":[{\"@type\":\"CommentAction\",\"name\":\"Comment\",\"target\":[\"https:\/\/mon-taux.com\/blog\/2012\/04\/12\/actualite-change-euro-chf\/#respond\"]}]},{\"@type\":\"WebPage\",\"@id\":\"https:\/\/mon-taux.com\/blog\/2012\/04\/12\/actualite-change-euro-chf\/\",\"url\":\"https:\/\/mon-taux.com\/blog\/2012\/04\/12\/actualite-change-euro-chf\/\",\"name\":\"12\/04\/12 - Doucement mais s\u00fbrement - Mon-taux.com - Blog des experts en frontaliers\",\"isPartOf\":{\"@id\":\"https:\/\/mon-taux.com\/blog\/#website\"},\"datePublished\":\"2012-04-12T13:56:58+00:00\",\"breadcrumb\":{\"@id\":\"https:\/\/mon-taux.com\/blog\/2012\/04\/12\/actualite-change-euro-chf\/#breadcrumb\"},\"inLanguage\":\"fr-FR\",\"potentialAction\":[{\"@type\":\"ReadAction\",\"target\":[\"https:\/\/mon-taux.com\/blog\/2012\/04\/12\/actualite-change-euro-chf\/\"]}]},{\"@type\":\"BreadcrumbList\",\"@id\":\"https:\/\/mon-taux.com\/blog\/2012\/04\/12\/actualite-change-euro-chf\/#breadcrumb\",\"itemListElement\":[{\"@type\":\"ListItem\",\"position\":1,\"name\":\"Accueil\",\"item\":\"https:\/\/mon-taux.com\/blog\/\"},{\"@type\":\"ListItem\",\"position\":2,\"name\":\"12\/04\/12 &#8211; Doucement mais s\u00fbrement\"}]},{\"@type\":\"WebSite\",\"@id\":\"https:\/\/mon-taux.com\/blog\/#website\",\"url\":\"https:\/\/mon-taux.com\/blog\/\",\"name\":\"Mon-taux.com - Blog des experts en frontaliers\",\"description\":\"\",\"publisher\":{\"@id\":\"https:\/\/mon-taux.com\/blog\/#organization\"},\"potentialAction\":[{\"@type\":\"SearchAction\",\"target\":{\"@type\":\"EntryPoint\",\"urlTemplate\":\"https:\/\/mon-taux.com\/blog\/?s={search_term_string}\"},\"query-input\":{\"@type\":\"PropertyValueSpecification\",\"valueRequired\":true,\"valueName\":\"search_term_string\"}}],\"inLanguage\":\"fr-FR\"},{\"@type\":\"Organization\",\"@id\":\"https:\/\/mon-taux.com\/blog\/#organization\",\"name\":\"Mon-taux.com\",\"url\":\"https:\/\/mon-taux.com\/blog\/\",\"logo\":{\"@type\":\"ImageObject\",\"inLanguage\":\"fr-FR\",\"@id\":\"https:\/\/mon-taux.com\/blog\/#\/schema\/logo\/image\/\",\"url\":\"https:\/\/mon-taux.com\/blog\/wp-content\/uploads\/2020\/08\/montaux-new-logo-e1596462820847.png\",\"contentUrl\":\"https:\/\/mon-taux.com\/blog\/wp-content\/uploads\/2020\/08\/montaux-new-logo-e1596462820847.png\",\"width\":300,\"height\":172,\"caption\":\"Mon-taux.com\"},\"image\":{\"@id\":\"https:\/\/mon-taux.com\/blog\/#\/schema\/logo\/image\/\"},\"sameAs\":[\"https:\/\/www.facebook.com\/MonTauxCom.ComparateurFrontalier\",\"https:\/\/x.com\/MonTauxCom\",\"https:\/\/www.youtube.com\/channel\/UCyft978dCKAgV8DglhSW6gg\"]},{\"@type\":\"Person\",\"@id\":\"https:\/\/mon-taux.com\/blog\/#\/schema\/person\/bfe88bfabe109e312d4cd786a3dfe66f\",\"name\":\"montaux\",\"image\":{\"@type\":\"ImageObject\",\"inLanguage\":\"fr-FR\",\"@id\":\"https:\/\/mon-taux.com\/blog\/#\/schema\/person\/image\/\",\"url\":\"https:\/\/mon-taux.com\/blog\/wp-content\/uploads\/2020\/08\/favicon2-150x150.png\",\"contentUrl\":\"https:\/\/mon-taux.com\/blog\/wp-content\/uploads\/2020\/08\/favicon2-150x150.png\",\"caption\":\"montaux\"},\"sameAs\":[\"https:\/\/mon-taux.com\"],\"url\":\"https:\/\/mon-taux.com\/blog\/author\/montaux\/\"}]}<\/script>\n<!-- \/ Yoast SEO plugin. -->","yoast_head_json":{"title":"12\/04\/12 - Doucement mais s\u00fbrement - Mon-taux.com - Blog des experts en frontaliers","robots":{"index":"index","follow":"follow","max-snippet":"max-snippet:-1","max-image-preview":"max-image-preview:large","max-video-preview":"max-video-preview:-1"},"canonical":"https:\/\/mon-taux.com\/blog\/2012\/04\/12\/actualite-change-euro-chf\/","og_locale":"fr_FR","og_type":"article","og_title":"12\/04\/12 - Doucement mais s\u00fbrement - Mon-taux.com - Blog des experts en frontaliers","og_description":"Doucement mais s\u00fbrement : le cours euro\/chf se rapproche du cours plancher fix\u00e9 \u00e0 1,20 par la BNS. Sur les 2 derniers mois, les fluctuations sont limit\u00e9es, mais la tendance est clairement orient\u00e9e vers le cours plancher. La limite a m\u00eame \u00e9t\u00e9 franchie la semaine derni\u00e8re avec une courte incursion sous le seuil fix\u00e9 par [&hellip;]","og_url":"https:\/\/mon-taux.com\/blog\/2012\/04\/12\/actualite-change-euro-chf\/","og_site_name":"Mon-taux.com - Blog des experts en frontaliers","article_publisher":"https:\/\/www.facebook.com\/MonTauxCom.ComparateurFrontalier","article_published_time":"2012-04-12T13:56:58+00:00","author":"montaux","twitter_card":"summary_large_image","twitter_creator":"@MonTauxCom","twitter_site":"@MonTauxCom","twitter_misc":{"\u00c9crit par":"montaux","Dur\u00e9e de lecture estim\u00e9e":"1 minute"},"schema":{"@context":"https:\/\/schema.org","@graph":[{"@type":"Article","@id":"https:\/\/mon-taux.com\/blog\/2012\/04\/12\/actualite-change-euro-chf\/#article","isPartOf":{"@id":"https:\/\/mon-taux.com\/blog\/2012\/04\/12\/actualite-change-euro-chf\/"},"author":{"name":"montaux","@id":"https:\/\/mon-taux.com\/blog\/#\/schema\/person\/bfe88bfabe109e312d4cd786a3dfe66f"},"headline":"12\/04\/12 &#8211; Doucement mais s\u00fbrement","datePublished":"2012-04-12T13:56:58+00:00","mainEntityOfPage":{"@id":"https:\/\/mon-taux.com\/blog\/2012\/04\/12\/actualite-change-euro-chf\/"},"wordCount":266,"commentCount":0,"publisher":{"@id":"https:\/\/mon-taux.com\/blog\/#organization"},"keywords":["BNS"],"articleSection":["historique taux de change"],"inLanguage":"fr-FR","potentialAction":[{"@type":"CommentAction","name":"Comment","target":["https:\/\/mon-taux.com\/blog\/2012\/04\/12\/actualite-change-euro-chf\/#respond"]}]},{"@type":"WebPage","@id":"https:\/\/mon-taux.com\/blog\/2012\/04\/12\/actualite-change-euro-chf\/","url":"https:\/\/mon-taux.com\/blog\/2012\/04\/12\/actualite-change-euro-chf\/","name":"12\/04\/12 - Doucement mais s\u00fbrement - Mon-taux.com - Blog des experts en frontaliers","isPartOf":{"@id":"https:\/\/mon-taux.com\/blog\/#website"},"datePublished":"2012-04-12T13:56:58+00:00","breadcrumb":{"@id":"https:\/\/mon-taux.com\/blog\/2012\/04\/12\/actualite-change-euro-chf\/#breadcrumb"},"inLanguage":"fr-FR","potentialAction":[{"@type":"ReadAction","target":["https:\/\/mon-taux.com\/blog\/2012\/04\/12\/actualite-change-euro-chf\/"]}]},{"@type":"BreadcrumbList","@id":"https:\/\/mon-taux.com\/blog\/2012\/04\/12\/actualite-change-euro-chf\/#breadcrumb","itemListElement":[{"@type":"ListItem","position":1,"name":"Accueil","item":"https:\/\/mon-taux.com\/blog\/"},{"@type":"ListItem","position":2,"name":"12\/04\/12 &#8211; Doucement mais s\u00fbrement"}]},{"@type":"WebSite","@id":"https:\/\/mon-taux.com\/blog\/#website","url":"https:\/\/mon-taux.com\/blog\/","name":"Mon-taux.com - Blog des experts en frontaliers","description":"","publisher":{"@id":"https:\/\/mon-taux.com\/blog\/#organization"},"potentialAction":[{"@type":"SearchAction","target":{"@type":"EntryPoint","urlTemplate":"https:\/\/mon-taux.com\/blog\/?s={search_term_string}"},"query-input":{"@type":"PropertyValueSpecification","valueRequired":true,"valueName":"search_term_string"}}],"inLanguage":"fr-FR"},{"@type":"Organization","@id":"https:\/\/mon-taux.com\/blog\/#organization","name":"Mon-taux.com","url":"https:\/\/mon-taux.com\/blog\/","logo":{"@type":"ImageObject","inLanguage":"fr-FR","@id":"https:\/\/mon-taux.com\/blog\/#\/schema\/logo\/image\/","url":"https:\/\/mon-taux.com\/blog\/wp-content\/uploads\/2020\/08\/montaux-new-logo-e1596462820847.png","contentUrl":"https:\/\/mon-taux.com\/blog\/wp-content\/uploads\/2020\/08\/montaux-new-logo-e1596462820847.png","width":300,"height":172,"caption":"Mon-taux.com"},"image":{"@id":"https:\/\/mon-taux.com\/blog\/#\/schema\/logo\/image\/"},"sameAs":["https:\/\/www.facebook.com\/MonTauxCom.ComparateurFrontalier","https:\/\/x.com\/MonTauxCom","https:\/\/www.youtube.com\/channel\/UCyft978dCKAgV8DglhSW6gg"]},{"@type":"Person","@id":"https:\/\/mon-taux.com\/blog\/#\/schema\/person\/bfe88bfabe109e312d4cd786a3dfe66f","name":"montaux","image":{"@type":"ImageObject","inLanguage":"fr-FR","@id":"https:\/\/mon-taux.com\/blog\/#\/schema\/person\/image\/","url":"https:\/\/mon-taux.com\/blog\/wp-content\/uploads\/2020\/08\/favicon2-150x150.png","contentUrl":"https:\/\/mon-taux.com\/blog\/wp-content\/uploads\/2020\/08\/favicon2-150x150.png","caption":"montaux"},"sameAs":["https:\/\/mon-taux.com"],"url":"https:\/\/mon-taux.com\/blog\/author\/montaux\/"}]}},"_links":{"self":[{"href":"https:\/\/mon-taux.com\/blog\/wp-json\/wp\/v2\/posts\/5748","targetHints":{"allow":["GET"]}}],"collection":[{"href":"https:\/\/mon-taux.com\/blog\/wp-json\/wp\/v2\/posts"}],"about":[{"href":"https:\/\/mon-taux.com\/blog\/wp-json\/wp\/v2\/types\/post"}],"author":[{"embeddable":true,"href":"https:\/\/mon-taux.com\/blog\/wp-json\/wp\/v2\/users\/2"}],"replies":[{"embeddable":true,"href":"https:\/\/mon-taux.com\/blog\/wp-json\/wp\/v2\/comments?post=5748"}],"version-history":[{"count":0,"href":"https:\/\/mon-taux.com\/blog\/wp-json\/wp\/v2\/posts\/5748\/revisions"}],"wp:attachment":[{"href":"https:\/\/mon-taux.com\/blog\/wp-json\/wp\/v2\/media?parent=5748"}],"wp:term":[{"taxonomy":"category","embeddable":true,"href":"https:\/\/mon-taux.com\/blog\/wp-json\/wp\/v2\/categories?post=5748"},{"taxonomy":"post_tag","embeddable":true,"href":"https:\/\/mon-taux.com\/blog\/wp-json\/wp\/v2\/tags?post=5748"}],"curies":[{"name":"wp","href":"https:\/\/api.w.org\/{rel}","templated":true}]}}