{"id":4958,"date":"2012-03-19T15:08:21","date_gmt":"2012-03-19T14:08:21","guid":{"rendered":"https:\/\/mon-taux-de-change.com\/?p=4958"},"modified":"2012-03-19T15:08:21","modified_gmt":"2012-03-19T14:08:21","slug":"touche-pas-a-mon-taux","status":"publish","type":"post","link":"https:\/\/mon-taux.com\/blog\/2012\/03\/19\/touche-pas-a-mon-taux\/","title":{"rendered":"19\/03\/12 &#8211; Touche pas \u00e0 mon taux !"},"content":{"rendered":"<p style=\"text-align: justify;\"><span style=\"font-size: small;\">C\u2019est le signal qui a \u00e9t\u00e9 donn\u00e9 en milieu de semaine pass\u00e9e par la BNS en r\u00e9affirmant son engagement ind\u00e9fectible \u00e0 d\u00e9fendre le franc contre l\u2019euro. R\u00e9sultat, nous avons commenc\u00e9 la semaine avec un cours euro\/chf \u00e0 1,2053 pour la finir \u00e0 1,2058 apr\u00e8s avoir touch\u00e9 mercredi 1,2139.<\/span><\/p>\n<p style=\"text-align: justify;\"><span style=\"font-size: small;\">L\u2019embellie de la monnaie unique fut donc de courte dur\u00e9e puisqu\u2019elle a dur\u00e9 \u00e0 peine 24h. La situation \u00e9conomique reste tr\u00e8s pr\u00e9occupante dans la zone \u20acuro o\u00f9 les mesures d\u2019aust\u00e9rit\u00e9s continuent de plomber la croissance. Les march\u00e9s financiers sont repartis \u00e0 la hausse sous l\u2019effet d\u2019injection massive de liquidit\u00e9s par la BCE, via les quelques 500 Milliards de pr\u00eats \u00e0 1% consentis aux banques. Le risque de blocage \u00e9tant \u00e9loign\u00e9, les investisseurs sont revenus sur les march\u00e9s actions.\u00a0 En Suisse, le SECO (Secr\u00e9tariat \u00e0 l\u2019\u00e9conomie) a revu ses pr\u00e9visions de croissance tr\u00e8s l\u00e9g\u00e8rement \u00e0 la hausse malgr\u00e9 un franc fort. Pour la semaine \u00e0 venir, nous tablons toujours sur une fluctuation du cours euro\/chf entre 1,20 et 1,22. Si tout roule du c\u00f4t\u00e9 du change pour les frontaliers, l\u2019assembl\u00e9e g\u00e9n\u00e9rale du groupement a mis en lumi\u00e8re les dangers qui les guettent. Au 1er\u00a0rang biens\u00fbr, le climat de discrimination qui r\u00e8gne autour des HUG e<span style=\"color: #000000;\">t des institutions cantonales. Dommage\u00a0!<\/span><\/span><\/p>\n<p style=\"text-align: justify;\"><span style=\"color: #000000; font-size: small;\">Cela me rappelle une phrase de Coluche\u00a0:<\/span><\/p>\n<p style=\"text-align: justify; padding-left: 30px;\"><span style=\"color: #000000; font-size: small;\">&#8221; Il para\u00eet que Dieu a dit: \u00a0Il y aura des hommes grands et il y aura des hommes petits.<\/span><\/p>\n<p style=\"text-align: justify; padding-left: 30px;\"><span style=\"color: #000000; font-size: small;\">\u00a0 Il y aura des hommes beaux et il y aura des hommes moches.<\/span><\/p>\n<p style=\"text-align: justify; padding-left: 30px;\"><span style=\"color: #000000; font-size: small;\">\u00a0 I l y aura des hommes blancs et il y aura des hommes noirs.<\/span><\/p>\n<p style=\"text-align: justify; padding-left: 30px;\"><span style=\"color: #000000; font-size: small;\">\u00a0 Et tous seront \u00e9gaux mais ce sera pas facile.<\/span><\/p>\n<p style=\"text-align: justify; padding-left: 30px;\"><span style=\"color: #000000; font-size: small;\">\u00a0 Et il y en a qui seront noirs, petits et moches et pour eux \u00e7a sera tr\u00e8s dur !&#8221;<\/span><\/p>\n<p style=\"text-align: justify;\"><span style=\"color: #000000; font-size: small;\">Pour le domaine de l\u2019assurance-sant\u00e9, il me semble bien compliqu\u00e9 de voir \u00e9voluer les choses et les frontaliers devront passer par la CMU compl\u00e9t\u00e9e d\u2019une mutuelle en France en 2014. Cela risque d\u2019\u00eatre moins bien, mais surtout plus cher. Sans compter que tout le personnel hospitalier travaille d\u00e9j\u00e0 aux HUG\u00a0!!!! Comment va-t-on faire quand 60\u00a0000 frontaliers vont revenir se faire soigner en France\u00a0?<\/span><\/p>\n<p style=\"text-align: justify;\"><span style=\"font-size: small;\"><span style=\"color: #000000;\">Les conditions d\u2019accession \u00e0 la propri\u00e9t\u00e9 en France demeurent tr\u00e8s favorables (Franc Suisse fort et taux des cr\u00e9dits immobiliers en franc Suisse tr\u00e8s bas).\u00a0 Nous attirons une nouvelle fois\u00a0l\u2019attention de ceux qui envisagent d\u2019acheter<\/span> un logement en France voisine en utilisant leurs avoirs de pr\u00e9voyance (2<sup>\u00e8me<\/sup> et 3<sup>\u00e8me<\/sup> Pilier), car nous ne savons toujours pas \u00e0 quoi nous en tenir en termes de fiscalit\u00e9.\u00a0 Pour m\u00e9moire, la taxation en France du retrait en capital des avoirs de pr\u00e9voyance a \u00e9t\u00e9 vot\u00e9e en d\u00e9cembre 2010, pour une entr\u00e9e en vigueur au 1<sup>er<\/sup> Janvier 2011\u00a0!!!! La d\u00e9claration de ce retrait sera \u00e0 faire au mois de mai 2012, pour une taxation en septembre. Presque plus long que d\u2019obtenir un permis de construire \u00e0 Gen\u00e8ve&#8230;<\/span><\/p>\n<p style=\"text-align: justify;\"><span style=\"font-size: small;\">Allez, tout de bon, comme on dit chez nous.<\/span><\/p>\n<p style=\"text-align: justify;\">\n","protected":false},"excerpt":{"rendered":"<p>C\u2019est le signal qui a \u00e9t\u00e9 donn\u00e9 en milieu de semaine pass\u00e9e par la BNS en r\u00e9affirmant son engagement ind\u00e9fectible \u00e0 d\u00e9fendre le franc contre l\u2019euro. R\u00e9sultat, nous avons commenc\u00e9 la semaine avec un cours euro\/chf \u00e0 1,2053 pour la finir \u00e0 1,2058 apr\u00e8s avoir touch\u00e9 mercredi 1,2139. L\u2019embellie de la monnaie unique fut donc [&hellip;]<\/p>\n","protected":false},"author":2,"featured_media":0,"comment_status":"open","ping_status":"open","sticky":false,"template":"","format":"standard","meta":{"footnotes":""},"categories":[22],"tags":[26],"class_list":{"0":"post-4958","1":"post","2":"type-post","3":"status-publish","4":"format-standard","6":"category-pourquoi-le-franc-suisse-baisse-pourquoi-le-franc-suisse-monte","7":"tag-bns","8":"czr-hentry"},"yoast_head":"<!-- This site is optimized with the Yoast SEO plugin v25.8 - https:\/\/yoast.com\/wordpress\/plugins\/seo\/ -->\n<title>19\/03\/12 - Touche pas \u00e0 mon taux ! - Mon-taux.com - Blog des experts en frontaliers<\/title>\n<meta name=\"robots\" content=\"index, follow, max-snippet:-1, max-image-preview:large, max-video-preview:-1\" \/>\n<link rel=\"canonical\" href=\"https:\/\/mon-taux.com\/blog\/2012\/03\/19\/touche-pas-a-mon-taux\/\" \/>\n<meta property=\"og:locale\" content=\"fr_FR\" \/>\n<meta property=\"og:type\" content=\"article\" \/>\n<meta property=\"og:title\" content=\"19\/03\/12 - Touche pas \u00e0 mon taux ! - Mon-taux.com - Blog des experts en frontaliers\" \/>\n<meta property=\"og:description\" content=\"C\u2019est le signal qui a \u00e9t\u00e9 donn\u00e9 en milieu de semaine pass\u00e9e par la BNS en r\u00e9affirmant son engagement ind\u00e9fectible \u00e0 d\u00e9fendre le franc contre l\u2019euro. R\u00e9sultat, nous avons commenc\u00e9 la semaine avec un cours euro\/chf \u00e0 1,2053 pour la finir \u00e0 1,2058 apr\u00e8s avoir touch\u00e9 mercredi 1,2139. L\u2019embellie de la monnaie unique fut donc [&hellip;]\" \/>\n<meta property=\"og:url\" content=\"https:\/\/mon-taux.com\/blog\/2012\/03\/19\/touche-pas-a-mon-taux\/\" \/>\n<meta property=\"og:site_name\" content=\"Mon-taux.com - Blog des experts en frontaliers\" \/>\n<meta property=\"article:publisher\" content=\"https:\/\/www.facebook.com\/MonTauxCom.ComparateurFrontalier\" \/>\n<meta property=\"article:published_time\" content=\"2012-03-19T14:08:21+00:00\" \/>\n<meta name=\"author\" content=\"montaux\" \/>\n<meta name=\"twitter:card\" content=\"summary_large_image\" \/>\n<meta name=\"twitter:creator\" content=\"@MonTauxCom\" \/>\n<meta name=\"twitter:site\" content=\"@MonTauxCom\" \/>\n<meta name=\"twitter:label1\" content=\"\u00c9crit par\" \/>\n\t<meta name=\"twitter:data1\" content=\"montaux\" \/>\n\t<meta name=\"twitter:label2\" content=\"Dur\u00e9e de lecture estim\u00e9e\" \/>\n\t<meta name=\"twitter:data2\" content=\"3 minutes\" \/>\n<script type=\"application\/ld+json\" class=\"yoast-schema-graph\">{\"@context\":\"https:\/\/schema.org\",\"@graph\":[{\"@type\":\"Article\",\"@id\":\"https:\/\/mon-taux.com\/blog\/2012\/03\/19\/touche-pas-a-mon-taux\/#article\",\"isPartOf\":{\"@id\":\"https:\/\/mon-taux.com\/blog\/2012\/03\/19\/touche-pas-a-mon-taux\/\"},\"author\":{\"name\":\"montaux\",\"@id\":\"https:\/\/mon-taux.com\/blog\/#\/schema\/person\/bfe88bfabe109e312d4cd786a3dfe66f\"},\"headline\":\"19\/03\/12 &#8211; Touche pas \u00e0 mon taux !\",\"datePublished\":\"2012-03-19T14:08:21+00:00\",\"mainEntityOfPage\":{\"@id\":\"https:\/\/mon-taux.com\/blog\/2012\/03\/19\/touche-pas-a-mon-taux\/\"},\"wordCount\":524,\"commentCount\":0,\"publisher\":{\"@id\":\"https:\/\/mon-taux.com\/blog\/#organization\"},\"keywords\":[\"BNS\"],\"articleSection\":[\"Pourquoi le franc suisse baisse ? Pourquoi le franc suisse monte ?\"],\"inLanguage\":\"fr-FR\",\"potentialAction\":[{\"@type\":\"CommentAction\",\"name\":\"Comment\",\"target\":[\"https:\/\/mon-taux.com\/blog\/2012\/03\/19\/touche-pas-a-mon-taux\/#respond\"]}]},{\"@type\":\"WebPage\",\"@id\":\"https:\/\/mon-taux.com\/blog\/2012\/03\/19\/touche-pas-a-mon-taux\/\",\"url\":\"https:\/\/mon-taux.com\/blog\/2012\/03\/19\/touche-pas-a-mon-taux\/\",\"name\":\"19\/03\/12 - Touche pas \u00e0 mon taux ! - Mon-taux.com - Blog des experts en frontaliers\",\"isPartOf\":{\"@id\":\"https:\/\/mon-taux.com\/blog\/#website\"},\"datePublished\":\"2012-03-19T14:08:21+00:00\",\"breadcrumb\":{\"@id\":\"https:\/\/mon-taux.com\/blog\/2012\/03\/19\/touche-pas-a-mon-taux\/#breadcrumb\"},\"inLanguage\":\"fr-FR\",\"potentialAction\":[{\"@type\":\"ReadAction\",\"target\":[\"https:\/\/mon-taux.com\/blog\/2012\/03\/19\/touche-pas-a-mon-taux\/\"]}]},{\"@type\":\"BreadcrumbList\",\"@id\":\"https:\/\/mon-taux.com\/blog\/2012\/03\/19\/touche-pas-a-mon-taux\/#breadcrumb\",\"itemListElement\":[{\"@type\":\"ListItem\",\"position\":1,\"name\":\"Accueil\",\"item\":\"https:\/\/mon-taux.com\/blog\/\"},{\"@type\":\"ListItem\",\"position\":2,\"name\":\"19\/03\/12 &#8211; Touche pas \u00e0 mon taux !\"}]},{\"@type\":\"WebSite\",\"@id\":\"https:\/\/mon-taux.com\/blog\/#website\",\"url\":\"https:\/\/mon-taux.com\/blog\/\",\"name\":\"Mon-taux.com - Blog des experts en frontaliers\",\"description\":\"\",\"publisher\":{\"@id\":\"https:\/\/mon-taux.com\/blog\/#organization\"},\"potentialAction\":[{\"@type\":\"SearchAction\",\"target\":{\"@type\":\"EntryPoint\",\"urlTemplate\":\"https:\/\/mon-taux.com\/blog\/?s={search_term_string}\"},\"query-input\":{\"@type\":\"PropertyValueSpecification\",\"valueRequired\":true,\"valueName\":\"search_term_string\"}}],\"inLanguage\":\"fr-FR\"},{\"@type\":\"Organization\",\"@id\":\"https:\/\/mon-taux.com\/blog\/#organization\",\"name\":\"Mon-taux.com\",\"url\":\"https:\/\/mon-taux.com\/blog\/\",\"logo\":{\"@type\":\"ImageObject\",\"inLanguage\":\"fr-FR\",\"@id\":\"https:\/\/mon-taux.com\/blog\/#\/schema\/logo\/image\/\",\"url\":\"https:\/\/mon-taux.com\/blog\/wp-content\/uploads\/2020\/08\/montaux-new-logo-e1596462820847.png\",\"contentUrl\":\"https:\/\/mon-taux.com\/blog\/wp-content\/uploads\/2020\/08\/montaux-new-logo-e1596462820847.png\",\"width\":300,\"height\":172,\"caption\":\"Mon-taux.com\"},\"image\":{\"@id\":\"https:\/\/mon-taux.com\/blog\/#\/schema\/logo\/image\/\"},\"sameAs\":[\"https:\/\/www.facebook.com\/MonTauxCom.ComparateurFrontalier\",\"https:\/\/x.com\/MonTauxCom\",\"https:\/\/www.youtube.com\/channel\/UCyft978dCKAgV8DglhSW6gg\"]},{\"@type\":\"Person\",\"@id\":\"https:\/\/mon-taux.com\/blog\/#\/schema\/person\/bfe88bfabe109e312d4cd786a3dfe66f\",\"name\":\"montaux\",\"image\":{\"@type\":\"ImageObject\",\"inLanguage\":\"fr-FR\",\"@id\":\"https:\/\/mon-taux.com\/blog\/#\/schema\/person\/image\/\",\"url\":\"https:\/\/mon-taux.com\/blog\/wp-content\/uploads\/2020\/08\/favicon2-150x150.png\",\"contentUrl\":\"https:\/\/mon-taux.com\/blog\/wp-content\/uploads\/2020\/08\/favicon2-150x150.png\",\"caption\":\"montaux\"},\"sameAs\":[\"https:\/\/mon-taux.com\"],\"url\":\"https:\/\/mon-taux.com\/blog\/author\/montaux\/\"}]}<\/script>\n<!-- \/ Yoast SEO plugin. -->","yoast_head_json":{"title":"19\/03\/12 - Touche pas \u00e0 mon taux ! - Mon-taux.com - Blog des experts en frontaliers","robots":{"index":"index","follow":"follow","max-snippet":"max-snippet:-1","max-image-preview":"max-image-preview:large","max-video-preview":"max-video-preview:-1"},"canonical":"https:\/\/mon-taux.com\/blog\/2012\/03\/19\/touche-pas-a-mon-taux\/","og_locale":"fr_FR","og_type":"article","og_title":"19\/03\/12 - Touche pas \u00e0 mon taux ! - Mon-taux.com - Blog des experts en frontaliers","og_description":"C\u2019est le signal qui a \u00e9t\u00e9 donn\u00e9 en milieu de semaine pass\u00e9e par la BNS en r\u00e9affirmant son engagement ind\u00e9fectible \u00e0 d\u00e9fendre le franc contre l\u2019euro. R\u00e9sultat, nous avons commenc\u00e9 la semaine avec un cours euro\/chf \u00e0 1,2053 pour la finir \u00e0 1,2058 apr\u00e8s avoir touch\u00e9 mercredi 1,2139. L\u2019embellie de la monnaie unique fut donc [&hellip;]","og_url":"https:\/\/mon-taux.com\/blog\/2012\/03\/19\/touche-pas-a-mon-taux\/","og_site_name":"Mon-taux.com - Blog des experts en frontaliers","article_publisher":"https:\/\/www.facebook.com\/MonTauxCom.ComparateurFrontalier","article_published_time":"2012-03-19T14:08:21+00:00","author":"montaux","twitter_card":"summary_large_image","twitter_creator":"@MonTauxCom","twitter_site":"@MonTauxCom","twitter_misc":{"\u00c9crit par":"montaux","Dur\u00e9e de lecture estim\u00e9e":"3 minutes"},"schema":{"@context":"https:\/\/schema.org","@graph":[{"@type":"Article","@id":"https:\/\/mon-taux.com\/blog\/2012\/03\/19\/touche-pas-a-mon-taux\/#article","isPartOf":{"@id":"https:\/\/mon-taux.com\/blog\/2012\/03\/19\/touche-pas-a-mon-taux\/"},"author":{"name":"montaux","@id":"https:\/\/mon-taux.com\/blog\/#\/schema\/person\/bfe88bfabe109e312d4cd786a3dfe66f"},"headline":"19\/03\/12 &#8211; Touche pas \u00e0 mon taux !","datePublished":"2012-03-19T14:08:21+00:00","mainEntityOfPage":{"@id":"https:\/\/mon-taux.com\/blog\/2012\/03\/19\/touche-pas-a-mon-taux\/"},"wordCount":524,"commentCount":0,"publisher":{"@id":"https:\/\/mon-taux.com\/blog\/#organization"},"keywords":["BNS"],"articleSection":["Pourquoi le franc suisse baisse ? Pourquoi le franc suisse monte ?"],"inLanguage":"fr-FR","potentialAction":[{"@type":"CommentAction","name":"Comment","target":["https:\/\/mon-taux.com\/blog\/2012\/03\/19\/touche-pas-a-mon-taux\/#respond"]}]},{"@type":"WebPage","@id":"https:\/\/mon-taux.com\/blog\/2012\/03\/19\/touche-pas-a-mon-taux\/","url":"https:\/\/mon-taux.com\/blog\/2012\/03\/19\/touche-pas-a-mon-taux\/","name":"19\/03\/12 - Touche pas \u00e0 mon taux ! - Mon-taux.com - Blog des experts en frontaliers","isPartOf":{"@id":"https:\/\/mon-taux.com\/blog\/#website"},"datePublished":"2012-03-19T14:08:21+00:00","breadcrumb":{"@id":"https:\/\/mon-taux.com\/blog\/2012\/03\/19\/touche-pas-a-mon-taux\/#breadcrumb"},"inLanguage":"fr-FR","potentialAction":[{"@type":"ReadAction","target":["https:\/\/mon-taux.com\/blog\/2012\/03\/19\/touche-pas-a-mon-taux\/"]}]},{"@type":"BreadcrumbList","@id":"https:\/\/mon-taux.com\/blog\/2012\/03\/19\/touche-pas-a-mon-taux\/#breadcrumb","itemListElement":[{"@type":"ListItem","position":1,"name":"Accueil","item":"https:\/\/mon-taux.com\/blog\/"},{"@type":"ListItem","position":2,"name":"19\/03\/12 &#8211; Touche pas \u00e0 mon taux !"}]},{"@type":"WebSite","@id":"https:\/\/mon-taux.com\/blog\/#website","url":"https:\/\/mon-taux.com\/blog\/","name":"Mon-taux.com - Blog des experts en frontaliers","description":"","publisher":{"@id":"https:\/\/mon-taux.com\/blog\/#organization"},"potentialAction":[{"@type":"SearchAction","target":{"@type":"EntryPoint","urlTemplate":"https:\/\/mon-taux.com\/blog\/?s={search_term_string}"},"query-input":{"@type":"PropertyValueSpecification","valueRequired":true,"valueName":"search_term_string"}}],"inLanguage":"fr-FR"},{"@type":"Organization","@id":"https:\/\/mon-taux.com\/blog\/#organization","name":"Mon-taux.com","url":"https:\/\/mon-taux.com\/blog\/","logo":{"@type":"ImageObject","inLanguage":"fr-FR","@id":"https:\/\/mon-taux.com\/blog\/#\/schema\/logo\/image\/","url":"https:\/\/mon-taux.com\/blog\/wp-content\/uploads\/2020\/08\/montaux-new-logo-e1596462820847.png","contentUrl":"https:\/\/mon-taux.com\/blog\/wp-content\/uploads\/2020\/08\/montaux-new-logo-e1596462820847.png","width":300,"height":172,"caption":"Mon-taux.com"},"image":{"@id":"https:\/\/mon-taux.com\/blog\/#\/schema\/logo\/image\/"},"sameAs":["https:\/\/www.facebook.com\/MonTauxCom.ComparateurFrontalier","https:\/\/x.com\/MonTauxCom","https:\/\/www.youtube.com\/channel\/UCyft978dCKAgV8DglhSW6gg"]},{"@type":"Person","@id":"https:\/\/mon-taux.com\/blog\/#\/schema\/person\/bfe88bfabe109e312d4cd786a3dfe66f","name":"montaux","image":{"@type":"ImageObject","inLanguage":"fr-FR","@id":"https:\/\/mon-taux.com\/blog\/#\/schema\/person\/image\/","url":"https:\/\/mon-taux.com\/blog\/wp-content\/uploads\/2020\/08\/favicon2-150x150.png","contentUrl":"https:\/\/mon-taux.com\/blog\/wp-content\/uploads\/2020\/08\/favicon2-150x150.png","caption":"montaux"},"sameAs":["https:\/\/mon-taux.com"],"url":"https:\/\/mon-taux.com\/blog\/author\/montaux\/"}]}},"_links":{"self":[{"href":"https:\/\/mon-taux.com\/blog\/wp-json\/wp\/v2\/posts\/4958","targetHints":{"allow":["GET"]}}],"collection":[{"href":"https:\/\/mon-taux.com\/blog\/wp-json\/wp\/v2\/posts"}],"about":[{"href":"https:\/\/mon-taux.com\/blog\/wp-json\/wp\/v2\/types\/post"}],"author":[{"embeddable":true,"href":"https:\/\/mon-taux.com\/blog\/wp-json\/wp\/v2\/users\/2"}],"replies":[{"embeddable":true,"href":"https:\/\/mon-taux.com\/blog\/wp-json\/wp\/v2\/comments?post=4958"}],"version-history":[{"count":0,"href":"https:\/\/mon-taux.com\/blog\/wp-json\/wp\/v2\/posts\/4958\/revisions"}],"wp:attachment":[{"href":"https:\/\/mon-taux.com\/blog\/wp-json\/wp\/v2\/media?parent=4958"}],"wp:term":[{"taxonomy":"category","embeddable":true,"href":"https:\/\/mon-taux.com\/blog\/wp-json\/wp\/v2\/categories?post=4958"},{"taxonomy":"post_tag","embeddable":true,"href":"https:\/\/mon-taux.com\/blog\/wp-json\/wp\/v2\/tags?post=4958"}],"curies":[{"name":"wp","href":"https:\/\/api.w.org\/{rel}","templated":true}]}}