{"id":467,"date":"2010-10-22T13:10:36","date_gmt":"2010-10-22T13:10:36","guid":{"rendered":"https:\/\/mon-taux-de-change.com\/?p=467"},"modified":"2010-10-22T13:10:36","modified_gmt":"2010-10-22T13:10:36","slug":"9102010-scellier-2011-vert-ou-moins-attractif","status":"publish","type":"post","link":"https:\/\/mon-taux.com\/blog\/2010\/10\/22\/9102010-scellier-2011-vert-ou-moins-attractif\/","title":{"rendered":"09\/10\/2010 &#8211; Scellier 2011 : vert ou moins attractif"},"content":{"rendered":"<p style=\"text-align: justify\">\u00a0<\/p>\n<p style=\"text-align: justify\">\u00a0<\/p>\n<p style=\"text-align: justify\"><span style=\"font-size: small\">Si tout n\u2019est pas encore valid\u00e9, nous connaissons maintenant les grandes lignes de l\u2019\u00e9volution du dispositif Scellier qui entrera en vigueur au 1 Janvier 2011 :<\/span><\/p>\n<p style=\"text-align: justify\">\u00a0<\/p>\n<ul>\n<li><span style=\"font-size: small\">Baisse des plafonds de location selon les zones g\u00e9ographiques qui vont \u00eatre remises au niveau des prix du march\u00e9 locatif. Dans certaines villes, les plafonds s\u2019av\u00e9raient trop \u00e9lev\u00e9s et avaient contribu\u00e9 \u00e0 troubler l\u2019acheteur sur le potentiel r\u00e9el de location du bien et permis au promoteur de doper sa marge\u2026<\/span><\/li>\n<\/ul>\n<p>&nbsp;<\/p>\n<ul>\n<li><span style=\"font-size: small\">Seuls les logements r\u00e9pondant aux normes BBC (B\u00e2timent basse consommation) pourront b\u00e9n\u00e9ficier d\u2019une r\u00e9duction d\u2019imp\u00f4t de 25% du prix de l\u2019investissement plafonn\u00e9 \u00e0 \u20ac 300&#8217;000.- Attention, il faudra \u00eatre vigilant lors de l\u2019achat d\u2019un bien car si celui-ci ne correspond pas aux normes, le taux de la r\u00e9duction d\u2019imp\u00f4t passerait \u00e0 13,5%. La rentabilit\u00e9 des investissements devrait \u00eatre alt\u00e9r\u00e9e par le surco\u00fbt li\u00e9 aux normes de construction. Vigilance donc.<\/span><\/li>\n<\/ul>\n<p>&nbsp;<\/p>\n<ul>\n<li><span style=\"font-size: small\">Au 1er Janvier 2012, vous ne pourrez plus r\u00e9duire que 9% du montant de l\u2019investissement de vos imp\u00f4ts, puis le dispositif disparaitra en 2013 pour les logements non verts.<\/span><\/li>\n<\/ul>\n<p>&nbsp;<\/p>\n<ul>\n<li><span style=\"font-size: small\"> Enfin, le label BBC ne concernant que les logements neufs, la r\u00e9novation ou r\u00e9habilitation ne b\u00e9n\u00e9ficieront pas de la r\u00e9duction d\u2019imp\u00f4t du dispositif.<\/span><\/li>\n<\/ul>\n<p>&nbsp;<\/p>\n","protected":false},"excerpt":{"rendered":"<p>\u00a0 \u00a0 Si tout n\u2019est pas encore valid\u00e9, nous connaissons maintenant les grandes lignes de l\u2019\u00e9volution du dispositif Scellier qui entrera en vigueur au 1 Janvier 2011 : \u00a0 Baisse des plafonds de location selon les zones g\u00e9ographiques qui vont \u00eatre remises au niveau des prix du march\u00e9 locatif. Dans certaines villes, les plafonds s\u2019av\u00e9raient [&hellip;]<\/p>\n","protected":false},"author":2,"featured_media":0,"comment_status":"closed","ping_status":"open","sticky":false,"template":"","format":"standard","meta":{"footnotes":""},"categories":[5],"tags":[],"class_list":{"0":"post-467","1":"post","2":"type-post","3":"status-publish","4":"format-standard","6":"category-immobilier-actualites","7":"czr-hentry"},"yoast_head":"<!-- This site is optimized with the Yoast SEO plugin v25.8 - https:\/\/yoast.com\/wordpress\/plugins\/seo\/ -->\n<title>09\/10\/2010 - Scellier 2011 : vert ou moins attractif - Mon-taux.com - Blog des experts en frontaliers<\/title>\n<meta name=\"robots\" content=\"index, follow, max-snippet:-1, max-image-preview:large, max-video-preview:-1\" \/>\n<link rel=\"canonical\" href=\"https:\/\/mon-taux.com\/blog\/2010\/10\/22\/9102010-scellier-2011-vert-ou-moins-attractif\/\" \/>\n<meta property=\"og:locale\" content=\"fr_FR\" \/>\n<meta property=\"og:type\" content=\"article\" \/>\n<meta property=\"og:title\" content=\"09\/10\/2010 - Scellier 2011 : vert ou moins attractif - Mon-taux.com - Blog des experts en frontaliers\" \/>\n<meta property=\"og:description\" content=\"\u00a0 \u00a0 Si tout n\u2019est pas encore valid\u00e9, nous connaissons maintenant les grandes lignes de l\u2019\u00e9volution du dispositif Scellier qui entrera en vigueur au 1 Janvier 2011 : \u00a0 Baisse des plafonds de location selon les zones g\u00e9ographiques qui vont \u00eatre remises au niveau des prix du march\u00e9 locatif. Dans certaines villes, les plafonds s\u2019av\u00e9raient [&hellip;]\" \/>\n<meta property=\"og:url\" content=\"https:\/\/mon-taux.com\/blog\/2010\/10\/22\/9102010-scellier-2011-vert-ou-moins-attractif\/\" \/>\n<meta property=\"og:site_name\" content=\"Mon-taux.com - Blog des experts en frontaliers\" \/>\n<meta property=\"article:publisher\" content=\"https:\/\/www.facebook.com\/MonTauxCom.ComparateurFrontalier\" \/>\n<meta property=\"article:published_time\" content=\"2010-10-22T13:10:36+00:00\" \/>\n<meta name=\"author\" content=\"montaux\" \/>\n<meta name=\"twitter:card\" content=\"summary_large_image\" \/>\n<meta name=\"twitter:creator\" content=\"@MonTauxCom\" \/>\n<meta name=\"twitter:site\" content=\"@MonTauxCom\" \/>\n<meta name=\"twitter:label1\" content=\"\u00c9crit par\" \/>\n\t<meta name=\"twitter:data1\" content=\"montaux\" \/>\n\t<meta name=\"twitter:label2\" content=\"Dur\u00e9e de lecture estim\u00e9e\" \/>\n\t<meta name=\"twitter:data2\" content=\"1 minute\" \/>\n<script type=\"application\/ld+json\" class=\"yoast-schema-graph\">{\"@context\":\"https:\/\/schema.org\",\"@graph\":[{\"@type\":\"Article\",\"@id\":\"https:\/\/mon-taux.com\/blog\/2010\/10\/22\/9102010-scellier-2011-vert-ou-moins-attractif\/#article\",\"isPartOf\":{\"@id\":\"https:\/\/mon-taux.com\/blog\/2010\/10\/22\/9102010-scellier-2011-vert-ou-moins-attractif\/\"},\"author\":{\"name\":\"montaux\",\"@id\":\"https:\/\/mon-taux.com\/blog\/#\/schema\/person\/bfe88bfabe109e312d4cd786a3dfe66f\"},\"headline\":\"09\/10\/2010 &#8211; Scellier 2011 : vert ou moins attractif\",\"datePublished\":\"2010-10-22T13:10:36+00:00\",\"mainEntityOfPage\":{\"@id\":\"https:\/\/mon-taux.com\/blog\/2010\/10\/22\/9102010-scellier-2011-vert-ou-moins-attractif\/\"},\"wordCount\":230,\"publisher\":{\"@id\":\"https:\/\/mon-taux.com\/blog\/#organization\"},\"articleSection\":[\"Cr\u00e9dit Immobilier\"],\"inLanguage\":\"fr-FR\"},{\"@type\":\"WebPage\",\"@id\":\"https:\/\/mon-taux.com\/blog\/2010\/10\/22\/9102010-scellier-2011-vert-ou-moins-attractif\/\",\"url\":\"https:\/\/mon-taux.com\/blog\/2010\/10\/22\/9102010-scellier-2011-vert-ou-moins-attractif\/\",\"name\":\"09\/10\/2010 - Scellier 2011 : vert ou moins attractif - Mon-taux.com - Blog des experts en frontaliers\",\"isPartOf\":{\"@id\":\"https:\/\/mon-taux.com\/blog\/#website\"},\"datePublished\":\"2010-10-22T13:10:36+00:00\",\"breadcrumb\":{\"@id\":\"https:\/\/mon-taux.com\/blog\/2010\/10\/22\/9102010-scellier-2011-vert-ou-moins-attractif\/#breadcrumb\"},\"inLanguage\":\"fr-FR\",\"potentialAction\":[{\"@type\":\"ReadAction\",\"target\":[\"https:\/\/mon-taux.com\/blog\/2010\/10\/22\/9102010-scellier-2011-vert-ou-moins-attractif\/\"]}]},{\"@type\":\"BreadcrumbList\",\"@id\":\"https:\/\/mon-taux.com\/blog\/2010\/10\/22\/9102010-scellier-2011-vert-ou-moins-attractif\/#breadcrumb\",\"itemListElement\":[{\"@type\":\"ListItem\",\"position\":1,\"name\":\"Accueil\",\"item\":\"https:\/\/mon-taux.com\/blog\/\"},{\"@type\":\"ListItem\",\"position\":2,\"name\":\"09\/10\/2010 &#8211; Scellier 2011 : vert ou moins attractif\"}]},{\"@type\":\"WebSite\",\"@id\":\"https:\/\/mon-taux.com\/blog\/#website\",\"url\":\"https:\/\/mon-taux.com\/blog\/\",\"name\":\"Mon-taux.com - Blog des experts en frontaliers\",\"description\":\"\",\"publisher\":{\"@id\":\"https:\/\/mon-taux.com\/blog\/#organization\"},\"potentialAction\":[{\"@type\":\"SearchAction\",\"target\":{\"@type\":\"EntryPoint\",\"urlTemplate\":\"https:\/\/mon-taux.com\/blog\/?s={search_term_string}\"},\"query-input\":{\"@type\":\"PropertyValueSpecification\",\"valueRequired\":true,\"valueName\":\"search_term_string\"}}],\"inLanguage\":\"fr-FR\"},{\"@type\":\"Organization\",\"@id\":\"https:\/\/mon-taux.com\/blog\/#organization\",\"name\":\"Mon-taux.com\",\"url\":\"https:\/\/mon-taux.com\/blog\/\",\"logo\":{\"@type\":\"ImageObject\",\"inLanguage\":\"fr-FR\",\"@id\":\"https:\/\/mon-taux.com\/blog\/#\/schema\/logo\/image\/\",\"url\":\"https:\/\/mon-taux.com\/blog\/wp-content\/uploads\/2020\/08\/montaux-new-logo-e1596462820847.png\",\"contentUrl\":\"https:\/\/mon-taux.com\/blog\/wp-content\/uploads\/2020\/08\/montaux-new-logo-e1596462820847.png\",\"width\":300,\"height\":172,\"caption\":\"Mon-taux.com\"},\"image\":{\"@id\":\"https:\/\/mon-taux.com\/blog\/#\/schema\/logo\/image\/\"},\"sameAs\":[\"https:\/\/www.facebook.com\/MonTauxCom.ComparateurFrontalier\",\"https:\/\/x.com\/MonTauxCom\",\"https:\/\/www.youtube.com\/channel\/UCyft978dCKAgV8DglhSW6gg\"]},{\"@type\":\"Person\",\"@id\":\"https:\/\/mon-taux.com\/blog\/#\/schema\/person\/bfe88bfabe109e312d4cd786a3dfe66f\",\"name\":\"montaux\",\"image\":{\"@type\":\"ImageObject\",\"inLanguage\":\"fr-FR\",\"@id\":\"https:\/\/mon-taux.com\/blog\/#\/schema\/person\/image\/\",\"url\":\"https:\/\/mon-taux.com\/blog\/wp-content\/uploads\/2020\/08\/favicon2-150x150.png\",\"contentUrl\":\"https:\/\/mon-taux.com\/blog\/wp-content\/uploads\/2020\/08\/favicon2-150x150.png\",\"caption\":\"montaux\"},\"sameAs\":[\"https:\/\/mon-taux.com\"],\"url\":\"https:\/\/mon-taux.com\/blog\/author\/montaux\/\"}]}<\/script>\n<!-- \/ Yoast SEO plugin. -->","yoast_head_json":{"title":"09\/10\/2010 - Scellier 2011 : vert ou moins attractif - Mon-taux.com - Blog des experts en frontaliers","robots":{"index":"index","follow":"follow","max-snippet":"max-snippet:-1","max-image-preview":"max-image-preview:large","max-video-preview":"max-video-preview:-1"},"canonical":"https:\/\/mon-taux.com\/blog\/2010\/10\/22\/9102010-scellier-2011-vert-ou-moins-attractif\/","og_locale":"fr_FR","og_type":"article","og_title":"09\/10\/2010 - Scellier 2011 : vert ou moins attractif - Mon-taux.com - Blog des experts en frontaliers","og_description":"\u00a0 \u00a0 Si tout n\u2019est pas encore valid\u00e9, nous connaissons maintenant les grandes lignes de l\u2019\u00e9volution du dispositif Scellier qui entrera en vigueur au 1 Janvier 2011 : \u00a0 Baisse des plafonds de location selon les zones g\u00e9ographiques qui vont \u00eatre remises au niveau des prix du march\u00e9 locatif. Dans certaines villes, les plafonds s\u2019av\u00e9raient [&hellip;]","og_url":"https:\/\/mon-taux.com\/blog\/2010\/10\/22\/9102010-scellier-2011-vert-ou-moins-attractif\/","og_site_name":"Mon-taux.com - Blog des experts en frontaliers","article_publisher":"https:\/\/www.facebook.com\/MonTauxCom.ComparateurFrontalier","article_published_time":"2010-10-22T13:10:36+00:00","author":"montaux","twitter_card":"summary_large_image","twitter_creator":"@MonTauxCom","twitter_site":"@MonTauxCom","twitter_misc":{"\u00c9crit par":"montaux","Dur\u00e9e de lecture estim\u00e9e":"1 minute"},"schema":{"@context":"https:\/\/schema.org","@graph":[{"@type":"Article","@id":"https:\/\/mon-taux.com\/blog\/2010\/10\/22\/9102010-scellier-2011-vert-ou-moins-attractif\/#article","isPartOf":{"@id":"https:\/\/mon-taux.com\/blog\/2010\/10\/22\/9102010-scellier-2011-vert-ou-moins-attractif\/"},"author":{"name":"montaux","@id":"https:\/\/mon-taux.com\/blog\/#\/schema\/person\/bfe88bfabe109e312d4cd786a3dfe66f"},"headline":"09\/10\/2010 &#8211; Scellier 2011 : vert ou moins attractif","datePublished":"2010-10-22T13:10:36+00:00","mainEntityOfPage":{"@id":"https:\/\/mon-taux.com\/blog\/2010\/10\/22\/9102010-scellier-2011-vert-ou-moins-attractif\/"},"wordCount":230,"publisher":{"@id":"https:\/\/mon-taux.com\/blog\/#organization"},"articleSection":["Cr\u00e9dit Immobilier"],"inLanguage":"fr-FR"},{"@type":"WebPage","@id":"https:\/\/mon-taux.com\/blog\/2010\/10\/22\/9102010-scellier-2011-vert-ou-moins-attractif\/","url":"https:\/\/mon-taux.com\/blog\/2010\/10\/22\/9102010-scellier-2011-vert-ou-moins-attractif\/","name":"09\/10\/2010 - Scellier 2011 : vert ou moins attractif - Mon-taux.com - Blog des experts en frontaliers","isPartOf":{"@id":"https:\/\/mon-taux.com\/blog\/#website"},"datePublished":"2010-10-22T13:10:36+00:00","breadcrumb":{"@id":"https:\/\/mon-taux.com\/blog\/2010\/10\/22\/9102010-scellier-2011-vert-ou-moins-attractif\/#breadcrumb"},"inLanguage":"fr-FR","potentialAction":[{"@type":"ReadAction","target":["https:\/\/mon-taux.com\/blog\/2010\/10\/22\/9102010-scellier-2011-vert-ou-moins-attractif\/"]}]},{"@type":"BreadcrumbList","@id":"https:\/\/mon-taux.com\/blog\/2010\/10\/22\/9102010-scellier-2011-vert-ou-moins-attractif\/#breadcrumb","itemListElement":[{"@type":"ListItem","position":1,"name":"Accueil","item":"https:\/\/mon-taux.com\/blog\/"},{"@type":"ListItem","position":2,"name":"09\/10\/2010 &#8211; Scellier 2011 : vert ou moins attractif"}]},{"@type":"WebSite","@id":"https:\/\/mon-taux.com\/blog\/#website","url":"https:\/\/mon-taux.com\/blog\/","name":"Mon-taux.com - Blog des experts en frontaliers","description":"","publisher":{"@id":"https:\/\/mon-taux.com\/blog\/#organization"},"potentialAction":[{"@type":"SearchAction","target":{"@type":"EntryPoint","urlTemplate":"https:\/\/mon-taux.com\/blog\/?s={search_term_string}"},"query-input":{"@type":"PropertyValueSpecification","valueRequired":true,"valueName":"search_term_string"}}],"inLanguage":"fr-FR"},{"@type":"Organization","@id":"https:\/\/mon-taux.com\/blog\/#organization","name":"Mon-taux.com","url":"https:\/\/mon-taux.com\/blog\/","logo":{"@type":"ImageObject","inLanguage":"fr-FR","@id":"https:\/\/mon-taux.com\/blog\/#\/schema\/logo\/image\/","url":"https:\/\/mon-taux.com\/blog\/wp-content\/uploads\/2020\/08\/montaux-new-logo-e1596462820847.png","contentUrl":"https:\/\/mon-taux.com\/blog\/wp-content\/uploads\/2020\/08\/montaux-new-logo-e1596462820847.png","width":300,"height":172,"caption":"Mon-taux.com"},"image":{"@id":"https:\/\/mon-taux.com\/blog\/#\/schema\/logo\/image\/"},"sameAs":["https:\/\/www.facebook.com\/MonTauxCom.ComparateurFrontalier","https:\/\/x.com\/MonTauxCom","https:\/\/www.youtube.com\/channel\/UCyft978dCKAgV8DglhSW6gg"]},{"@type":"Person","@id":"https:\/\/mon-taux.com\/blog\/#\/schema\/person\/bfe88bfabe109e312d4cd786a3dfe66f","name":"montaux","image":{"@type":"ImageObject","inLanguage":"fr-FR","@id":"https:\/\/mon-taux.com\/blog\/#\/schema\/person\/image\/","url":"https:\/\/mon-taux.com\/blog\/wp-content\/uploads\/2020\/08\/favicon2-150x150.png","contentUrl":"https:\/\/mon-taux.com\/blog\/wp-content\/uploads\/2020\/08\/favicon2-150x150.png","caption":"montaux"},"sameAs":["https:\/\/mon-taux.com"],"url":"https:\/\/mon-taux.com\/blog\/author\/montaux\/"}]}},"_links":{"self":[{"href":"https:\/\/mon-taux.com\/blog\/wp-json\/wp\/v2\/posts\/467","targetHints":{"allow":["GET"]}}],"collection":[{"href":"https:\/\/mon-taux.com\/blog\/wp-json\/wp\/v2\/posts"}],"about":[{"href":"https:\/\/mon-taux.com\/blog\/wp-json\/wp\/v2\/types\/post"}],"author":[{"embeddable":true,"href":"https:\/\/mon-taux.com\/blog\/wp-json\/wp\/v2\/users\/2"}],"replies":[{"embeddable":true,"href":"https:\/\/mon-taux.com\/blog\/wp-json\/wp\/v2\/comments?post=467"}],"version-history":[{"count":0,"href":"https:\/\/mon-taux.com\/blog\/wp-json\/wp\/v2\/posts\/467\/revisions"}],"wp:attachment":[{"href":"https:\/\/mon-taux.com\/blog\/wp-json\/wp\/v2\/media?parent=467"}],"wp:term":[{"taxonomy":"category","embeddable":true,"href":"https:\/\/mon-taux.com\/blog\/wp-json\/wp\/v2\/categories?post=467"},{"taxonomy":"post_tag","embeddable":true,"href":"https:\/\/mon-taux.com\/blog\/wp-json\/wp\/v2\/tags?post=467"}],"curies":[{"name":"wp","href":"https:\/\/api.w.org\/{rel}","templated":true}]}}