{"id":4088,"date":"2011-12-05T14:42:44","date_gmt":"2011-12-05T13:42:44","guid":{"rendered":"https:\/\/mon-taux-de-change.com\/?p=4088"},"modified":"2011-12-05T14:42:44","modified_gmt":"2011-12-05T13:42:44","slug":"actualtie-du-change-euro-chf","status":"publish","type":"post","link":"https:\/\/mon-taux.com\/blog\/2011\/12\/05\/actualtie-du-change-euro-chf\/","title":{"rendered":"05\/12\/11 &#8211; Argent, trop cher, trop grand, la vie n\u2019a pas de prix !"},"content":{"rendered":"<p style=\"text-align: justify;\"><span style=\"font-size: small;\">Ce titre du groupe T\u00e9l\u00e9phone illustre au mieux la situation de la Suisse et des prochaines d\u00e9cisions des autorit\u00e9s politiques et mon\u00e9taires du pays. Le franc fort am\u00e8ne la Suisse vers la r\u00e9cession, la hausse du ch\u00f4mage, bref une d\u00e9gradation majeure de la situation \u00e9conomique du pays. Jusqu\u2019o\u00f9 les instances helv\u00e9tiques doivent-elles aller pour contrer cela\u00a0?\u00a0 Faut-il relever le taux plancher\u00a0\u00e0 1,30 ? Des taux de r\u00e9mun\u00e9ration n\u00e9gatifs\u00a0? Des d\u00e9cisions difficilement applicables mais salutaires \u00e0 court terme d\u2019autant que la zone Euro peine (c\u2019est le moins que l\u2019on puisse dire) \u00e0 retrouver la confiance des march\u00e9s.<\/span><\/p>\n<p style=\"text-align: justify;\"><span style=\"font-size: small;\">Le prochain sommet europ\u00e9en du 8 et 9 d\u00e9cembre sera d\u00e9terminant. On le r\u00e9p\u00e8te \u00e0 chaque sommet depuis 6 mois, mais celui-ci nous apparait vraiment cl\u00e9 pour la zone euro. L\u2019Allemagne va faire adopter \u00e0 ses partenaires son plan de sortie de crise qui passe par de la rigueur budg\u00e9taire et la convergence fiscale. Certains points de discordes subsistent entre les diff\u00e9rents partenaires, mais nous ne doutons pas de la force de persuasion d\u2019Angela. Elle les fera plier\u00a0!<\/span><\/p>\n<p style=\"text-align: justify;\"><span style=\"font-size: small;\">Pour le cours Euro\/CHF, dont les fluctuations se sont limit\u00e9es la semaine pass\u00e9e \u00e0 1,222 et 1,239 nous ne devrions pas avoir de surprise dans les prochains jours, voire jusqu\u2019\u00e0 la fin de l\u2019ann\u00e9e. Nous estimons que le cours devrait \u00e9voluer entre 1,22 et 1,25. Plac\u00e9es sous perfusion par la BNS, les \u00e9volutions m\u00eame favorables de la zone euro n\u2019impacteront que mod\u00e9r\u00e9ment le cours.<\/span><\/p>\n<p style=\"text-align: justify;\"><span style=\"font-size: small;\">L\u2019environnement reste favorable aux frontaliers \u00e0 l\u2019aube des f\u00eates de No\u00ebl, aussi bien pour les achats de fin d\u2019ann\u00e9e que les conditions d\u2019acc\u00e8s au logement qui demeurent int\u00e9ressantes malgr\u00e9 une augmentation des taux des cr\u00e9dits en devise. Encore un peu t\u00f4t pour tirer un bilan de 2011, mais elle aura \u00e9t\u00e9 belle du c\u00f4t\u00e9 du pouvoir d\u2019achat de ceux qui travaillent en Suisse et vivent en France.<\/span><\/p>\n<p style=\"text-align: justify;\"><span style=\"text-decoration: underline;\"><span style=\"color: #0000ff; text-decoration: underline;\"><a href=\"http:\/\/youtu.be\/kUidgbCyFmY\" target=\"_blank\" rel=\"noopener noreferrer\"><span style=\"font-size: small; color: #0000ff; text-decoration: underline;\">Petit cadeau Mon-taux.com pour cette fin d\u2019ann\u00e9e\u00a0: T\u00e9l\u00e9phone lors d\u2019un concert en Allemagne\u00a0! Pensez \u00e0 baisser le son\u00a0!<\/span><\/a><\/span><\/span><\/p>\n<p style=\"text-align: justify;\"><a href=\"http:\/\/youtu.be\/kUidgbCyFmY\" target=\"_blank\" rel=\"noopener noreferrer\">\u00a0<\/a><\/p>\n<p style=\"text-align: justify;\"><span style=\"font-size: small;\">\u00a0<\/span><\/p>\n","protected":false},"excerpt":{"rendered":"<p>Ce titre du groupe T\u00e9l\u00e9phone illustre au mieux la situation de la Suisse et des prochaines d\u00e9cisions des autorit\u00e9s politiques et mon\u00e9taires du pays. Le franc fort am\u00e8ne la Suisse vers la r\u00e9cession, la hausse du ch\u00f4mage, bref une d\u00e9gradation majeure de la situation \u00e9conomique du pays. Jusqu\u2019o\u00f9 les instances helv\u00e9tiques doivent-elles aller pour contrer [&hellip;]<\/p>\n","protected":false},"author":2,"featured_media":0,"comment_status":"open","ping_status":"open","sticky":false,"template":"","format":"standard","meta":{"footnotes":""},"categories":[14],"tags":[],"class_list":{"0":"post-4088","1":"post","2":"type-post","3":"status-publish","4":"format-standard","6":"category-historique-taux-de-change","7":"czr-hentry"},"yoast_head":"<!-- This site is optimized with the Yoast SEO plugin v25.8 - https:\/\/yoast.com\/wordpress\/plugins\/seo\/ -->\n<title>05\/12\/11 - Argent, trop cher, trop grand, la vie n\u2019a pas de prix ! - Mon-taux.com - Blog des experts en frontaliers<\/title>\n<meta name=\"robots\" content=\"index, follow, max-snippet:-1, max-image-preview:large, max-video-preview:-1\" \/>\n<link rel=\"canonical\" href=\"https:\/\/mon-taux.com\/blog\/2011\/12\/05\/actualtie-du-change-euro-chf\/\" \/>\n<meta property=\"og:locale\" content=\"fr_FR\" \/>\n<meta property=\"og:type\" content=\"article\" \/>\n<meta property=\"og:title\" content=\"05\/12\/11 - Argent, trop cher, trop grand, la vie n\u2019a pas de prix ! - Mon-taux.com - Blog des experts en frontaliers\" \/>\n<meta property=\"og:description\" content=\"Ce titre du groupe T\u00e9l\u00e9phone illustre au mieux la situation de la Suisse et des prochaines d\u00e9cisions des autorit\u00e9s politiques et mon\u00e9taires du pays. Le franc fort am\u00e8ne la Suisse vers la r\u00e9cession, la hausse du ch\u00f4mage, bref une d\u00e9gradation majeure de la situation \u00e9conomique du pays. Jusqu\u2019o\u00f9 les instances helv\u00e9tiques doivent-elles aller pour contrer [&hellip;]\" \/>\n<meta property=\"og:url\" content=\"https:\/\/mon-taux.com\/blog\/2011\/12\/05\/actualtie-du-change-euro-chf\/\" \/>\n<meta property=\"og:site_name\" content=\"Mon-taux.com - Blog des experts en frontaliers\" \/>\n<meta property=\"article:publisher\" content=\"https:\/\/www.facebook.com\/MonTauxCom.ComparateurFrontalier\" \/>\n<meta property=\"article:published_time\" content=\"2011-12-05T13:42:44+00:00\" \/>\n<meta name=\"author\" content=\"montaux\" \/>\n<meta name=\"twitter:card\" content=\"summary_large_image\" \/>\n<meta name=\"twitter:creator\" content=\"@MonTauxCom\" \/>\n<meta name=\"twitter:site\" content=\"@MonTauxCom\" \/>\n<meta name=\"twitter:label1\" content=\"\u00c9crit par\" \/>\n\t<meta name=\"twitter:data1\" content=\"montaux\" \/>\n\t<meta name=\"twitter:label2\" content=\"Dur\u00e9e de lecture estim\u00e9e\" \/>\n\t<meta name=\"twitter:data2\" content=\"2 minutes\" \/>\n<script type=\"application\/ld+json\" class=\"yoast-schema-graph\">{\"@context\":\"https:\/\/schema.org\",\"@graph\":[{\"@type\":\"Article\",\"@id\":\"https:\/\/mon-taux.com\/blog\/2011\/12\/05\/actualtie-du-change-euro-chf\/#article\",\"isPartOf\":{\"@id\":\"https:\/\/mon-taux.com\/blog\/2011\/12\/05\/actualtie-du-change-euro-chf\/\"},\"author\":{\"name\":\"montaux\",\"@id\":\"https:\/\/mon-taux.com\/blog\/#\/schema\/person\/bfe88bfabe109e312d4cd786a3dfe66f\"},\"headline\":\"05\/12\/11 &#8211; Argent, trop cher, trop grand, la vie n\u2019a pas de prix !\",\"datePublished\":\"2011-12-05T13:42:44+00:00\",\"mainEntityOfPage\":{\"@id\":\"https:\/\/mon-taux.com\/blog\/2011\/12\/05\/actualtie-du-change-euro-chf\/\"},\"wordCount\":376,\"commentCount\":0,\"publisher\":{\"@id\":\"https:\/\/mon-taux.com\/blog\/#organization\"},\"articleSection\":[\"historique taux de change\"],\"inLanguage\":\"fr-FR\",\"potentialAction\":[{\"@type\":\"CommentAction\",\"name\":\"Comment\",\"target\":[\"https:\/\/mon-taux.com\/blog\/2011\/12\/05\/actualtie-du-change-euro-chf\/#respond\"]}]},{\"@type\":\"WebPage\",\"@id\":\"https:\/\/mon-taux.com\/blog\/2011\/12\/05\/actualtie-du-change-euro-chf\/\",\"url\":\"https:\/\/mon-taux.com\/blog\/2011\/12\/05\/actualtie-du-change-euro-chf\/\",\"name\":\"05\/12\/11 - Argent, trop cher, trop grand, la vie n\u2019a pas de prix ! - Mon-taux.com - Blog des experts en frontaliers\",\"isPartOf\":{\"@id\":\"https:\/\/mon-taux.com\/blog\/#website\"},\"datePublished\":\"2011-12-05T13:42:44+00:00\",\"breadcrumb\":{\"@id\":\"https:\/\/mon-taux.com\/blog\/2011\/12\/05\/actualtie-du-change-euro-chf\/#breadcrumb\"},\"inLanguage\":\"fr-FR\",\"potentialAction\":[{\"@type\":\"ReadAction\",\"target\":[\"https:\/\/mon-taux.com\/blog\/2011\/12\/05\/actualtie-du-change-euro-chf\/\"]}]},{\"@type\":\"BreadcrumbList\",\"@id\":\"https:\/\/mon-taux.com\/blog\/2011\/12\/05\/actualtie-du-change-euro-chf\/#breadcrumb\",\"itemListElement\":[{\"@type\":\"ListItem\",\"position\":1,\"name\":\"Accueil\",\"item\":\"https:\/\/mon-taux.com\/blog\/\"},{\"@type\":\"ListItem\",\"position\":2,\"name\":\"05\/12\/11 &#8211; Argent, trop cher, trop grand, la vie n\u2019a pas de prix !\"}]},{\"@type\":\"WebSite\",\"@id\":\"https:\/\/mon-taux.com\/blog\/#website\",\"url\":\"https:\/\/mon-taux.com\/blog\/\",\"name\":\"Mon-taux.com - Blog des experts en frontaliers\",\"description\":\"\",\"publisher\":{\"@id\":\"https:\/\/mon-taux.com\/blog\/#organization\"},\"potentialAction\":[{\"@type\":\"SearchAction\",\"target\":{\"@type\":\"EntryPoint\",\"urlTemplate\":\"https:\/\/mon-taux.com\/blog\/?s={search_term_string}\"},\"query-input\":{\"@type\":\"PropertyValueSpecification\",\"valueRequired\":true,\"valueName\":\"search_term_string\"}}],\"inLanguage\":\"fr-FR\"},{\"@type\":\"Organization\",\"@id\":\"https:\/\/mon-taux.com\/blog\/#organization\",\"name\":\"Mon-taux.com\",\"url\":\"https:\/\/mon-taux.com\/blog\/\",\"logo\":{\"@type\":\"ImageObject\",\"inLanguage\":\"fr-FR\",\"@id\":\"https:\/\/mon-taux.com\/blog\/#\/schema\/logo\/image\/\",\"url\":\"https:\/\/mon-taux.com\/blog\/wp-content\/uploads\/2020\/08\/montaux-new-logo-e1596462820847.png\",\"contentUrl\":\"https:\/\/mon-taux.com\/blog\/wp-content\/uploads\/2020\/08\/montaux-new-logo-e1596462820847.png\",\"width\":300,\"height\":172,\"caption\":\"Mon-taux.com\"},\"image\":{\"@id\":\"https:\/\/mon-taux.com\/blog\/#\/schema\/logo\/image\/\"},\"sameAs\":[\"https:\/\/www.facebook.com\/MonTauxCom.ComparateurFrontalier\",\"https:\/\/x.com\/MonTauxCom\",\"https:\/\/www.youtube.com\/channel\/UCyft978dCKAgV8DglhSW6gg\"]},{\"@type\":\"Person\",\"@id\":\"https:\/\/mon-taux.com\/blog\/#\/schema\/person\/bfe88bfabe109e312d4cd786a3dfe66f\",\"name\":\"montaux\",\"image\":{\"@type\":\"ImageObject\",\"inLanguage\":\"fr-FR\",\"@id\":\"https:\/\/mon-taux.com\/blog\/#\/schema\/person\/image\/\",\"url\":\"https:\/\/mon-taux.com\/blog\/wp-content\/uploads\/2020\/08\/favicon2-150x150.png\",\"contentUrl\":\"https:\/\/mon-taux.com\/blog\/wp-content\/uploads\/2020\/08\/favicon2-150x150.png\",\"caption\":\"montaux\"},\"sameAs\":[\"https:\/\/mon-taux.com\"],\"url\":\"https:\/\/mon-taux.com\/blog\/author\/montaux\/\"}]}<\/script>\n<!-- \/ Yoast SEO plugin. -->","yoast_head_json":{"title":"05\/12\/11 - Argent, trop cher, trop grand, la vie n\u2019a pas de prix ! - Mon-taux.com - Blog des experts en frontaliers","robots":{"index":"index","follow":"follow","max-snippet":"max-snippet:-1","max-image-preview":"max-image-preview:large","max-video-preview":"max-video-preview:-1"},"canonical":"https:\/\/mon-taux.com\/blog\/2011\/12\/05\/actualtie-du-change-euro-chf\/","og_locale":"fr_FR","og_type":"article","og_title":"05\/12\/11 - Argent, trop cher, trop grand, la vie n\u2019a pas de prix ! - Mon-taux.com - Blog des experts en frontaliers","og_description":"Ce titre du groupe T\u00e9l\u00e9phone illustre au mieux la situation de la Suisse et des prochaines d\u00e9cisions des autorit\u00e9s politiques et mon\u00e9taires du pays. Le franc fort am\u00e8ne la Suisse vers la r\u00e9cession, la hausse du ch\u00f4mage, bref une d\u00e9gradation majeure de la situation \u00e9conomique du pays. Jusqu\u2019o\u00f9 les instances helv\u00e9tiques doivent-elles aller pour contrer [&hellip;]","og_url":"https:\/\/mon-taux.com\/blog\/2011\/12\/05\/actualtie-du-change-euro-chf\/","og_site_name":"Mon-taux.com - Blog des experts en frontaliers","article_publisher":"https:\/\/www.facebook.com\/MonTauxCom.ComparateurFrontalier","article_published_time":"2011-12-05T13:42:44+00:00","author":"montaux","twitter_card":"summary_large_image","twitter_creator":"@MonTauxCom","twitter_site":"@MonTauxCom","twitter_misc":{"\u00c9crit par":"montaux","Dur\u00e9e de lecture estim\u00e9e":"2 minutes"},"schema":{"@context":"https:\/\/schema.org","@graph":[{"@type":"Article","@id":"https:\/\/mon-taux.com\/blog\/2011\/12\/05\/actualtie-du-change-euro-chf\/#article","isPartOf":{"@id":"https:\/\/mon-taux.com\/blog\/2011\/12\/05\/actualtie-du-change-euro-chf\/"},"author":{"name":"montaux","@id":"https:\/\/mon-taux.com\/blog\/#\/schema\/person\/bfe88bfabe109e312d4cd786a3dfe66f"},"headline":"05\/12\/11 &#8211; Argent, trop cher, trop grand, la vie n\u2019a pas de prix !","datePublished":"2011-12-05T13:42:44+00:00","mainEntityOfPage":{"@id":"https:\/\/mon-taux.com\/blog\/2011\/12\/05\/actualtie-du-change-euro-chf\/"},"wordCount":376,"commentCount":0,"publisher":{"@id":"https:\/\/mon-taux.com\/blog\/#organization"},"articleSection":["historique taux de change"],"inLanguage":"fr-FR","potentialAction":[{"@type":"CommentAction","name":"Comment","target":["https:\/\/mon-taux.com\/blog\/2011\/12\/05\/actualtie-du-change-euro-chf\/#respond"]}]},{"@type":"WebPage","@id":"https:\/\/mon-taux.com\/blog\/2011\/12\/05\/actualtie-du-change-euro-chf\/","url":"https:\/\/mon-taux.com\/blog\/2011\/12\/05\/actualtie-du-change-euro-chf\/","name":"05\/12\/11 - Argent, trop cher, trop grand, la vie n\u2019a pas de prix ! - Mon-taux.com - Blog des experts en frontaliers","isPartOf":{"@id":"https:\/\/mon-taux.com\/blog\/#website"},"datePublished":"2011-12-05T13:42:44+00:00","breadcrumb":{"@id":"https:\/\/mon-taux.com\/blog\/2011\/12\/05\/actualtie-du-change-euro-chf\/#breadcrumb"},"inLanguage":"fr-FR","potentialAction":[{"@type":"ReadAction","target":["https:\/\/mon-taux.com\/blog\/2011\/12\/05\/actualtie-du-change-euro-chf\/"]}]},{"@type":"BreadcrumbList","@id":"https:\/\/mon-taux.com\/blog\/2011\/12\/05\/actualtie-du-change-euro-chf\/#breadcrumb","itemListElement":[{"@type":"ListItem","position":1,"name":"Accueil","item":"https:\/\/mon-taux.com\/blog\/"},{"@type":"ListItem","position":2,"name":"05\/12\/11 &#8211; Argent, trop cher, trop grand, la vie n\u2019a pas de prix !"}]},{"@type":"WebSite","@id":"https:\/\/mon-taux.com\/blog\/#website","url":"https:\/\/mon-taux.com\/blog\/","name":"Mon-taux.com - Blog des experts en frontaliers","description":"","publisher":{"@id":"https:\/\/mon-taux.com\/blog\/#organization"},"potentialAction":[{"@type":"SearchAction","target":{"@type":"EntryPoint","urlTemplate":"https:\/\/mon-taux.com\/blog\/?s={search_term_string}"},"query-input":{"@type":"PropertyValueSpecification","valueRequired":true,"valueName":"search_term_string"}}],"inLanguage":"fr-FR"},{"@type":"Organization","@id":"https:\/\/mon-taux.com\/blog\/#organization","name":"Mon-taux.com","url":"https:\/\/mon-taux.com\/blog\/","logo":{"@type":"ImageObject","inLanguage":"fr-FR","@id":"https:\/\/mon-taux.com\/blog\/#\/schema\/logo\/image\/","url":"https:\/\/mon-taux.com\/blog\/wp-content\/uploads\/2020\/08\/montaux-new-logo-e1596462820847.png","contentUrl":"https:\/\/mon-taux.com\/blog\/wp-content\/uploads\/2020\/08\/montaux-new-logo-e1596462820847.png","width":300,"height":172,"caption":"Mon-taux.com"},"image":{"@id":"https:\/\/mon-taux.com\/blog\/#\/schema\/logo\/image\/"},"sameAs":["https:\/\/www.facebook.com\/MonTauxCom.ComparateurFrontalier","https:\/\/x.com\/MonTauxCom","https:\/\/www.youtube.com\/channel\/UCyft978dCKAgV8DglhSW6gg"]},{"@type":"Person","@id":"https:\/\/mon-taux.com\/blog\/#\/schema\/person\/bfe88bfabe109e312d4cd786a3dfe66f","name":"montaux","image":{"@type":"ImageObject","inLanguage":"fr-FR","@id":"https:\/\/mon-taux.com\/blog\/#\/schema\/person\/image\/","url":"https:\/\/mon-taux.com\/blog\/wp-content\/uploads\/2020\/08\/favicon2-150x150.png","contentUrl":"https:\/\/mon-taux.com\/blog\/wp-content\/uploads\/2020\/08\/favicon2-150x150.png","caption":"montaux"},"sameAs":["https:\/\/mon-taux.com"],"url":"https:\/\/mon-taux.com\/blog\/author\/montaux\/"}]}},"_links":{"self":[{"href":"https:\/\/mon-taux.com\/blog\/wp-json\/wp\/v2\/posts\/4088","targetHints":{"allow":["GET"]}}],"collection":[{"href":"https:\/\/mon-taux.com\/blog\/wp-json\/wp\/v2\/posts"}],"about":[{"href":"https:\/\/mon-taux.com\/blog\/wp-json\/wp\/v2\/types\/post"}],"author":[{"embeddable":true,"href":"https:\/\/mon-taux.com\/blog\/wp-json\/wp\/v2\/users\/2"}],"replies":[{"embeddable":true,"href":"https:\/\/mon-taux.com\/blog\/wp-json\/wp\/v2\/comments?post=4088"}],"version-history":[{"count":0,"href":"https:\/\/mon-taux.com\/blog\/wp-json\/wp\/v2\/posts\/4088\/revisions"}],"wp:attachment":[{"href":"https:\/\/mon-taux.com\/blog\/wp-json\/wp\/v2\/media?parent=4088"}],"wp:term":[{"taxonomy":"category","embeddable":true,"href":"https:\/\/mon-taux.com\/blog\/wp-json\/wp\/v2\/categories?post=4088"},{"taxonomy":"post_tag","embeddable":true,"href":"https:\/\/mon-taux.com\/blog\/wp-json\/wp\/v2\/tags?post=4088"}],"curies":[{"name":"wp","href":"https:\/\/api.w.org\/{rel}","templated":true}]}}