{"id":39321,"date":"2022-09-22T14:52:13","date_gmt":"2022-09-22T12:52:13","guid":{"rendered":"https:\/\/mon-taux.com\/blog\/?p=39321"},"modified":"2022-09-23T09:15:54","modified_gmt":"2022-09-23T07:15:54","slug":"22-09-2022-la-bns-siffle-la-fin-des-taux-dinterets-negatifs-quelles-consequences-pour-les-frontaliers","status":"publish","type":"post","link":"https:\/\/mon-taux.com\/blog\/2022\/09\/22\/22-09-2022-la-bns-siffle-la-fin-des-taux-dinterets-negatifs-quelles-consequences-pour-les-frontaliers\/","title":{"rendered":"22\/09\/2022  &#8211; La BNS siffle la fin des taux d\u2019int\u00e9r\u00eats n\u00e9gatifs, quelles cons\u00e9quences pour les frontaliers ?"},"content":{"rendered":"<p><em><strong>La Banque Nationale Suisse a annonc\u00e9 ce matin un rel\u00e8vement de son taux directeur de 0,75 pour passer \u00e0 0,5% afin de lutter contre l\u2019inflation qui s\u2019installe, port\u00e9e par les prix des \u00e9nergies. Dans la lign\u00e9e des autres banques centrales engag\u00e9es dans la lutte contre l\u2019inflation, Thomas Jordan a mis fin \u00e0 presque 8 ans de taux d\u2019int\u00e9r\u00eat n\u00e9gatif. L\u2019inflation en Suisse en ao\u00fbt s\u2019\u00e9levait \u00e0 3,5%, un plus haut depuis 29 ans.<\/strong><\/em><\/p>\n<p><img loading=\"lazy\" decoding=\"async\" class=\"size-full wp-image-39322\" src=\"https:\/\/mon-taux.com\/blog\/wp-content\/uploads\/2022\/09\/serious-beatded-male-employee-says-hold-on-pulls-palm-towards-camera-in-stop-gesture-looks-with-strict-expression-refuses-your-help-prepares-project-work-by-himself-dressed-formally-scaled.jpg\" alt=\"\" width=\"2560\" height=\"1708\" srcset=\"https:\/\/mon-taux.com\/blog\/wp-content\/uploads\/2022\/09\/serious-beatded-male-employee-says-hold-on-pulls-palm-towards-camera-in-stop-gesture-looks-with-strict-expression-refuses-your-help-prepares-project-work-by-himself-dressed-formally-scaled.jpg 2560w, https:\/\/mon-taux.com\/blog\/wp-content\/uploads\/2022\/09\/serious-beatded-male-employee-says-hold-on-pulls-palm-towards-camera-in-stop-gesture-looks-with-strict-expression-refuses-your-help-prepares-project-work-by-himself-dressed-formally-300x200.jpg 300w, https:\/\/mon-taux.com\/blog\/wp-content\/uploads\/2022\/09\/serious-beatded-male-employee-says-hold-on-pulls-palm-towards-camera-in-stop-gesture-looks-with-strict-expression-refuses-your-help-prepares-project-work-by-himself-dressed-formally-1024x683.jpg 1024w, https:\/\/mon-taux.com\/blog\/wp-content\/uploads\/2022\/09\/serious-beatded-male-employee-says-hold-on-pulls-palm-towards-camera-in-stop-gesture-looks-with-strict-expression-refuses-your-help-prepares-project-work-by-himself-dressed-formally-768x512.jpg 768w, https:\/\/mon-taux.com\/blog\/wp-content\/uploads\/2022\/09\/serious-beatded-male-employee-says-hold-on-pulls-palm-towards-camera-in-stop-gesture-looks-with-strict-expression-refuses-your-help-prepares-project-work-by-himself-dressed-formally-1536x1025.jpg 1536w, https:\/\/mon-taux.com\/blog\/wp-content\/uploads\/2022\/09\/serious-beatded-male-employee-says-hold-on-pulls-palm-towards-camera-in-stop-gesture-looks-with-strict-expression-refuses-your-help-prepares-project-work-by-himself-dressed-formally-2048x1366.jpg 2048w, https:\/\/mon-taux.com\/blog\/wp-content\/uploads\/2022\/09\/serious-beatded-male-employee-says-hold-on-pulls-palm-towards-camera-in-stop-gesture-looks-with-strict-expression-refuses-your-help-prepares-project-work-by-himself-dressed-formally-1200x800.jpg 1200w\" sizes=\"auto, (max-width: 2560px) 100vw, 2560px\" \/><\/p>\n<p>&nbsp;<\/p>\n<h3><b>Chute du franc, baisse des taux d\u2019int\u00e9r\u00eat \u00e0 long terme<\/b><\/h3>\n<p>&nbsp;<\/p>\n<p><span style=\"font-weight: 400;\">Dans la foul\u00e9e de cette annonce, le franc suisse a recul\u00e9 par rapport \u00e0 l\u2019euro et aux monnaies internationales. Dans le m\u00eame temps, on constate une baisse des taux des emprunts d\u2019\u00e9tat \u00e0 dix. Dans son intervention, le patron de la BNS n\u2019a pas exclu de continuer \u00e0 intervenir sur les march\u00e9s afin de faire baisser le franc, sans pour autant donner un objectif de cours.<\/span><\/p>\n<p>&nbsp;<\/p>\n<h3><b>Baisse du pouvoir d\u2019achat pour les frontaliers ?<\/b><\/h3>\n<p>&nbsp;<\/p>\n<p><span style=\"font-weight: 400;\">A court terme, la baisse du taux de change euro\/chf va impacter \u00e0 la baisse le revenu en contre valeur euro des travailleurs frontaliers. Avec un cours ce jour de 1Euros = 0,97 CHF, la p\u00e9riode demeure favorable pour les frontaliers et les r\u00e9sidents suisses qui envisagent d\u2019acheter en France. Pour se prot\u00e9ger d\u2019un nouveau recul de la monnaie helv\u00e9tique,la <a href=\"https:\/\/change-prive.com\/vente-a-terme\/\" target=\"_blank\" rel=\"noopener\"><strong>solution de la vente \u00e0 terme<\/strong><\/a> repr\u00e9sente une solution pertinente dans le contexte actuel.\u00a0\u00a0<\/span><\/p>\n<p>&nbsp;<\/p>\n<p><script type='text\/javascript' src='https:\/\/app.getresponse.com\/view_webform_v2.js?u=y28lL&#038;webforms_id=ztZsL'><\/script><\/p>\n<p>&nbsp;<\/p>\n<h3><b>Cr\u00e9dit immobilier : Hausse des taux variables, baisse des taux fixes<\/b><span style=\"font-weight: 400;\">\u00a0<\/span><\/h3>\n<p>&nbsp;<\/p>\n<p><span style=\"font-weight: 400;\">Cette annonce aura un impact sur les mensualit\u00e9s des frontaliers qui ont emprunt\u00e9 \u00e0 taux variable, index\u00e9 \u00e0 l\u2019\u00e9poque sur le Libor. C\u2019est la fin du cr\u00e9dit gratuit, il faudra payer \u00e0 nouveau des int\u00e9r\u00eats sur vos cr\u00e9dit immobiliers. Les conditions devraient rester plut\u00f4t favorables pour ces cr\u00e9dits \u00e0 taux variable dans une fourchette de 1% \u00e0 1,50%. Les taux cap\u00e9s pourraient remonter un peu plus.<\/span><\/p>\n<p>&nbsp;<\/p>\n<p><span style=\"font-weight: 400;\">Les taux longs, et notamment ceux concernant les cr\u00e9dits immobiliers devraient eux se stabiliser ou s\u2019orienter vers une baisse. En effet, la hausse du taux directeur par la BNS est une indication donn\u00e9e aux march\u00e9s financiers de ne pas subir l\u2019inflation et de mettre en \u0153uvre des actions destin\u00e9es \u00e0 la juguler rapidement. La cons\u00e9quence est une baisse des conditions de financement de la conf\u00e9d\u00e9ration \u00e0 10 ans, indicateur de l\u2019\u00e9volution des taux des pr\u00eats en devise. Il est fort \u00e0 parier que l\u2019\u00e9cart va se creuser entre les taux des cr\u00e9dits immobiliers en euro et les pr\u00eats en devise. Une bonne nouvelle pour les candidats \u00e0 l\u2019achat.<\/span><\/p>\n<p>&nbsp;<\/p>\n<div class=\"infogram-embed\" data-id=\"a2bd6cec-e71a-447d-9ccb-ac046fc1cb8c\" data-type=\"interactive\" data-title=\"Mon-taux-com - Historique de taux de cr\u00e9dit - www.mon-taux.com\">\n<p class=\"entry-title h3\" style=\"text-align: center;\">Historique taux de cr\u00e9dit CHF\/EUR<\/p>\n<\/div>\n<p><script>!function(e,i,n,s){var t=\"InfogramEmbeds\",d=e.getElementsByTagName(\"script\")[0];if(window[t]&&window[t].initialized)window[t].process&&window[t].process();else if(!e.getElementById(n)){var o=e.createElement(\"script\");o.async=1,o.id=n,o.src=\"https:\/\/e.infogram.com\/js\/dist\/embed-loader-min.js\",d.parentNode.insertBefore(o,d)}}(document,0,\"infogram-async\");<\/script><\/p>\n<div style=\"padding: 8px 0; font-family: Arial!important; font-size: 13px!important; line-height: 15px!important; text-align: center; border-top: 1px solid #dadada; margin: 0 30px;\"><a style=\"color: #989898!important; text-decoration: none!important;\" href=\"https:\/\/infogram.com\/a2bd6cec-e71a-447d-9ccb-ac046fc1cb8c\" target=\"_blank\" rel=\"noopener\">Mon-taux-com &#8211; Historique de taux de cr\u00e9dit &#8211; www.mon-taux.com<\/a><br \/>\n<a style=\"color: #989898!important; text-decoration: none!important;\" href=\"https:\/\/infogram.com\" target=\"_blank\" rel=\"nofollow noopener\">Infogram<\/a><\/div>\n","protected":false},"excerpt":{"rendered":"<p>La Banque Nationale Suisse a annonc\u00e9 ce matin un rel\u00e8vement de son taux directeur de 0,75 pour passer \u00e0 0,5% afin de lutter contre l\u2019inflation qui s\u2019installe, port\u00e9e par les prix des \u00e9nergies. Dans la lign\u00e9e des autres banques centrales engag\u00e9es dans la lutte contre l\u2019inflation, Thomas Jordan a mis fin \u00e0 presque 8 ans [&hellip;]<\/p>\n","protected":false},"author":2,"featured_media":39322,"comment_status":"closed","ping_status":"open","sticky":false,"template":"","format":"standard","meta":{"footnotes":""},"categories":[33,3,5,14,22],"tags":[],"class_list":{"0":"post-39321","1":"post","2":"type-post","3":"status-publish","4":"format-standard","5":"has-post-thumbnail","7":"category-taux-de-change-actualites","8":"category-credit","9":"category-immobilier-actualites","10":"category-historique-taux-de-change","11":"category-pourquoi-le-franc-suisse-baisse-pourquoi-le-franc-suisse-monte","12":"czr-hentry"},"yoast_head":"<!-- This site is optimized with the Yoast SEO plugin v25.8 - https:\/\/yoast.com\/wordpress\/plugins\/seo\/ -->\n<title>22\/09\/2022 - La BNS siffle la fin des taux d\u2019int\u00e9r\u00eats n\u00e9gatifs, quelles cons\u00e9quences pour les frontaliers ? - Mon-taux.com - Blog des experts en frontaliers<\/title>\n<meta name=\"robots\" content=\"index, follow, max-snippet:-1, max-image-preview:large, max-video-preview:-1\" \/>\n<link rel=\"canonical\" href=\"https:\/\/mon-taux.com\/blog\/2022\/09\/22\/22-09-2022-la-bns-siffle-la-fin-des-taux-dinterets-negatifs-quelles-consequences-pour-les-frontaliers\/\" \/>\n<meta property=\"og:locale\" content=\"fr_FR\" \/>\n<meta property=\"og:type\" content=\"article\" \/>\n<meta property=\"og:title\" content=\"22\/09\/2022 - La BNS siffle la fin des taux d\u2019int\u00e9r\u00eats n\u00e9gatifs, quelles cons\u00e9quences pour les frontaliers ? - Mon-taux.com - Blog des experts en frontaliers\" \/>\n<meta property=\"og:description\" content=\"La Banque Nationale Suisse a annonc\u00e9 ce matin un rel\u00e8vement de son taux directeur de 0,75 pour passer \u00e0 0,5% afin de lutter contre l\u2019inflation qui s\u2019installe, port\u00e9e par les prix des \u00e9nergies. Dans la lign\u00e9e des autres banques centrales engag\u00e9es dans la lutte contre l\u2019inflation, Thomas Jordan a mis fin \u00e0 presque 8 ans [&hellip;]\" \/>\n<meta property=\"og:url\" content=\"https:\/\/mon-taux.com\/blog\/2022\/09\/22\/22-09-2022-la-bns-siffle-la-fin-des-taux-dinterets-negatifs-quelles-consequences-pour-les-frontaliers\/\" \/>\n<meta property=\"og:site_name\" content=\"Mon-taux.com - Blog des experts en frontaliers\" \/>\n<meta property=\"article:publisher\" content=\"https:\/\/www.facebook.com\/MonTauxCom.ComparateurFrontalier\" \/>\n<meta property=\"article:published_time\" content=\"2022-09-22T12:52:13+00:00\" \/>\n<meta property=\"article:modified_time\" content=\"2022-09-23T07:15:54+00:00\" \/>\n<meta property=\"og:image\" content=\"https:\/\/mon-taux.com\/blog\/wp-content\/uploads\/2022\/09\/serious-beatded-male-employee-says-hold-on-pulls-palm-towards-camera-in-stop-gesture-looks-with-strict-expression-refuses-your-help-prepares-project-work-by-himself-dressed-formally-scaled.jpg\" \/>\n\t<meta property=\"og:image:width\" content=\"2560\" \/>\n\t<meta property=\"og:image:height\" content=\"1708\" \/>\n\t<meta property=\"og:image:type\" content=\"image\/jpeg\" \/>\n<meta name=\"author\" content=\"montaux\" \/>\n<meta name=\"twitter:card\" content=\"summary_large_image\" \/>\n<meta name=\"twitter:creator\" content=\"@MonTauxCom\" \/>\n<meta name=\"twitter:site\" content=\"@MonTauxCom\" \/>\n<meta name=\"twitter:label1\" content=\"\u00c9crit par\" \/>\n\t<meta name=\"twitter:data1\" content=\"montaux\" \/>\n\t<meta name=\"twitter:label2\" content=\"Dur\u00e9e de lecture estim\u00e9e\" \/>\n\t<meta name=\"twitter:data2\" content=\"3 minutes\" \/>\n<script type=\"application\/ld+json\" class=\"yoast-schema-graph\">{\"@context\":\"https:\/\/schema.org\",\"@graph\":[{\"@type\":\"Article\",\"@id\":\"https:\/\/mon-taux.com\/blog\/2022\/09\/22\/22-09-2022-la-bns-siffle-la-fin-des-taux-dinterets-negatifs-quelles-consequences-pour-les-frontaliers\/#article\",\"isPartOf\":{\"@id\":\"https:\/\/mon-taux.com\/blog\/2022\/09\/22\/22-09-2022-la-bns-siffle-la-fin-des-taux-dinterets-negatifs-quelles-consequences-pour-les-frontaliers\/\"},\"author\":{\"name\":\"montaux\",\"@id\":\"https:\/\/mon-taux.com\/blog\/#\/schema\/person\/bfe88bfabe109e312d4cd786a3dfe66f\"},\"headline\":\"22\/09\/2022 &#8211; La BNS siffle la fin des taux d\u2019int\u00e9r\u00eats n\u00e9gatifs, quelles cons\u00e9quences pour les frontaliers ?\",\"datePublished\":\"2022-09-22T12:52:13+00:00\",\"dateModified\":\"2022-09-23T07:15:54+00:00\",\"mainEntityOfPage\":{\"@id\":\"https:\/\/mon-taux.com\/blog\/2022\/09\/22\/22-09-2022-la-bns-siffle-la-fin-des-taux-dinterets-negatifs-quelles-consequences-pour-les-frontaliers\/\"},\"wordCount\":494,\"publisher\":{\"@id\":\"https:\/\/mon-taux.com\/blog\/#organization\"},\"image\":{\"@id\":\"https:\/\/mon-taux.com\/blog\/2022\/09\/22\/22-09-2022-la-bns-siffle-la-fin-des-taux-dinterets-negatifs-quelles-consequences-pour-les-frontaliers\/#primaryimage\"},\"thumbnailUrl\":\"https:\/\/mon-taux.com\/blog\/wp-content\/uploads\/2022\/09\/serious-beatded-male-employee-says-hold-on-pulls-palm-towards-camera-in-stop-gesture-looks-with-strict-expression-refuses-your-help-prepares-project-work-by-himself-dressed-formally-scaled.jpg\",\"articleSection\":[\"Change\",\"Cr\u00e9dit\",\"Cr\u00e9dit Immobilier\",\"historique taux de change\",\"Pourquoi le franc suisse baisse ? Pourquoi le franc suisse monte ?\"],\"inLanguage\":\"fr-FR\"},{\"@type\":\"WebPage\",\"@id\":\"https:\/\/mon-taux.com\/blog\/2022\/09\/22\/22-09-2022-la-bns-siffle-la-fin-des-taux-dinterets-negatifs-quelles-consequences-pour-les-frontaliers\/\",\"url\":\"https:\/\/mon-taux.com\/blog\/2022\/09\/22\/22-09-2022-la-bns-siffle-la-fin-des-taux-dinterets-negatifs-quelles-consequences-pour-les-frontaliers\/\",\"name\":\"22\/09\/2022 - La BNS siffle la fin des taux d\u2019int\u00e9r\u00eats n\u00e9gatifs, quelles cons\u00e9quences pour les frontaliers ? - Mon-taux.com - Blog des experts en frontaliers\",\"isPartOf\":{\"@id\":\"https:\/\/mon-taux.com\/blog\/#website\"},\"primaryImageOfPage\":{\"@id\":\"https:\/\/mon-taux.com\/blog\/2022\/09\/22\/22-09-2022-la-bns-siffle-la-fin-des-taux-dinterets-negatifs-quelles-consequences-pour-les-frontaliers\/#primaryimage\"},\"image\":{\"@id\":\"https:\/\/mon-taux.com\/blog\/2022\/09\/22\/22-09-2022-la-bns-siffle-la-fin-des-taux-dinterets-negatifs-quelles-consequences-pour-les-frontaliers\/#primaryimage\"},\"thumbnailUrl\":\"https:\/\/mon-taux.com\/blog\/wp-content\/uploads\/2022\/09\/serious-beatded-male-employee-says-hold-on-pulls-palm-towards-camera-in-stop-gesture-looks-with-strict-expression-refuses-your-help-prepares-project-work-by-himself-dressed-formally-scaled.jpg\",\"datePublished\":\"2022-09-22T12:52:13+00:00\",\"dateModified\":\"2022-09-23T07:15:54+00:00\",\"breadcrumb\":{\"@id\":\"https:\/\/mon-taux.com\/blog\/2022\/09\/22\/22-09-2022-la-bns-siffle-la-fin-des-taux-dinterets-negatifs-quelles-consequences-pour-les-frontaliers\/#breadcrumb\"},\"inLanguage\":\"fr-FR\",\"potentialAction\":[{\"@type\":\"ReadAction\",\"target\":[\"https:\/\/mon-taux.com\/blog\/2022\/09\/22\/22-09-2022-la-bns-siffle-la-fin-des-taux-dinterets-negatifs-quelles-consequences-pour-les-frontaliers\/\"]}]},{\"@type\":\"ImageObject\",\"inLanguage\":\"fr-FR\",\"@id\":\"https:\/\/mon-taux.com\/blog\/2022\/09\/22\/22-09-2022-la-bns-siffle-la-fin-des-taux-dinterets-negatifs-quelles-consequences-pour-les-frontaliers\/#primaryimage\",\"url\":\"https:\/\/mon-taux.com\/blog\/wp-content\/uploads\/2022\/09\/serious-beatded-male-employee-says-hold-on-pulls-palm-towards-camera-in-stop-gesture-looks-with-strict-expression-refuses-your-help-prepares-project-work-by-himself-dressed-formally-scaled.jpg\",\"contentUrl\":\"https:\/\/mon-taux.com\/blog\/wp-content\/uploads\/2022\/09\/serious-beatded-male-employee-says-hold-on-pulls-palm-towards-camera-in-stop-gesture-looks-with-strict-expression-refuses-your-help-prepares-project-work-by-himself-dressed-formally-scaled.jpg\",\"width\":2560,\"height\":1708,\"caption\":\"Serious beatded male employee says hold on pulls palm towards camera in stop gesture looks with strict expression refuses your help prepares project work by himself dressed formally isolated on blue\"},{\"@type\":\"BreadcrumbList\",\"@id\":\"https:\/\/mon-taux.com\/blog\/2022\/09\/22\/22-09-2022-la-bns-siffle-la-fin-des-taux-dinterets-negatifs-quelles-consequences-pour-les-frontaliers\/#breadcrumb\",\"itemListElement\":[{\"@type\":\"ListItem\",\"position\":1,\"name\":\"Accueil\",\"item\":\"https:\/\/mon-taux.com\/blog\/\"},{\"@type\":\"ListItem\",\"position\":2,\"name\":\"22\/09\/2022 &#8211; La BNS siffle la fin des taux d\u2019int\u00e9r\u00eats n\u00e9gatifs, quelles cons\u00e9quences pour les frontaliers ?\"}]},{\"@type\":\"WebSite\",\"@id\":\"https:\/\/mon-taux.com\/blog\/#website\",\"url\":\"https:\/\/mon-taux.com\/blog\/\",\"name\":\"Mon-taux.com - Blog des experts en frontaliers\",\"description\":\"\",\"publisher\":{\"@id\":\"https:\/\/mon-taux.com\/blog\/#organization\"},\"potentialAction\":[{\"@type\":\"SearchAction\",\"target\":{\"@type\":\"EntryPoint\",\"urlTemplate\":\"https:\/\/mon-taux.com\/blog\/?s={search_term_string}\"},\"query-input\":{\"@type\":\"PropertyValueSpecification\",\"valueRequired\":true,\"valueName\":\"search_term_string\"}}],\"inLanguage\":\"fr-FR\"},{\"@type\":\"Organization\",\"@id\":\"https:\/\/mon-taux.com\/blog\/#organization\",\"name\":\"Mon-taux.com\",\"url\":\"https:\/\/mon-taux.com\/blog\/\",\"logo\":{\"@type\":\"ImageObject\",\"inLanguage\":\"fr-FR\",\"@id\":\"https:\/\/mon-taux.com\/blog\/#\/schema\/logo\/image\/\",\"url\":\"https:\/\/mon-taux.com\/blog\/wp-content\/uploads\/2020\/08\/montaux-new-logo-e1596462820847.png\",\"contentUrl\":\"https:\/\/mon-taux.com\/blog\/wp-content\/uploads\/2020\/08\/montaux-new-logo-e1596462820847.png\",\"width\":300,\"height\":172,\"caption\":\"Mon-taux.com\"},\"image\":{\"@id\":\"https:\/\/mon-taux.com\/blog\/#\/schema\/logo\/image\/\"},\"sameAs\":[\"https:\/\/www.facebook.com\/MonTauxCom.ComparateurFrontalier\",\"https:\/\/x.com\/MonTauxCom\",\"https:\/\/www.youtube.com\/channel\/UCyft978dCKAgV8DglhSW6gg\"]},{\"@type\":\"Person\",\"@id\":\"https:\/\/mon-taux.com\/blog\/#\/schema\/person\/bfe88bfabe109e312d4cd786a3dfe66f\",\"name\":\"montaux\",\"image\":{\"@type\":\"ImageObject\",\"inLanguage\":\"fr-FR\",\"@id\":\"https:\/\/mon-taux.com\/blog\/#\/schema\/person\/image\/\",\"url\":\"https:\/\/mon-taux.com\/blog\/wp-content\/uploads\/2020\/08\/favicon2-150x150.png\",\"contentUrl\":\"https:\/\/mon-taux.com\/blog\/wp-content\/uploads\/2020\/08\/favicon2-150x150.png\",\"caption\":\"montaux\"},\"sameAs\":[\"https:\/\/mon-taux.com\"],\"url\":\"https:\/\/mon-taux.com\/blog\/author\/montaux\/\"}]}<\/script>\n<!-- \/ Yoast SEO plugin. -->","yoast_head_json":{"title":"22\/09\/2022 - La BNS siffle la fin des taux d\u2019int\u00e9r\u00eats n\u00e9gatifs, quelles cons\u00e9quences pour les frontaliers ? - Mon-taux.com - Blog des experts en frontaliers","robots":{"index":"index","follow":"follow","max-snippet":"max-snippet:-1","max-image-preview":"max-image-preview:large","max-video-preview":"max-video-preview:-1"},"canonical":"https:\/\/mon-taux.com\/blog\/2022\/09\/22\/22-09-2022-la-bns-siffle-la-fin-des-taux-dinterets-negatifs-quelles-consequences-pour-les-frontaliers\/","og_locale":"fr_FR","og_type":"article","og_title":"22\/09\/2022 - La BNS siffle la fin des taux d\u2019int\u00e9r\u00eats n\u00e9gatifs, quelles cons\u00e9quences pour les frontaliers ? - Mon-taux.com - Blog des experts en frontaliers","og_description":"La Banque Nationale Suisse a annonc\u00e9 ce matin un rel\u00e8vement de son taux directeur de 0,75 pour passer \u00e0 0,5% afin de lutter contre l\u2019inflation qui s\u2019installe, port\u00e9e par les prix des \u00e9nergies. Dans la lign\u00e9e des autres banques centrales engag\u00e9es dans la lutte contre l\u2019inflation, Thomas Jordan a mis fin \u00e0 presque 8 ans [&hellip;]","og_url":"https:\/\/mon-taux.com\/blog\/2022\/09\/22\/22-09-2022-la-bns-siffle-la-fin-des-taux-dinterets-negatifs-quelles-consequences-pour-les-frontaliers\/","og_site_name":"Mon-taux.com - Blog des experts en frontaliers","article_publisher":"https:\/\/www.facebook.com\/MonTauxCom.ComparateurFrontalier","article_published_time":"2022-09-22T12:52:13+00:00","article_modified_time":"2022-09-23T07:15:54+00:00","og_image":[{"width":2560,"height":1708,"url":"https:\/\/mon-taux.com\/blog\/wp-content\/uploads\/2022\/09\/serious-beatded-male-employee-says-hold-on-pulls-palm-towards-camera-in-stop-gesture-looks-with-strict-expression-refuses-your-help-prepares-project-work-by-himself-dressed-formally-scaled.jpg","type":"image\/jpeg"}],"author":"montaux","twitter_card":"summary_large_image","twitter_creator":"@MonTauxCom","twitter_site":"@MonTauxCom","twitter_misc":{"\u00c9crit par":"montaux","Dur\u00e9e de lecture estim\u00e9e":"3 minutes"},"schema":{"@context":"https:\/\/schema.org","@graph":[{"@type":"Article","@id":"https:\/\/mon-taux.com\/blog\/2022\/09\/22\/22-09-2022-la-bns-siffle-la-fin-des-taux-dinterets-negatifs-quelles-consequences-pour-les-frontaliers\/#article","isPartOf":{"@id":"https:\/\/mon-taux.com\/blog\/2022\/09\/22\/22-09-2022-la-bns-siffle-la-fin-des-taux-dinterets-negatifs-quelles-consequences-pour-les-frontaliers\/"},"author":{"name":"montaux","@id":"https:\/\/mon-taux.com\/blog\/#\/schema\/person\/bfe88bfabe109e312d4cd786a3dfe66f"},"headline":"22\/09\/2022 &#8211; La BNS siffle la fin des taux d\u2019int\u00e9r\u00eats n\u00e9gatifs, quelles cons\u00e9quences pour les frontaliers ?","datePublished":"2022-09-22T12:52:13+00:00","dateModified":"2022-09-23T07:15:54+00:00","mainEntityOfPage":{"@id":"https:\/\/mon-taux.com\/blog\/2022\/09\/22\/22-09-2022-la-bns-siffle-la-fin-des-taux-dinterets-negatifs-quelles-consequences-pour-les-frontaliers\/"},"wordCount":494,"publisher":{"@id":"https:\/\/mon-taux.com\/blog\/#organization"},"image":{"@id":"https:\/\/mon-taux.com\/blog\/2022\/09\/22\/22-09-2022-la-bns-siffle-la-fin-des-taux-dinterets-negatifs-quelles-consequences-pour-les-frontaliers\/#primaryimage"},"thumbnailUrl":"https:\/\/mon-taux.com\/blog\/wp-content\/uploads\/2022\/09\/serious-beatded-male-employee-says-hold-on-pulls-palm-towards-camera-in-stop-gesture-looks-with-strict-expression-refuses-your-help-prepares-project-work-by-himself-dressed-formally-scaled.jpg","articleSection":["Change","Cr\u00e9dit","Cr\u00e9dit Immobilier","historique taux de change","Pourquoi le franc suisse baisse ? Pourquoi le franc suisse monte ?"],"inLanguage":"fr-FR"},{"@type":"WebPage","@id":"https:\/\/mon-taux.com\/blog\/2022\/09\/22\/22-09-2022-la-bns-siffle-la-fin-des-taux-dinterets-negatifs-quelles-consequences-pour-les-frontaliers\/","url":"https:\/\/mon-taux.com\/blog\/2022\/09\/22\/22-09-2022-la-bns-siffle-la-fin-des-taux-dinterets-negatifs-quelles-consequences-pour-les-frontaliers\/","name":"22\/09\/2022 - La BNS siffle la fin des taux d\u2019int\u00e9r\u00eats n\u00e9gatifs, quelles cons\u00e9quences pour les frontaliers ? - Mon-taux.com - Blog des experts en frontaliers","isPartOf":{"@id":"https:\/\/mon-taux.com\/blog\/#website"},"primaryImageOfPage":{"@id":"https:\/\/mon-taux.com\/blog\/2022\/09\/22\/22-09-2022-la-bns-siffle-la-fin-des-taux-dinterets-negatifs-quelles-consequences-pour-les-frontaliers\/#primaryimage"},"image":{"@id":"https:\/\/mon-taux.com\/blog\/2022\/09\/22\/22-09-2022-la-bns-siffle-la-fin-des-taux-dinterets-negatifs-quelles-consequences-pour-les-frontaliers\/#primaryimage"},"thumbnailUrl":"https:\/\/mon-taux.com\/blog\/wp-content\/uploads\/2022\/09\/serious-beatded-male-employee-says-hold-on-pulls-palm-towards-camera-in-stop-gesture-looks-with-strict-expression-refuses-your-help-prepares-project-work-by-himself-dressed-formally-scaled.jpg","datePublished":"2022-09-22T12:52:13+00:00","dateModified":"2022-09-23T07:15:54+00:00","breadcrumb":{"@id":"https:\/\/mon-taux.com\/blog\/2022\/09\/22\/22-09-2022-la-bns-siffle-la-fin-des-taux-dinterets-negatifs-quelles-consequences-pour-les-frontaliers\/#breadcrumb"},"inLanguage":"fr-FR","potentialAction":[{"@type":"ReadAction","target":["https:\/\/mon-taux.com\/blog\/2022\/09\/22\/22-09-2022-la-bns-siffle-la-fin-des-taux-dinterets-negatifs-quelles-consequences-pour-les-frontaliers\/"]}]},{"@type":"ImageObject","inLanguage":"fr-FR","@id":"https:\/\/mon-taux.com\/blog\/2022\/09\/22\/22-09-2022-la-bns-siffle-la-fin-des-taux-dinterets-negatifs-quelles-consequences-pour-les-frontaliers\/#primaryimage","url":"https:\/\/mon-taux.com\/blog\/wp-content\/uploads\/2022\/09\/serious-beatded-male-employee-says-hold-on-pulls-palm-towards-camera-in-stop-gesture-looks-with-strict-expression-refuses-your-help-prepares-project-work-by-himself-dressed-formally-scaled.jpg","contentUrl":"https:\/\/mon-taux.com\/blog\/wp-content\/uploads\/2022\/09\/serious-beatded-male-employee-says-hold-on-pulls-palm-towards-camera-in-stop-gesture-looks-with-strict-expression-refuses-your-help-prepares-project-work-by-himself-dressed-formally-scaled.jpg","width":2560,"height":1708,"caption":"Serious beatded male employee says hold on pulls palm towards camera in stop gesture looks with strict expression refuses your help prepares project work by himself dressed formally isolated on blue"},{"@type":"BreadcrumbList","@id":"https:\/\/mon-taux.com\/blog\/2022\/09\/22\/22-09-2022-la-bns-siffle-la-fin-des-taux-dinterets-negatifs-quelles-consequences-pour-les-frontaliers\/#breadcrumb","itemListElement":[{"@type":"ListItem","position":1,"name":"Accueil","item":"https:\/\/mon-taux.com\/blog\/"},{"@type":"ListItem","position":2,"name":"22\/09\/2022 &#8211; La BNS siffle la fin des taux d\u2019int\u00e9r\u00eats n\u00e9gatifs, quelles cons\u00e9quences pour les frontaliers ?"}]},{"@type":"WebSite","@id":"https:\/\/mon-taux.com\/blog\/#website","url":"https:\/\/mon-taux.com\/blog\/","name":"Mon-taux.com - Blog des experts en frontaliers","description":"","publisher":{"@id":"https:\/\/mon-taux.com\/blog\/#organization"},"potentialAction":[{"@type":"SearchAction","target":{"@type":"EntryPoint","urlTemplate":"https:\/\/mon-taux.com\/blog\/?s={search_term_string}"},"query-input":{"@type":"PropertyValueSpecification","valueRequired":true,"valueName":"search_term_string"}}],"inLanguage":"fr-FR"},{"@type":"Organization","@id":"https:\/\/mon-taux.com\/blog\/#organization","name":"Mon-taux.com","url":"https:\/\/mon-taux.com\/blog\/","logo":{"@type":"ImageObject","inLanguage":"fr-FR","@id":"https:\/\/mon-taux.com\/blog\/#\/schema\/logo\/image\/","url":"https:\/\/mon-taux.com\/blog\/wp-content\/uploads\/2020\/08\/montaux-new-logo-e1596462820847.png","contentUrl":"https:\/\/mon-taux.com\/blog\/wp-content\/uploads\/2020\/08\/montaux-new-logo-e1596462820847.png","width":300,"height":172,"caption":"Mon-taux.com"},"image":{"@id":"https:\/\/mon-taux.com\/blog\/#\/schema\/logo\/image\/"},"sameAs":["https:\/\/www.facebook.com\/MonTauxCom.ComparateurFrontalier","https:\/\/x.com\/MonTauxCom","https:\/\/www.youtube.com\/channel\/UCyft978dCKAgV8DglhSW6gg"]},{"@type":"Person","@id":"https:\/\/mon-taux.com\/blog\/#\/schema\/person\/bfe88bfabe109e312d4cd786a3dfe66f","name":"montaux","image":{"@type":"ImageObject","inLanguage":"fr-FR","@id":"https:\/\/mon-taux.com\/blog\/#\/schema\/person\/image\/","url":"https:\/\/mon-taux.com\/blog\/wp-content\/uploads\/2020\/08\/favicon2-150x150.png","contentUrl":"https:\/\/mon-taux.com\/blog\/wp-content\/uploads\/2020\/08\/favicon2-150x150.png","caption":"montaux"},"sameAs":["https:\/\/mon-taux.com"],"url":"https:\/\/mon-taux.com\/blog\/author\/montaux\/"}]}},"_links":{"self":[{"href":"https:\/\/mon-taux.com\/blog\/wp-json\/wp\/v2\/posts\/39321","targetHints":{"allow":["GET"]}}],"collection":[{"href":"https:\/\/mon-taux.com\/blog\/wp-json\/wp\/v2\/posts"}],"about":[{"href":"https:\/\/mon-taux.com\/blog\/wp-json\/wp\/v2\/types\/post"}],"author":[{"embeddable":true,"href":"https:\/\/mon-taux.com\/blog\/wp-json\/wp\/v2\/users\/2"}],"replies":[{"embeddable":true,"href":"https:\/\/mon-taux.com\/blog\/wp-json\/wp\/v2\/comments?post=39321"}],"version-history":[{"count":6,"href":"https:\/\/mon-taux.com\/blog\/wp-json\/wp\/v2\/posts\/39321\/revisions"}],"predecessor-version":[{"id":39328,"href":"https:\/\/mon-taux.com\/blog\/wp-json\/wp\/v2\/posts\/39321\/revisions\/39328"}],"wp:featuredmedia":[{"embeddable":true,"href":"https:\/\/mon-taux.com\/blog\/wp-json\/wp\/v2\/media\/39322"}],"wp:attachment":[{"href":"https:\/\/mon-taux.com\/blog\/wp-json\/wp\/v2\/media?parent=39321"}],"wp:term":[{"taxonomy":"category","embeddable":true,"href":"https:\/\/mon-taux.com\/blog\/wp-json\/wp\/v2\/categories?post=39321"},{"taxonomy":"post_tag","embeddable":true,"href":"https:\/\/mon-taux.com\/blog\/wp-json\/wp\/v2\/tags?post=39321"}],"curies":[{"name":"wp","href":"https:\/\/api.w.org\/{rel}","templated":true}]}}