{"id":3930,"date":"2011-11-16T15:25:47","date_gmt":"2011-11-16T14:25:47","guid":{"rendered":"https:\/\/mon-taux-de-change.com\/?p=3930"},"modified":"2011-11-16T15:25:47","modified_gmt":"2011-11-16T14:25:47","slug":"pret-a-taux-zero-bientot-la-fin-pour-les-residents-suisses-et-les-frontaliers","status":"publish","type":"post","link":"https:\/\/mon-taux.com\/blog\/2011\/11\/16\/pret-a-taux-zero-bientot-la-fin-pour-les-residents-suisses-et-les-frontaliers\/","title":{"rendered":"16\/11\/11 &#8211;  Pr\u00eat \u00e0 taux z\u00e9ro : bient\u00f4t la fin pour les r\u00e9sidents suisses et les frontaliers ?"},"content":{"rendered":"<p>&nbsp;<\/p>\n<table border=\"0\">\n<tbody>\n<tr>\n<td><img loading=\"lazy\" decoding=\"async\" class=\"alignnone size-full wp-image-3938\" src=\"https:\/\/mon-taux-de-change.com\/wp-content\/uploads\/2011\/11\/ptzinterr.png\" alt=\"\" width=\"145\" height=\"147\" \/><\/td>\n<td><span style=\"font-size: small;\">C\u2019est ce qui semble se dessiner dans la nouvelle loi de finance 2012 et le recentrage annonc\u00e9 la semaine pass\u00e9e par le 1<sup>er<\/sup> ministre. Sous recentrage et plan d\u2019aust\u00e9rit\u00e9 oblige, il faut voir un recentrage vers les m\u00e9nages les plus modestes par l\u2019introduction de plafonds de ressources. Ce dernier point exclura de fait bon nombre de frontaliers ou de r\u00e9sidents suisses de ce dispositif d\u2019encouragement \u00e0 la propri\u00e9t\u00e9.<\/span><br \/>\n<span style=\"font-size: small;\">L\u2019impact de cette mesure devrait toutefois rest\u00e9 limit\u00e9 pour le bassin genevois. En effet, la dur\u00e9e de remboursement du PTZ+ est d\u00e9termin\u00e9e \u00a0par le montant des revenus des emprunteurs. Pour les plus haut revenus, cette dur\u00e9e souvent limit\u00e9e \u00e0 5 ans, fait gonfler le montant des mensualit\u00e9s faisant passer le ratio charge revenu au-del\u00e0 de la barre des 35%. D\u00e8s lors, bon nombre d\u2019emprunteurs renoncent \u00e0 la mise en place de ce dispositif.<\/span><\/td>\n<\/tr>\n<\/tbody>\n<\/table>\n<p style=\"text-align: justify;\">Pas de probl\u00e8me en revanche pour les jeunes et les n\u00e9o frontaliers (Frontaliers install\u00e9s dans la r\u00e9gion depuis moins de 2 ans). \u00a0Les conditions du PTZ+ \u00e9tant d\u00e9termin\u00e9es par le revenus fiscal de r\u00e9f\u00e9rence de l\u2019ann\u00e9e N-2, ceux qui ont acquis r\u00e9cemment le statut frontalier pourront continuer a b\u00e9n\u00e9ficier de cet avantage.<\/p>\n<p style=\"text-align: justify;\">\u00a0En outre, et comme nous l\u2019avons anno<span style=\"font-size: small;\">nc\u00e9 il y a quelques jours, le financement \u00e0 taux z\u00e9ro ne concernera que le financement des logements neufs \u00e0 partir du 1<sup>er<\/sup> Janvier 2012.<\/span><\/p>\n<p style=\"text-align: justify;\"><span style=\"font-size: small;\">Il faudra\u00a0 attendre un prochain d\u00e9cret pour co<\/span>nfirmer l\u2019ensemble de ces dispositions et la publication des bar\u00e8mes d\u00e9taill\u00e9s.<\/p>\n<p style=\"text-align: justify;\">En attendant, et compte tenu des d\u00e9lais de traitement administratif, il ne reste que quelques jours pour b\u00e9n\u00e9ficier des conditions 2011\u00a0!<\/p>\n<p style=\"text-align: justify;\">\n","protected":false},"excerpt":{"rendered":"<p>&nbsp; C\u2019est ce qui semble se dessiner dans la nouvelle loi de finance 2012 et le recentrage annonc\u00e9 la semaine pass\u00e9e par le 1er ministre. Sous recentrage et plan d\u2019aust\u00e9rit\u00e9 oblige, il faut voir un recentrage vers les m\u00e9nages les plus modestes par l\u2019introduction de plafonds de ressources. Ce dernier point exclura de fait bon [&hellip;]<\/p>\n","protected":false},"author":2,"featured_media":3938,"comment_status":"open","ping_status":"open","sticky":false,"template":"","format":"standard","meta":{"footnotes":""},"categories":[5],"tags":[21],"class_list":{"0":"post-3930","1":"post","2":"type-post","3":"status-publish","4":"format-standard","5":"has-post-thumbnail","7":"category-immobilier-actualites","8":"tag-ptz","9":"czr-hentry"},"yoast_head":"<!-- This site is optimized with the Yoast SEO plugin v25.8 - https:\/\/yoast.com\/wordpress\/plugins\/seo\/ -->\n<title>16\/11\/11 - Pr\u00eat \u00e0 taux z\u00e9ro : bient\u00f4t la fin pour les r\u00e9sidents suisses et les frontaliers ? - Mon-taux.com - Blog des experts en frontaliers<\/title>\n<meta name=\"robots\" content=\"index, follow, max-snippet:-1, max-image-preview:large, max-video-preview:-1\" \/>\n<link rel=\"canonical\" href=\"https:\/\/mon-taux.com\/blog\/2011\/11\/16\/pret-a-taux-zero-bientot-la-fin-pour-les-residents-suisses-et-les-frontaliers\/\" \/>\n<meta property=\"og:locale\" content=\"fr_FR\" \/>\n<meta property=\"og:type\" content=\"article\" \/>\n<meta property=\"og:title\" content=\"16\/11\/11 - Pr\u00eat \u00e0 taux z\u00e9ro : bient\u00f4t la fin pour les r\u00e9sidents suisses et les frontaliers ? - Mon-taux.com - Blog des experts en frontaliers\" \/>\n<meta property=\"og:description\" content=\"&nbsp; C\u2019est ce qui semble se dessiner dans la nouvelle loi de finance 2012 et le recentrage annonc\u00e9 la semaine pass\u00e9e par le 1er ministre. Sous recentrage et plan d\u2019aust\u00e9rit\u00e9 oblige, il faut voir un recentrage vers les m\u00e9nages les plus modestes par l\u2019introduction de plafonds de ressources. Ce dernier point exclura de fait bon [&hellip;]\" \/>\n<meta property=\"og:url\" content=\"https:\/\/mon-taux.com\/blog\/2011\/11\/16\/pret-a-taux-zero-bientot-la-fin-pour-les-residents-suisses-et-les-frontaliers\/\" \/>\n<meta property=\"og:site_name\" content=\"Mon-taux.com - Blog des experts en frontaliers\" \/>\n<meta property=\"article:publisher\" content=\"https:\/\/www.facebook.com\/MonTauxCom.ComparateurFrontalier\" \/>\n<meta property=\"article:published_time\" content=\"2011-11-16T14:25:47+00:00\" \/>\n<meta name=\"author\" content=\"montaux\" \/>\n<meta name=\"twitter:card\" content=\"summary_large_image\" \/>\n<meta name=\"twitter:creator\" content=\"@MonTauxCom\" \/>\n<meta name=\"twitter:site\" content=\"@MonTauxCom\" \/>\n<meta name=\"twitter:label1\" content=\"\u00c9crit par\" \/>\n\t<meta name=\"twitter:data1\" content=\"montaux\" \/>\n\t<meta name=\"twitter:label2\" content=\"Dur\u00e9e de lecture estim\u00e9e\" \/>\n\t<meta name=\"twitter:data2\" content=\"1 minute\" \/>\n<script type=\"application\/ld+json\" class=\"yoast-schema-graph\">{\"@context\":\"https:\/\/schema.org\",\"@graph\":[{\"@type\":\"Article\",\"@id\":\"https:\/\/mon-taux.com\/blog\/2011\/11\/16\/pret-a-taux-zero-bientot-la-fin-pour-les-residents-suisses-et-les-frontaliers\/#article\",\"isPartOf\":{\"@id\":\"https:\/\/mon-taux.com\/blog\/2011\/11\/16\/pret-a-taux-zero-bientot-la-fin-pour-les-residents-suisses-et-les-frontaliers\/\"},\"author\":{\"name\":\"montaux\",\"@id\":\"https:\/\/mon-taux.com\/blog\/#\/schema\/person\/bfe88bfabe109e312d4cd786a3dfe66f\"},\"headline\":\"16\/11\/11 &#8211; Pr\u00eat \u00e0 taux z\u00e9ro : bient\u00f4t la fin pour les r\u00e9sidents suisses et les frontaliers ?\",\"datePublished\":\"2011-11-16T14:25:47+00:00\",\"mainEntityOfPage\":{\"@id\":\"https:\/\/mon-taux.com\/blog\/2011\/11\/16\/pret-a-taux-zero-bientot-la-fin-pour-les-residents-suisses-et-les-frontaliers\/\"},\"wordCount\":312,\"commentCount\":0,\"publisher\":{\"@id\":\"https:\/\/mon-taux.com\/blog\/#organization\"},\"image\":{\"@id\":\"https:\/\/mon-taux.com\/blog\/2011\/11\/16\/pret-a-taux-zero-bientot-la-fin-pour-les-residents-suisses-et-les-frontaliers\/#primaryimage\"},\"thumbnailUrl\":\"\",\"keywords\":[\"PTZ+\"],\"articleSection\":[\"Cr\u00e9dit Immobilier\"],\"inLanguage\":\"fr-FR\",\"potentialAction\":[{\"@type\":\"CommentAction\",\"name\":\"Comment\",\"target\":[\"https:\/\/mon-taux.com\/blog\/2011\/11\/16\/pret-a-taux-zero-bientot-la-fin-pour-les-residents-suisses-et-les-frontaliers\/#respond\"]}]},{\"@type\":\"WebPage\",\"@id\":\"https:\/\/mon-taux.com\/blog\/2011\/11\/16\/pret-a-taux-zero-bientot-la-fin-pour-les-residents-suisses-et-les-frontaliers\/\",\"url\":\"https:\/\/mon-taux.com\/blog\/2011\/11\/16\/pret-a-taux-zero-bientot-la-fin-pour-les-residents-suisses-et-les-frontaliers\/\",\"name\":\"16\/11\/11 - Pr\u00eat \u00e0 taux z\u00e9ro : bient\u00f4t la fin pour les r\u00e9sidents suisses et les frontaliers ? - Mon-taux.com - Blog des experts en frontaliers\",\"isPartOf\":{\"@id\":\"https:\/\/mon-taux.com\/blog\/#website\"},\"primaryImageOfPage\":{\"@id\":\"https:\/\/mon-taux.com\/blog\/2011\/11\/16\/pret-a-taux-zero-bientot-la-fin-pour-les-residents-suisses-et-les-frontaliers\/#primaryimage\"},\"image\":{\"@id\":\"https:\/\/mon-taux.com\/blog\/2011\/11\/16\/pret-a-taux-zero-bientot-la-fin-pour-les-residents-suisses-et-les-frontaliers\/#primaryimage\"},\"thumbnailUrl\":\"\",\"datePublished\":\"2011-11-16T14:25:47+00:00\",\"breadcrumb\":{\"@id\":\"https:\/\/mon-taux.com\/blog\/2011\/11\/16\/pret-a-taux-zero-bientot-la-fin-pour-les-residents-suisses-et-les-frontaliers\/#breadcrumb\"},\"inLanguage\":\"fr-FR\",\"potentialAction\":[{\"@type\":\"ReadAction\",\"target\":[\"https:\/\/mon-taux.com\/blog\/2011\/11\/16\/pret-a-taux-zero-bientot-la-fin-pour-les-residents-suisses-et-les-frontaliers\/\"]}]},{\"@type\":\"ImageObject\",\"inLanguage\":\"fr-FR\",\"@id\":\"https:\/\/mon-taux.com\/blog\/2011\/11\/16\/pret-a-taux-zero-bientot-la-fin-pour-les-residents-suisses-et-les-frontaliers\/#primaryimage\",\"url\":\"\",\"contentUrl\":\"\"},{\"@type\":\"BreadcrumbList\",\"@id\":\"https:\/\/mon-taux.com\/blog\/2011\/11\/16\/pret-a-taux-zero-bientot-la-fin-pour-les-residents-suisses-et-les-frontaliers\/#breadcrumb\",\"itemListElement\":[{\"@type\":\"ListItem\",\"position\":1,\"name\":\"Accueil\",\"item\":\"https:\/\/mon-taux.com\/blog\/\"},{\"@type\":\"ListItem\",\"position\":2,\"name\":\"16\/11\/11 &#8211; Pr\u00eat \u00e0 taux z\u00e9ro : bient\u00f4t la fin pour les r\u00e9sidents suisses et les frontaliers ?\"}]},{\"@type\":\"WebSite\",\"@id\":\"https:\/\/mon-taux.com\/blog\/#website\",\"url\":\"https:\/\/mon-taux.com\/blog\/\",\"name\":\"Mon-taux.com - Blog des experts en frontaliers\",\"description\":\"\",\"publisher\":{\"@id\":\"https:\/\/mon-taux.com\/blog\/#organization\"},\"potentialAction\":[{\"@type\":\"SearchAction\",\"target\":{\"@type\":\"EntryPoint\",\"urlTemplate\":\"https:\/\/mon-taux.com\/blog\/?s={search_term_string}\"},\"query-input\":{\"@type\":\"PropertyValueSpecification\",\"valueRequired\":true,\"valueName\":\"search_term_string\"}}],\"inLanguage\":\"fr-FR\"},{\"@type\":\"Organization\",\"@id\":\"https:\/\/mon-taux.com\/blog\/#organization\",\"name\":\"Mon-taux.com\",\"url\":\"https:\/\/mon-taux.com\/blog\/\",\"logo\":{\"@type\":\"ImageObject\",\"inLanguage\":\"fr-FR\",\"@id\":\"https:\/\/mon-taux.com\/blog\/#\/schema\/logo\/image\/\",\"url\":\"https:\/\/mon-taux.com\/blog\/wp-content\/uploads\/2020\/08\/montaux-new-logo-e1596462820847.png\",\"contentUrl\":\"https:\/\/mon-taux.com\/blog\/wp-content\/uploads\/2020\/08\/montaux-new-logo-e1596462820847.png\",\"width\":300,\"height\":172,\"caption\":\"Mon-taux.com\"},\"image\":{\"@id\":\"https:\/\/mon-taux.com\/blog\/#\/schema\/logo\/image\/\"},\"sameAs\":[\"https:\/\/www.facebook.com\/MonTauxCom.ComparateurFrontalier\",\"https:\/\/x.com\/MonTauxCom\",\"https:\/\/www.youtube.com\/channel\/UCyft978dCKAgV8DglhSW6gg\"]},{\"@type\":\"Person\",\"@id\":\"https:\/\/mon-taux.com\/blog\/#\/schema\/person\/bfe88bfabe109e312d4cd786a3dfe66f\",\"name\":\"montaux\",\"image\":{\"@type\":\"ImageObject\",\"inLanguage\":\"fr-FR\",\"@id\":\"https:\/\/mon-taux.com\/blog\/#\/schema\/person\/image\/\",\"url\":\"https:\/\/mon-taux.com\/blog\/wp-content\/uploads\/2020\/08\/favicon2-150x150.png\",\"contentUrl\":\"https:\/\/mon-taux.com\/blog\/wp-content\/uploads\/2020\/08\/favicon2-150x150.png\",\"caption\":\"montaux\"},\"sameAs\":[\"https:\/\/mon-taux.com\"],\"url\":\"https:\/\/mon-taux.com\/blog\/author\/montaux\/\"}]}<\/script>\n<!-- \/ Yoast SEO plugin. -->","yoast_head_json":{"title":"16\/11\/11 - Pr\u00eat \u00e0 taux z\u00e9ro : bient\u00f4t la fin pour les r\u00e9sidents suisses et les frontaliers ? - Mon-taux.com - Blog des experts en frontaliers","robots":{"index":"index","follow":"follow","max-snippet":"max-snippet:-1","max-image-preview":"max-image-preview:large","max-video-preview":"max-video-preview:-1"},"canonical":"https:\/\/mon-taux.com\/blog\/2011\/11\/16\/pret-a-taux-zero-bientot-la-fin-pour-les-residents-suisses-et-les-frontaliers\/","og_locale":"fr_FR","og_type":"article","og_title":"16\/11\/11 - Pr\u00eat \u00e0 taux z\u00e9ro : bient\u00f4t la fin pour les r\u00e9sidents suisses et les frontaliers ? - Mon-taux.com - Blog des experts en frontaliers","og_description":"&nbsp; C\u2019est ce qui semble se dessiner dans la nouvelle loi de finance 2012 et le recentrage annonc\u00e9 la semaine pass\u00e9e par le 1er ministre. Sous recentrage et plan d\u2019aust\u00e9rit\u00e9 oblige, il faut voir un recentrage vers les m\u00e9nages les plus modestes par l\u2019introduction de plafonds de ressources. Ce dernier point exclura de fait bon [&hellip;]","og_url":"https:\/\/mon-taux.com\/blog\/2011\/11\/16\/pret-a-taux-zero-bientot-la-fin-pour-les-residents-suisses-et-les-frontaliers\/","og_site_name":"Mon-taux.com - Blog des experts en frontaliers","article_publisher":"https:\/\/www.facebook.com\/MonTauxCom.ComparateurFrontalier","article_published_time":"2011-11-16T14:25:47+00:00","author":"montaux","twitter_card":"summary_large_image","twitter_creator":"@MonTauxCom","twitter_site":"@MonTauxCom","twitter_misc":{"\u00c9crit par":"montaux","Dur\u00e9e de lecture estim\u00e9e":"1 minute"},"schema":{"@context":"https:\/\/schema.org","@graph":[{"@type":"Article","@id":"https:\/\/mon-taux.com\/blog\/2011\/11\/16\/pret-a-taux-zero-bientot-la-fin-pour-les-residents-suisses-et-les-frontaliers\/#article","isPartOf":{"@id":"https:\/\/mon-taux.com\/blog\/2011\/11\/16\/pret-a-taux-zero-bientot-la-fin-pour-les-residents-suisses-et-les-frontaliers\/"},"author":{"name":"montaux","@id":"https:\/\/mon-taux.com\/blog\/#\/schema\/person\/bfe88bfabe109e312d4cd786a3dfe66f"},"headline":"16\/11\/11 &#8211; Pr\u00eat \u00e0 taux z\u00e9ro : bient\u00f4t la fin pour les r\u00e9sidents suisses et les frontaliers ?","datePublished":"2011-11-16T14:25:47+00:00","mainEntityOfPage":{"@id":"https:\/\/mon-taux.com\/blog\/2011\/11\/16\/pret-a-taux-zero-bientot-la-fin-pour-les-residents-suisses-et-les-frontaliers\/"},"wordCount":312,"commentCount":0,"publisher":{"@id":"https:\/\/mon-taux.com\/blog\/#organization"},"image":{"@id":"https:\/\/mon-taux.com\/blog\/2011\/11\/16\/pret-a-taux-zero-bientot-la-fin-pour-les-residents-suisses-et-les-frontaliers\/#primaryimage"},"thumbnailUrl":"","keywords":["PTZ+"],"articleSection":["Cr\u00e9dit Immobilier"],"inLanguage":"fr-FR","potentialAction":[{"@type":"CommentAction","name":"Comment","target":["https:\/\/mon-taux.com\/blog\/2011\/11\/16\/pret-a-taux-zero-bientot-la-fin-pour-les-residents-suisses-et-les-frontaliers\/#respond"]}]},{"@type":"WebPage","@id":"https:\/\/mon-taux.com\/blog\/2011\/11\/16\/pret-a-taux-zero-bientot-la-fin-pour-les-residents-suisses-et-les-frontaliers\/","url":"https:\/\/mon-taux.com\/blog\/2011\/11\/16\/pret-a-taux-zero-bientot-la-fin-pour-les-residents-suisses-et-les-frontaliers\/","name":"16\/11\/11 - Pr\u00eat \u00e0 taux z\u00e9ro : bient\u00f4t la fin pour les r\u00e9sidents suisses et les frontaliers ? - Mon-taux.com - Blog des experts en frontaliers","isPartOf":{"@id":"https:\/\/mon-taux.com\/blog\/#website"},"primaryImageOfPage":{"@id":"https:\/\/mon-taux.com\/blog\/2011\/11\/16\/pret-a-taux-zero-bientot-la-fin-pour-les-residents-suisses-et-les-frontaliers\/#primaryimage"},"image":{"@id":"https:\/\/mon-taux.com\/blog\/2011\/11\/16\/pret-a-taux-zero-bientot-la-fin-pour-les-residents-suisses-et-les-frontaliers\/#primaryimage"},"thumbnailUrl":"","datePublished":"2011-11-16T14:25:47+00:00","breadcrumb":{"@id":"https:\/\/mon-taux.com\/blog\/2011\/11\/16\/pret-a-taux-zero-bientot-la-fin-pour-les-residents-suisses-et-les-frontaliers\/#breadcrumb"},"inLanguage":"fr-FR","potentialAction":[{"@type":"ReadAction","target":["https:\/\/mon-taux.com\/blog\/2011\/11\/16\/pret-a-taux-zero-bientot-la-fin-pour-les-residents-suisses-et-les-frontaliers\/"]}]},{"@type":"ImageObject","inLanguage":"fr-FR","@id":"https:\/\/mon-taux.com\/blog\/2011\/11\/16\/pret-a-taux-zero-bientot-la-fin-pour-les-residents-suisses-et-les-frontaliers\/#primaryimage","url":"","contentUrl":""},{"@type":"BreadcrumbList","@id":"https:\/\/mon-taux.com\/blog\/2011\/11\/16\/pret-a-taux-zero-bientot-la-fin-pour-les-residents-suisses-et-les-frontaliers\/#breadcrumb","itemListElement":[{"@type":"ListItem","position":1,"name":"Accueil","item":"https:\/\/mon-taux.com\/blog\/"},{"@type":"ListItem","position":2,"name":"16\/11\/11 &#8211; Pr\u00eat \u00e0 taux z\u00e9ro : bient\u00f4t la fin pour les r\u00e9sidents suisses et les frontaliers ?"}]},{"@type":"WebSite","@id":"https:\/\/mon-taux.com\/blog\/#website","url":"https:\/\/mon-taux.com\/blog\/","name":"Mon-taux.com - Blog des experts en frontaliers","description":"","publisher":{"@id":"https:\/\/mon-taux.com\/blog\/#organization"},"potentialAction":[{"@type":"SearchAction","target":{"@type":"EntryPoint","urlTemplate":"https:\/\/mon-taux.com\/blog\/?s={search_term_string}"},"query-input":{"@type":"PropertyValueSpecification","valueRequired":true,"valueName":"search_term_string"}}],"inLanguage":"fr-FR"},{"@type":"Organization","@id":"https:\/\/mon-taux.com\/blog\/#organization","name":"Mon-taux.com","url":"https:\/\/mon-taux.com\/blog\/","logo":{"@type":"ImageObject","inLanguage":"fr-FR","@id":"https:\/\/mon-taux.com\/blog\/#\/schema\/logo\/image\/","url":"https:\/\/mon-taux.com\/blog\/wp-content\/uploads\/2020\/08\/montaux-new-logo-e1596462820847.png","contentUrl":"https:\/\/mon-taux.com\/blog\/wp-content\/uploads\/2020\/08\/montaux-new-logo-e1596462820847.png","width":300,"height":172,"caption":"Mon-taux.com"},"image":{"@id":"https:\/\/mon-taux.com\/blog\/#\/schema\/logo\/image\/"},"sameAs":["https:\/\/www.facebook.com\/MonTauxCom.ComparateurFrontalier","https:\/\/x.com\/MonTauxCom","https:\/\/www.youtube.com\/channel\/UCyft978dCKAgV8DglhSW6gg"]},{"@type":"Person","@id":"https:\/\/mon-taux.com\/blog\/#\/schema\/person\/bfe88bfabe109e312d4cd786a3dfe66f","name":"montaux","image":{"@type":"ImageObject","inLanguage":"fr-FR","@id":"https:\/\/mon-taux.com\/blog\/#\/schema\/person\/image\/","url":"https:\/\/mon-taux.com\/blog\/wp-content\/uploads\/2020\/08\/favicon2-150x150.png","contentUrl":"https:\/\/mon-taux.com\/blog\/wp-content\/uploads\/2020\/08\/favicon2-150x150.png","caption":"montaux"},"sameAs":["https:\/\/mon-taux.com"],"url":"https:\/\/mon-taux.com\/blog\/author\/montaux\/"}]}},"_links":{"self":[{"href":"https:\/\/mon-taux.com\/blog\/wp-json\/wp\/v2\/posts\/3930","targetHints":{"allow":["GET"]}}],"collection":[{"href":"https:\/\/mon-taux.com\/blog\/wp-json\/wp\/v2\/posts"}],"about":[{"href":"https:\/\/mon-taux.com\/blog\/wp-json\/wp\/v2\/types\/post"}],"author":[{"embeddable":true,"href":"https:\/\/mon-taux.com\/blog\/wp-json\/wp\/v2\/users\/2"}],"replies":[{"embeddable":true,"href":"https:\/\/mon-taux.com\/blog\/wp-json\/wp\/v2\/comments?post=3930"}],"version-history":[{"count":0,"href":"https:\/\/mon-taux.com\/blog\/wp-json\/wp\/v2\/posts\/3930\/revisions"}],"wp:featuredmedia":[{"embeddable":true,"href":"https:\/\/mon-taux.com\/blog\/wp-json\/"}],"wp:attachment":[{"href":"https:\/\/mon-taux.com\/blog\/wp-json\/wp\/v2\/media?parent=3930"}],"wp:term":[{"taxonomy":"category","embeddable":true,"href":"https:\/\/mon-taux.com\/blog\/wp-json\/wp\/v2\/categories?post=3930"},{"taxonomy":"post_tag","embeddable":true,"href":"https:\/\/mon-taux.com\/blog\/wp-json\/wp\/v2\/tags?post=3930"}],"curies":[{"name":"wp","href":"https:\/\/api.w.org\/{rel}","templated":true}]}}