{"id":3907,"date":"2011-11-14T14:05:47","date_gmt":"2011-11-14T13:05:47","guid":{"rendered":"https:\/\/mon-taux-de-change.com\/?p=3907"},"modified":"2011-11-14T14:05:47","modified_gmt":"2011-11-14T13:05:47","slug":"petit-a-petit-le-franc-suisse-se-replie","status":"publish","type":"post","link":"https:\/\/mon-taux.com\/blog\/2011\/11\/14\/petit-a-petit-le-franc-suisse-se-replie\/","title":{"rendered":"14\/11\/11 &#8211; Petit \u00e0 petit, le franc suisse se replie"},"content":{"rendered":"<p style=\"text-align: justify;\">C&#8217;est le constat de la semaine pass\u00e9e avec un cours euro\/chf qui est pass\u00e9 de 1.21 \u00e0 1.24 suite aux derni\u00e8res d\u00e9clarations de la BNS. D\u00e9sign\u00e9 coupable des nombreuses suppressions de postes annonc\u00e9es ces derni\u00e8res semaines sur le territoire helv\u00e9tique, le franc suisse reste \u00e0 un niveau \u00e9lev\u00e9. Trop pour la BNS qui a clairement laiss\u00e9 entendre qu\u2019elle pourrait \u00e0 nouveau intervenir\u00a0 pour sauver des emplois.\u00a0 Dans ces conditions les frasques de dirigeants europ\u00e9ens et les probl\u00e8mes de dettes publiques ne semblent pas peser bien lourd sur le cours. Forte de la r\u00e9ussite de son cours plancher \u00e0 1,20 gr\u00e2ce \u00e0 une gestion tr\u00e8s intelligente de la situation, la BNS pourrait positionner un nouvel arrimage du france suisse autour de 1,30.<\/p>\n<p style=\"text-align: justify;\">A d\u00e9faut de cette mesure, nous envisageons une fluctuation du cours \u00a0euro\/chf entre 1,22 et 1,26.<\/p>\n<p style=\"text-align: justify;\">Pour les frontaliers, ce niveau de cours reste historiquement int\u00e9ressant. Les fortes fluctuations que connaissent les march\u00e9s doivent amener de la prudence. Dans ces conditions, bloquer un cours de change pour rapatrier son salaire et pour la construction de sa maison reste une id\u00e9e.<\/p>\n<p style=\"text-align: justify;\">\n","protected":false},"excerpt":{"rendered":"<p>C&#8217;est le constat de la semaine pass\u00e9e avec un cours euro\/chf qui est pass\u00e9 de 1.21 \u00e0 1.24 suite aux derni\u00e8res d\u00e9clarations de la BNS. D\u00e9sign\u00e9 coupable des nombreuses suppressions de postes annonc\u00e9es ces derni\u00e8res semaines sur le territoire helv\u00e9tique, le franc suisse reste \u00e0 un niveau \u00e9lev\u00e9. Trop pour la BNS qui a clairement [&hellip;]<\/p>\n","protected":false},"author":2,"featured_media":0,"comment_status":"closed","ping_status":"open","sticky":false,"template":"","format":"standard","meta":{"footnotes":""},"categories":[14],"tags":[],"class_list":{"0":"post-3907","1":"post","2":"type-post","3":"status-publish","4":"format-standard","6":"category-historique-taux-de-change","7":"czr-hentry"},"yoast_head":"<!-- This site is optimized with the Yoast SEO plugin v25.8 - https:\/\/yoast.com\/wordpress\/plugins\/seo\/ -->\n<title>14\/11\/11 - Petit \u00e0 petit, le franc suisse se replie - Mon-taux.com - Blog des experts en frontaliers<\/title>\n<meta name=\"robots\" content=\"index, follow, max-snippet:-1, max-image-preview:large, max-video-preview:-1\" \/>\n<link rel=\"canonical\" href=\"https:\/\/mon-taux.com\/blog\/2011\/11\/14\/petit-a-petit-le-franc-suisse-se-replie\/\" \/>\n<meta property=\"og:locale\" content=\"fr_FR\" \/>\n<meta property=\"og:type\" content=\"article\" \/>\n<meta property=\"og:title\" content=\"14\/11\/11 - Petit \u00e0 petit, le franc suisse se replie - Mon-taux.com - Blog des experts en frontaliers\" \/>\n<meta property=\"og:description\" content=\"C&#8217;est le constat de la semaine pass\u00e9e avec un cours euro\/chf qui est pass\u00e9 de 1.21 \u00e0 1.24 suite aux derni\u00e8res d\u00e9clarations de la BNS. D\u00e9sign\u00e9 coupable des nombreuses suppressions de postes annonc\u00e9es ces derni\u00e8res semaines sur le territoire helv\u00e9tique, le franc suisse reste \u00e0 un niveau \u00e9lev\u00e9. Trop pour la BNS qui a clairement [&hellip;]\" \/>\n<meta property=\"og:url\" content=\"https:\/\/mon-taux.com\/blog\/2011\/11\/14\/petit-a-petit-le-franc-suisse-se-replie\/\" \/>\n<meta property=\"og:site_name\" content=\"Mon-taux.com - Blog des experts en frontaliers\" \/>\n<meta property=\"article:publisher\" content=\"https:\/\/www.facebook.com\/MonTauxCom.ComparateurFrontalier\" \/>\n<meta property=\"article:published_time\" content=\"2011-11-14T13:05:47+00:00\" \/>\n<meta name=\"author\" content=\"montaux\" \/>\n<meta name=\"twitter:card\" content=\"summary_large_image\" \/>\n<meta name=\"twitter:creator\" content=\"@MonTauxCom\" \/>\n<meta name=\"twitter:site\" content=\"@MonTauxCom\" \/>\n<meta name=\"twitter:label1\" content=\"\u00c9crit par\" \/>\n\t<meta name=\"twitter:data1\" content=\"montaux\" \/>\n\t<meta name=\"twitter:label2\" content=\"Dur\u00e9e de lecture estim\u00e9e\" \/>\n\t<meta name=\"twitter:data2\" content=\"1 minute\" \/>\n<script type=\"application\/ld+json\" class=\"yoast-schema-graph\">{\"@context\":\"https:\/\/schema.org\",\"@graph\":[{\"@type\":\"Article\",\"@id\":\"https:\/\/mon-taux.com\/blog\/2011\/11\/14\/petit-a-petit-le-franc-suisse-se-replie\/#article\",\"isPartOf\":{\"@id\":\"https:\/\/mon-taux.com\/blog\/2011\/11\/14\/petit-a-petit-le-franc-suisse-se-replie\/\"},\"author\":{\"name\":\"montaux\",\"@id\":\"https:\/\/mon-taux.com\/blog\/#\/schema\/person\/bfe88bfabe109e312d4cd786a3dfe66f\"},\"headline\":\"14\/11\/11 &#8211; Petit \u00e0 petit, le franc suisse se replie\",\"datePublished\":\"2011-11-14T13:05:47+00:00\",\"mainEntityOfPage\":{\"@id\":\"https:\/\/mon-taux.com\/blog\/2011\/11\/14\/petit-a-petit-le-franc-suisse-se-replie\/\"},\"wordCount\":198,\"publisher\":{\"@id\":\"https:\/\/mon-taux.com\/blog\/#organization\"},\"articleSection\":[\"historique taux de change\"],\"inLanguage\":\"fr-FR\"},{\"@type\":\"WebPage\",\"@id\":\"https:\/\/mon-taux.com\/blog\/2011\/11\/14\/petit-a-petit-le-franc-suisse-se-replie\/\",\"url\":\"https:\/\/mon-taux.com\/blog\/2011\/11\/14\/petit-a-petit-le-franc-suisse-se-replie\/\",\"name\":\"14\/11\/11 - Petit \u00e0 petit, le franc suisse se replie - Mon-taux.com - Blog des experts en frontaliers\",\"isPartOf\":{\"@id\":\"https:\/\/mon-taux.com\/blog\/#website\"},\"datePublished\":\"2011-11-14T13:05:47+00:00\",\"breadcrumb\":{\"@id\":\"https:\/\/mon-taux.com\/blog\/2011\/11\/14\/petit-a-petit-le-franc-suisse-se-replie\/#breadcrumb\"},\"inLanguage\":\"fr-FR\",\"potentialAction\":[{\"@type\":\"ReadAction\",\"target\":[\"https:\/\/mon-taux.com\/blog\/2011\/11\/14\/petit-a-petit-le-franc-suisse-se-replie\/\"]}]},{\"@type\":\"BreadcrumbList\",\"@id\":\"https:\/\/mon-taux.com\/blog\/2011\/11\/14\/petit-a-petit-le-franc-suisse-se-replie\/#breadcrumb\",\"itemListElement\":[{\"@type\":\"ListItem\",\"position\":1,\"name\":\"Accueil\",\"item\":\"https:\/\/mon-taux.com\/blog\/\"},{\"@type\":\"ListItem\",\"position\":2,\"name\":\"14\/11\/11 &#8211; Petit \u00e0 petit, le franc suisse se replie\"}]},{\"@type\":\"WebSite\",\"@id\":\"https:\/\/mon-taux.com\/blog\/#website\",\"url\":\"https:\/\/mon-taux.com\/blog\/\",\"name\":\"Mon-taux.com - Blog des experts en frontaliers\",\"description\":\"\",\"publisher\":{\"@id\":\"https:\/\/mon-taux.com\/blog\/#organization\"},\"potentialAction\":[{\"@type\":\"SearchAction\",\"target\":{\"@type\":\"EntryPoint\",\"urlTemplate\":\"https:\/\/mon-taux.com\/blog\/?s={search_term_string}\"},\"query-input\":{\"@type\":\"PropertyValueSpecification\",\"valueRequired\":true,\"valueName\":\"search_term_string\"}}],\"inLanguage\":\"fr-FR\"},{\"@type\":\"Organization\",\"@id\":\"https:\/\/mon-taux.com\/blog\/#organization\",\"name\":\"Mon-taux.com\",\"url\":\"https:\/\/mon-taux.com\/blog\/\",\"logo\":{\"@type\":\"ImageObject\",\"inLanguage\":\"fr-FR\",\"@id\":\"https:\/\/mon-taux.com\/blog\/#\/schema\/logo\/image\/\",\"url\":\"https:\/\/mon-taux.com\/blog\/wp-content\/uploads\/2020\/08\/montaux-new-logo-e1596462820847.png\",\"contentUrl\":\"https:\/\/mon-taux.com\/blog\/wp-content\/uploads\/2020\/08\/montaux-new-logo-e1596462820847.png\",\"width\":300,\"height\":172,\"caption\":\"Mon-taux.com\"},\"image\":{\"@id\":\"https:\/\/mon-taux.com\/blog\/#\/schema\/logo\/image\/\"},\"sameAs\":[\"https:\/\/www.facebook.com\/MonTauxCom.ComparateurFrontalier\",\"https:\/\/x.com\/MonTauxCom\",\"https:\/\/www.youtube.com\/channel\/UCyft978dCKAgV8DglhSW6gg\"]},{\"@type\":\"Person\",\"@id\":\"https:\/\/mon-taux.com\/blog\/#\/schema\/person\/bfe88bfabe109e312d4cd786a3dfe66f\",\"name\":\"montaux\",\"image\":{\"@type\":\"ImageObject\",\"inLanguage\":\"fr-FR\",\"@id\":\"https:\/\/mon-taux.com\/blog\/#\/schema\/person\/image\/\",\"url\":\"https:\/\/mon-taux.com\/blog\/wp-content\/uploads\/2020\/08\/favicon2-150x150.png\",\"contentUrl\":\"https:\/\/mon-taux.com\/blog\/wp-content\/uploads\/2020\/08\/favicon2-150x150.png\",\"caption\":\"montaux\"},\"sameAs\":[\"https:\/\/mon-taux.com\"],\"url\":\"https:\/\/mon-taux.com\/blog\/author\/montaux\/\"}]}<\/script>\n<!-- \/ Yoast SEO plugin. -->","yoast_head_json":{"title":"14\/11\/11 - Petit \u00e0 petit, le franc suisse se replie - Mon-taux.com - Blog des experts en frontaliers","robots":{"index":"index","follow":"follow","max-snippet":"max-snippet:-1","max-image-preview":"max-image-preview:large","max-video-preview":"max-video-preview:-1"},"canonical":"https:\/\/mon-taux.com\/blog\/2011\/11\/14\/petit-a-petit-le-franc-suisse-se-replie\/","og_locale":"fr_FR","og_type":"article","og_title":"14\/11\/11 - Petit \u00e0 petit, le franc suisse se replie - Mon-taux.com - Blog des experts en frontaliers","og_description":"C&#8217;est le constat de la semaine pass\u00e9e avec un cours euro\/chf qui est pass\u00e9 de 1.21 \u00e0 1.24 suite aux derni\u00e8res d\u00e9clarations de la BNS. D\u00e9sign\u00e9 coupable des nombreuses suppressions de postes annonc\u00e9es ces derni\u00e8res semaines sur le territoire helv\u00e9tique, le franc suisse reste \u00e0 un niveau \u00e9lev\u00e9. Trop pour la BNS qui a clairement [&hellip;]","og_url":"https:\/\/mon-taux.com\/blog\/2011\/11\/14\/petit-a-petit-le-franc-suisse-se-replie\/","og_site_name":"Mon-taux.com - Blog des experts en frontaliers","article_publisher":"https:\/\/www.facebook.com\/MonTauxCom.ComparateurFrontalier","article_published_time":"2011-11-14T13:05:47+00:00","author":"montaux","twitter_card":"summary_large_image","twitter_creator":"@MonTauxCom","twitter_site":"@MonTauxCom","twitter_misc":{"\u00c9crit par":"montaux","Dur\u00e9e de lecture estim\u00e9e":"1 minute"},"schema":{"@context":"https:\/\/schema.org","@graph":[{"@type":"Article","@id":"https:\/\/mon-taux.com\/blog\/2011\/11\/14\/petit-a-petit-le-franc-suisse-se-replie\/#article","isPartOf":{"@id":"https:\/\/mon-taux.com\/blog\/2011\/11\/14\/petit-a-petit-le-franc-suisse-se-replie\/"},"author":{"name":"montaux","@id":"https:\/\/mon-taux.com\/blog\/#\/schema\/person\/bfe88bfabe109e312d4cd786a3dfe66f"},"headline":"14\/11\/11 &#8211; Petit \u00e0 petit, le franc suisse se replie","datePublished":"2011-11-14T13:05:47+00:00","mainEntityOfPage":{"@id":"https:\/\/mon-taux.com\/blog\/2011\/11\/14\/petit-a-petit-le-franc-suisse-se-replie\/"},"wordCount":198,"publisher":{"@id":"https:\/\/mon-taux.com\/blog\/#organization"},"articleSection":["historique taux de change"],"inLanguage":"fr-FR"},{"@type":"WebPage","@id":"https:\/\/mon-taux.com\/blog\/2011\/11\/14\/petit-a-petit-le-franc-suisse-se-replie\/","url":"https:\/\/mon-taux.com\/blog\/2011\/11\/14\/petit-a-petit-le-franc-suisse-se-replie\/","name":"14\/11\/11 - Petit \u00e0 petit, le franc suisse se replie - Mon-taux.com - Blog des experts en frontaliers","isPartOf":{"@id":"https:\/\/mon-taux.com\/blog\/#website"},"datePublished":"2011-11-14T13:05:47+00:00","breadcrumb":{"@id":"https:\/\/mon-taux.com\/blog\/2011\/11\/14\/petit-a-petit-le-franc-suisse-se-replie\/#breadcrumb"},"inLanguage":"fr-FR","potentialAction":[{"@type":"ReadAction","target":["https:\/\/mon-taux.com\/blog\/2011\/11\/14\/petit-a-petit-le-franc-suisse-se-replie\/"]}]},{"@type":"BreadcrumbList","@id":"https:\/\/mon-taux.com\/blog\/2011\/11\/14\/petit-a-petit-le-franc-suisse-se-replie\/#breadcrumb","itemListElement":[{"@type":"ListItem","position":1,"name":"Accueil","item":"https:\/\/mon-taux.com\/blog\/"},{"@type":"ListItem","position":2,"name":"14\/11\/11 &#8211; Petit \u00e0 petit, le franc suisse se replie"}]},{"@type":"WebSite","@id":"https:\/\/mon-taux.com\/blog\/#website","url":"https:\/\/mon-taux.com\/blog\/","name":"Mon-taux.com - Blog des experts en frontaliers","description":"","publisher":{"@id":"https:\/\/mon-taux.com\/blog\/#organization"},"potentialAction":[{"@type":"SearchAction","target":{"@type":"EntryPoint","urlTemplate":"https:\/\/mon-taux.com\/blog\/?s={search_term_string}"},"query-input":{"@type":"PropertyValueSpecification","valueRequired":true,"valueName":"search_term_string"}}],"inLanguage":"fr-FR"},{"@type":"Organization","@id":"https:\/\/mon-taux.com\/blog\/#organization","name":"Mon-taux.com","url":"https:\/\/mon-taux.com\/blog\/","logo":{"@type":"ImageObject","inLanguage":"fr-FR","@id":"https:\/\/mon-taux.com\/blog\/#\/schema\/logo\/image\/","url":"https:\/\/mon-taux.com\/blog\/wp-content\/uploads\/2020\/08\/montaux-new-logo-e1596462820847.png","contentUrl":"https:\/\/mon-taux.com\/blog\/wp-content\/uploads\/2020\/08\/montaux-new-logo-e1596462820847.png","width":300,"height":172,"caption":"Mon-taux.com"},"image":{"@id":"https:\/\/mon-taux.com\/blog\/#\/schema\/logo\/image\/"},"sameAs":["https:\/\/www.facebook.com\/MonTauxCom.ComparateurFrontalier","https:\/\/x.com\/MonTauxCom","https:\/\/www.youtube.com\/channel\/UCyft978dCKAgV8DglhSW6gg"]},{"@type":"Person","@id":"https:\/\/mon-taux.com\/blog\/#\/schema\/person\/bfe88bfabe109e312d4cd786a3dfe66f","name":"montaux","image":{"@type":"ImageObject","inLanguage":"fr-FR","@id":"https:\/\/mon-taux.com\/blog\/#\/schema\/person\/image\/","url":"https:\/\/mon-taux.com\/blog\/wp-content\/uploads\/2020\/08\/favicon2-150x150.png","contentUrl":"https:\/\/mon-taux.com\/blog\/wp-content\/uploads\/2020\/08\/favicon2-150x150.png","caption":"montaux"},"sameAs":["https:\/\/mon-taux.com"],"url":"https:\/\/mon-taux.com\/blog\/author\/montaux\/"}]}},"_links":{"self":[{"href":"https:\/\/mon-taux.com\/blog\/wp-json\/wp\/v2\/posts\/3907","targetHints":{"allow":["GET"]}}],"collection":[{"href":"https:\/\/mon-taux.com\/blog\/wp-json\/wp\/v2\/posts"}],"about":[{"href":"https:\/\/mon-taux.com\/blog\/wp-json\/wp\/v2\/types\/post"}],"author":[{"embeddable":true,"href":"https:\/\/mon-taux.com\/blog\/wp-json\/wp\/v2\/users\/2"}],"replies":[{"embeddable":true,"href":"https:\/\/mon-taux.com\/blog\/wp-json\/wp\/v2\/comments?post=3907"}],"version-history":[{"count":0,"href":"https:\/\/mon-taux.com\/blog\/wp-json\/wp\/v2\/posts\/3907\/revisions"}],"wp:attachment":[{"href":"https:\/\/mon-taux.com\/blog\/wp-json\/wp\/v2\/media?parent=3907"}],"wp:term":[{"taxonomy":"category","embeddable":true,"href":"https:\/\/mon-taux.com\/blog\/wp-json\/wp\/v2\/categories?post=3907"},{"taxonomy":"post_tag","embeddable":true,"href":"https:\/\/mon-taux.com\/blog\/wp-json\/wp\/v2\/tags?post=3907"}],"curies":[{"name":"wp","href":"https:\/\/api.w.org\/{rel}","templated":true}]}}