{"id":34602,"date":"2021-05-03T11:11:00","date_gmt":"2021-05-03T09:11:00","guid":{"rendered":"https:\/\/mon-taux.com\/blog\/?p=34602"},"modified":"2021-05-03T11:26:04","modified_gmt":"2021-05-03T09:26:04","slug":"pourquoi-le-franc-suisse-baisse-pourquoi-le-franc-suisse-monte","status":"publish","type":"post","link":"https:\/\/mon-taux.com\/blog\/2021\/05\/03\/pourquoi-le-franc-suisse-baisse-pourquoi-le-franc-suisse-monte\/","title":{"rendered":"03\/05\/2021 &#8211; Le franc suisse passe sous la barre des 1,10 pour 1 euro"},"content":{"rendered":"\n<p><em>Alors que l\u2019euro s\u2019appr\u00e9cie face aux autres monnaies, il perd de la force face au franc suisse pour passer sous la barre des 1,10 avec un plus bas \u00e0 1,0970. La vigueur de la reprise de l\u2019\u00e9conomie helv\u00e9tique renforce l\u2019int\u00e9r\u00eat pour le franc dans une p\u00e9riode o\u00f9 les investisseurs ne sont pourtant pas en recherche de valeur refuge. Pour autant, il ne faut pas exclure que la BNS se d\u00e9leste peu \u00e0 peu de ses importants stocks d\u2019euros constitu\u00e9s au plus fort de la crise du COVID alors que le franc mena\u00e7ait de passer sous les 1,05. En ce d\u00e9but de semaine, la tendance semble s\u2019orienter vers un retour au-dessus 1,10 qui pourrait nous conduire vers les sommets de Mars \u00e0 1,115. Avant d\u2019attaquer d\u2019autres sommets ?<\/em><\/p>\n\n\n\n<figure class=\"wp-block-image size-large\"><img loading=\"lazy\" decoding=\"async\" width=\"1024\" height=\"683\" src=\"https:\/\/mon-taux.com\/blog\/wp-content\/uploads\/2021\/05\/pourquoi-le-franc-suisse-baisse-pourquoi-le-franc-suisse-monte-1-1024x683.jpg\" alt=\"\" class=\"wp-image-34605\" srcset=\"https:\/\/mon-taux.com\/blog\/wp-content\/uploads\/2021\/05\/pourquoi-le-franc-suisse-baisse-pourquoi-le-franc-suisse-monte-1-1024x683.jpg 1024w, https:\/\/mon-taux.com\/blog\/wp-content\/uploads\/2021\/05\/pourquoi-le-franc-suisse-baisse-pourquoi-le-franc-suisse-monte-1-300x200.jpg 300w, https:\/\/mon-taux.com\/blog\/wp-content\/uploads\/2021\/05\/pourquoi-le-franc-suisse-baisse-pourquoi-le-franc-suisse-monte-1-768x512.jpg 768w, https:\/\/mon-taux.com\/blog\/wp-content\/uploads\/2021\/05\/pourquoi-le-franc-suisse-baisse-pourquoi-le-franc-suisse-monte-1.jpg 1200w\" sizes=\"auto, (max-width: 1024px) 100vw, 1024px\" \/><\/figure>\n\n\n\n<p><\/p>\n\n\n\n<p><strong>En Suisse,<\/strong> 10% de la population a \u00e9t\u00e9 compl\u00e8tement vaccin\u00e9e \u00e0 fin Avril et 9% a d\u00e9j\u00e0 re\u00e7u une injection. Le nombre de cas \u00e9tant \u00e9galement en baisse, et m\u00eame si le conseil f\u00e9d\u00e9ral demeure prudent, la tendance est clairement positive. C\u2019est aussi la tendance des milieux \u00e9conomiques avec pour la premi\u00e8re fois depuis la crise COVID, les entreprises qui pr\u00e9voient d\u2019augmenter leurs effectifs au cours des 3 prochains mois sont plus nombreuses que celles qui pr\u00e9voient de les r\u00e9duire.&nbsp;<\/p>\n\n\n\n<p><strong>En zone Euro, <\/strong>la crise sanitaire semble marquer le pas et la vaccination avance \u00e0 bon train. En annon\u00e7ant un plan de \u201cd\u00e9confinement\u201d sur 2 mois, le gouvernement a donn\u00e9 quelques perspectives de bonne augure pour l\u2019\u00e9t\u00e9 annon\u00e7ant une reprise de l\u2019activit\u00e9 \u00e9conomique. Les fonds de l\u2019ambitieux plan de relance europ\u00e9en doivent arriver dans les prochaines semaines pour renforcer la reprise. Cela va profiter \u00e0 la monnaie unique qui pourrait rapidement passer la barre de 1,1150 comme annonc\u00e9 plus-haut.<\/p>\n\n\n\n<p>Dans ce contexte, et pour ceux qui veulent s\u00e9curiser un cours, la mise en place d\u2019une <a href=\"https:\/\/change-prive.com\/vente-a-terme\/\" target=\"_blank\" rel=\"noreferrer noopener\">vente \u00e0 terme<\/a> autour de 1,10 pourrait s\u2019av\u00e9rer une bonne id\u00e9e.<\/p>\n","protected":false},"excerpt":{"rendered":"<p>Alors que l\u2019euro s\u2019appr\u00e9cie face aux autres monnaies, il perd de la force face au franc suisse pour passer sous la barre des 1,10 avec un plus bas \u00e0 1,0970. La vigueur de la reprise de l\u2019\u00e9conomie helv\u00e9tique renforce l\u2019int\u00e9r\u00eat pour le franc dans une p\u00e9riode o\u00f9 les investisseurs ne sont pourtant pas en recherche [&hellip;]<\/p>\n","protected":false},"author":4,"featured_media":34603,"comment_status":"open","ping_status":"open","sticky":false,"template":"","format":"standard","meta":{"footnotes":""},"categories":[22],"tags":[],"class_list":{"0":"post-34602","1":"post","2":"type-post","3":"status-publish","4":"format-standard","5":"has-post-thumbnail","7":"category-pourquoi-le-franc-suisse-baisse-pourquoi-le-franc-suisse-monte","8":"czr-hentry"},"yoast_head":"<!-- This site is optimized with the Yoast SEO plugin v25.8 - https:\/\/yoast.com\/wordpress\/plugins\/seo\/ -->\n<title>03\/05\/2021 - Le franc suisse passe sous la barre des 1,10 pour 1 euro - Mon-taux.com - Blog des experts en frontaliers<\/title>\n<meta name=\"robots\" content=\"index, follow, max-snippet:-1, max-image-preview:large, max-video-preview:-1\" \/>\n<link rel=\"canonical\" href=\"https:\/\/mon-taux.com\/blog\/2021\/05\/03\/pourquoi-le-franc-suisse-baisse-pourquoi-le-franc-suisse-monte\/\" \/>\n<meta property=\"og:locale\" content=\"fr_FR\" \/>\n<meta property=\"og:type\" content=\"article\" \/>\n<meta property=\"og:title\" content=\"03\/05\/2021 - Le franc suisse passe sous la barre des 1,10 pour 1 euro - Mon-taux.com - Blog des experts en frontaliers\" \/>\n<meta property=\"og:description\" content=\"Alors que l\u2019euro s\u2019appr\u00e9cie face aux autres monnaies, il perd de la force face au franc suisse pour passer sous la barre des 1,10 avec un plus bas \u00e0 1,0970. La vigueur de la reprise de l\u2019\u00e9conomie helv\u00e9tique renforce l\u2019int\u00e9r\u00eat pour le franc dans une p\u00e9riode o\u00f9 les investisseurs ne sont pourtant pas en recherche [&hellip;]\" \/>\n<meta property=\"og:url\" content=\"https:\/\/mon-taux.com\/blog\/2021\/05\/03\/pourquoi-le-franc-suisse-baisse-pourquoi-le-franc-suisse-monte\/\" \/>\n<meta property=\"og:site_name\" content=\"Mon-taux.com - Blog des experts en frontaliers\" \/>\n<meta property=\"article:publisher\" content=\"https:\/\/www.facebook.com\/MonTauxCom.ComparateurFrontalier\" \/>\n<meta property=\"article:published_time\" content=\"2021-05-03T09:11:00+00:00\" \/>\n<meta property=\"article:modified_time\" content=\"2021-05-03T09:26:04+00:00\" \/>\n<meta property=\"og:image\" content=\"https:\/\/mon-taux.com\/blog\/wp-content\/uploads\/2021\/05\/pourquoi-le-franc-suisse-baisse-pourquoi-le-franc-suisse-monte.jpg\" \/>\n\t<meta property=\"og:image:width\" content=\"1200\" \/>\n\t<meta property=\"og:image:height\" content=\"800\" \/>\n\t<meta property=\"og:image:type\" content=\"image\/jpeg\" \/>\n<meta name=\"author\" content=\"Christophe Change-Priv\u00e9\" \/>\n<meta name=\"twitter:card\" content=\"summary_large_image\" \/>\n<meta name=\"twitter:creator\" content=\"@MonTauxCom\" \/>\n<meta name=\"twitter:site\" content=\"@MonTauxCom\" \/>\n<meta name=\"twitter:label1\" content=\"\u00c9crit par\" \/>\n\t<meta name=\"twitter:data1\" content=\"Christophe Change-Priv\u00e9\" \/>\n\t<meta name=\"twitter:label2\" content=\"Dur\u00e9e de lecture estim\u00e9e\" \/>\n\t<meta name=\"twitter:data2\" content=\"2 minutes\" \/>\n<script type=\"application\/ld+json\" class=\"yoast-schema-graph\">{\"@context\":\"https:\/\/schema.org\",\"@graph\":[{\"@type\":\"Article\",\"@id\":\"https:\/\/mon-taux.com\/blog\/2021\/05\/03\/pourquoi-le-franc-suisse-baisse-pourquoi-le-franc-suisse-monte\/#article\",\"isPartOf\":{\"@id\":\"https:\/\/mon-taux.com\/blog\/2021\/05\/03\/pourquoi-le-franc-suisse-baisse-pourquoi-le-franc-suisse-monte\/\"},\"author\":{\"name\":\"Christophe Change-Priv\u00e9\",\"@id\":\"https:\/\/mon-taux.com\/blog\/#\/schema\/person\/cb4fec805169c3bf98a4b8f828b932a0\"},\"headline\":\"03\/05\/2021 &#8211; Le franc suisse passe sous la barre des 1,10 pour 1 euro\",\"datePublished\":\"2021-05-03T09:11:00+00:00\",\"dateModified\":\"2021-05-03T09:26:04+00:00\",\"mainEntityOfPage\":{\"@id\":\"https:\/\/mon-taux.com\/blog\/2021\/05\/03\/pourquoi-le-franc-suisse-baisse-pourquoi-le-franc-suisse-monte\/\"},\"wordCount\":348,\"commentCount\":0,\"publisher\":{\"@id\":\"https:\/\/mon-taux.com\/blog\/#organization\"},\"image\":{\"@id\":\"https:\/\/mon-taux.com\/blog\/2021\/05\/03\/pourquoi-le-franc-suisse-baisse-pourquoi-le-franc-suisse-monte\/#primaryimage\"},\"thumbnailUrl\":\"https:\/\/mon-taux.com\/blog\/wp-content\/uploads\/2021\/05\/pourquoi-le-franc-suisse-baisse-pourquoi-le-franc-suisse-monte.jpg\",\"articleSection\":[\"Pourquoi le franc suisse baisse ? Pourquoi le franc suisse monte ?\"],\"inLanguage\":\"fr-FR\",\"potentialAction\":[{\"@type\":\"CommentAction\",\"name\":\"Comment\",\"target\":[\"https:\/\/mon-taux.com\/blog\/2021\/05\/03\/pourquoi-le-franc-suisse-baisse-pourquoi-le-franc-suisse-monte\/#respond\"]}]},{\"@type\":\"WebPage\",\"@id\":\"https:\/\/mon-taux.com\/blog\/2021\/05\/03\/pourquoi-le-franc-suisse-baisse-pourquoi-le-franc-suisse-monte\/\",\"url\":\"https:\/\/mon-taux.com\/blog\/2021\/05\/03\/pourquoi-le-franc-suisse-baisse-pourquoi-le-franc-suisse-monte\/\",\"name\":\"03\/05\/2021 - Le franc suisse passe sous la barre des 1,10 pour 1 euro - Mon-taux.com - Blog des experts en frontaliers\",\"isPartOf\":{\"@id\":\"https:\/\/mon-taux.com\/blog\/#website\"},\"primaryImageOfPage\":{\"@id\":\"https:\/\/mon-taux.com\/blog\/2021\/05\/03\/pourquoi-le-franc-suisse-baisse-pourquoi-le-franc-suisse-monte\/#primaryimage\"},\"image\":{\"@id\":\"https:\/\/mon-taux.com\/blog\/2021\/05\/03\/pourquoi-le-franc-suisse-baisse-pourquoi-le-franc-suisse-monte\/#primaryimage\"},\"thumbnailUrl\":\"https:\/\/mon-taux.com\/blog\/wp-content\/uploads\/2021\/05\/pourquoi-le-franc-suisse-baisse-pourquoi-le-franc-suisse-monte.jpg\",\"datePublished\":\"2021-05-03T09:11:00+00:00\",\"dateModified\":\"2021-05-03T09:26:04+00:00\",\"breadcrumb\":{\"@id\":\"https:\/\/mon-taux.com\/blog\/2021\/05\/03\/pourquoi-le-franc-suisse-baisse-pourquoi-le-franc-suisse-monte\/#breadcrumb\"},\"inLanguage\":\"fr-FR\",\"potentialAction\":[{\"@type\":\"ReadAction\",\"target\":[\"https:\/\/mon-taux.com\/blog\/2021\/05\/03\/pourquoi-le-franc-suisse-baisse-pourquoi-le-franc-suisse-monte\/\"]}]},{\"@type\":\"ImageObject\",\"inLanguage\":\"fr-FR\",\"@id\":\"https:\/\/mon-taux.com\/blog\/2021\/05\/03\/pourquoi-le-franc-suisse-baisse-pourquoi-le-franc-suisse-monte\/#primaryimage\",\"url\":\"https:\/\/mon-taux.com\/blog\/wp-content\/uploads\/2021\/05\/pourquoi-le-franc-suisse-baisse-pourquoi-le-franc-suisse-monte.jpg\",\"contentUrl\":\"https:\/\/mon-taux.com\/blog\/wp-content\/uploads\/2021\/05\/pourquoi-le-franc-suisse-baisse-pourquoi-le-franc-suisse-monte.jpg\",\"width\":1200,\"height\":800},{\"@type\":\"BreadcrumbList\",\"@id\":\"https:\/\/mon-taux.com\/blog\/2021\/05\/03\/pourquoi-le-franc-suisse-baisse-pourquoi-le-franc-suisse-monte\/#breadcrumb\",\"itemListElement\":[{\"@type\":\"ListItem\",\"position\":1,\"name\":\"Accueil\",\"item\":\"https:\/\/mon-taux.com\/blog\/\"},{\"@type\":\"ListItem\",\"position\":2,\"name\":\"03\/05\/2021 &#8211; Le franc suisse passe sous la barre des 1,10 pour 1 euro\"}]},{\"@type\":\"WebSite\",\"@id\":\"https:\/\/mon-taux.com\/blog\/#website\",\"url\":\"https:\/\/mon-taux.com\/blog\/\",\"name\":\"Mon-taux.com - Blog des experts en frontaliers\",\"description\":\"\",\"publisher\":{\"@id\":\"https:\/\/mon-taux.com\/blog\/#organization\"},\"potentialAction\":[{\"@type\":\"SearchAction\",\"target\":{\"@type\":\"EntryPoint\",\"urlTemplate\":\"https:\/\/mon-taux.com\/blog\/?s={search_term_string}\"},\"query-input\":{\"@type\":\"PropertyValueSpecification\",\"valueRequired\":true,\"valueName\":\"search_term_string\"}}],\"inLanguage\":\"fr-FR\"},{\"@type\":\"Organization\",\"@id\":\"https:\/\/mon-taux.com\/blog\/#organization\",\"name\":\"Mon-taux.com\",\"url\":\"https:\/\/mon-taux.com\/blog\/\",\"logo\":{\"@type\":\"ImageObject\",\"inLanguage\":\"fr-FR\",\"@id\":\"https:\/\/mon-taux.com\/blog\/#\/schema\/logo\/image\/\",\"url\":\"https:\/\/mon-taux.com\/blog\/wp-content\/uploads\/2020\/08\/montaux-new-logo-e1596462820847.png\",\"contentUrl\":\"https:\/\/mon-taux.com\/blog\/wp-content\/uploads\/2020\/08\/montaux-new-logo-e1596462820847.png\",\"width\":300,\"height\":172,\"caption\":\"Mon-taux.com\"},\"image\":{\"@id\":\"https:\/\/mon-taux.com\/blog\/#\/schema\/logo\/image\/\"},\"sameAs\":[\"https:\/\/www.facebook.com\/MonTauxCom.ComparateurFrontalier\",\"https:\/\/x.com\/MonTauxCom\",\"https:\/\/www.youtube.com\/channel\/UCyft978dCKAgV8DglhSW6gg\"]},{\"@type\":\"Person\",\"@id\":\"https:\/\/mon-taux.com\/blog\/#\/schema\/person\/cb4fec805169c3bf98a4b8f828b932a0\",\"name\":\"Christophe Change-Priv\u00e9\",\"image\":{\"@type\":\"ImageObject\",\"inLanguage\":\"fr-FR\",\"@id\":\"https:\/\/mon-taux.com\/blog\/#\/schema\/person\/image\/\",\"url\":\"https:\/\/mon-taux.com\/blog\/wp-content\/uploads\/2020\/08\/christophe-150x150.jpg\",\"contentUrl\":\"https:\/\/mon-taux.com\/blog\/wp-content\/uploads\/2020\/08\/christophe-150x150.jpg\",\"caption\":\"Christophe Change-Priv\u00e9\"},\"description\":\"Apr\u00e8s une formation dans l'univers de l'informatique, je suis entr\u00e9 dans l'univers pour y gravir tout les \u00e9chelons. J'ai \u00e9t\u00e9 conseiller pro puis responsable d'agence au Cr\u00e9dit Agricole des Savoie. J'ai eu l'opportunit\u00e9 de franchir la fronti\u00e8re pour int\u00e9grer UBS ou j'ai exerc\u00e9 le m\u00e9tier de conseiller hypoth\u00e9caire avant d'int\u00e9grer la Banque Conatonale de Gen\u00e8ve ( BCGE) ou j'ai \u00e9t\u00e9 Chef d'agence, puis responsable du d\u00e9partement Financement des PME, cr\u00e9dit personnel et leasing. En qualit\u00e9 de membre de direction, je repr\u00e9sentais la division Grand Public au sein Comit\u00e9 des Cr\u00e9dit de la banque. En 2010, j'ai franchi le cap pou cr\u00e9er Mon-taux.com.\",\"sameAs\":[\"https:\/\/mon-taux.com\/experts-frontaliers\/change-prive\/\"],\"url\":\"https:\/\/mon-taux.com\/blog\/author\/christophemon-taux-com\/\"}]}<\/script>\n<!-- \/ Yoast SEO plugin. -->","yoast_head_json":{"title":"03\/05\/2021 - Le franc suisse passe sous la barre des 1,10 pour 1 euro - Mon-taux.com - Blog des experts en frontaliers","robots":{"index":"index","follow":"follow","max-snippet":"max-snippet:-1","max-image-preview":"max-image-preview:large","max-video-preview":"max-video-preview:-1"},"canonical":"https:\/\/mon-taux.com\/blog\/2021\/05\/03\/pourquoi-le-franc-suisse-baisse-pourquoi-le-franc-suisse-monte\/","og_locale":"fr_FR","og_type":"article","og_title":"03\/05\/2021 - Le franc suisse passe sous la barre des 1,10 pour 1 euro - Mon-taux.com - Blog des experts en frontaliers","og_description":"Alors que l\u2019euro s\u2019appr\u00e9cie face aux autres monnaies, il perd de la force face au franc suisse pour passer sous la barre des 1,10 avec un plus bas \u00e0 1,0970. La vigueur de la reprise de l\u2019\u00e9conomie helv\u00e9tique renforce l\u2019int\u00e9r\u00eat pour le franc dans une p\u00e9riode o\u00f9 les investisseurs ne sont pourtant pas en recherche [&hellip;]","og_url":"https:\/\/mon-taux.com\/blog\/2021\/05\/03\/pourquoi-le-franc-suisse-baisse-pourquoi-le-franc-suisse-monte\/","og_site_name":"Mon-taux.com - Blog des experts en frontaliers","article_publisher":"https:\/\/www.facebook.com\/MonTauxCom.ComparateurFrontalier","article_published_time":"2021-05-03T09:11:00+00:00","article_modified_time":"2021-05-03T09:26:04+00:00","og_image":[{"width":1200,"height":800,"url":"https:\/\/mon-taux.com\/blog\/wp-content\/uploads\/2021\/05\/pourquoi-le-franc-suisse-baisse-pourquoi-le-franc-suisse-monte.jpg","type":"image\/jpeg"}],"author":"Christophe Change-Priv\u00e9","twitter_card":"summary_large_image","twitter_creator":"@MonTauxCom","twitter_site":"@MonTauxCom","twitter_misc":{"\u00c9crit par":"Christophe Change-Priv\u00e9","Dur\u00e9e de lecture estim\u00e9e":"2 minutes"},"schema":{"@context":"https:\/\/schema.org","@graph":[{"@type":"Article","@id":"https:\/\/mon-taux.com\/blog\/2021\/05\/03\/pourquoi-le-franc-suisse-baisse-pourquoi-le-franc-suisse-monte\/#article","isPartOf":{"@id":"https:\/\/mon-taux.com\/blog\/2021\/05\/03\/pourquoi-le-franc-suisse-baisse-pourquoi-le-franc-suisse-monte\/"},"author":{"name":"Christophe Change-Priv\u00e9","@id":"https:\/\/mon-taux.com\/blog\/#\/schema\/person\/cb4fec805169c3bf98a4b8f828b932a0"},"headline":"03\/05\/2021 &#8211; Le franc suisse passe sous la barre des 1,10 pour 1 euro","datePublished":"2021-05-03T09:11:00+00:00","dateModified":"2021-05-03T09:26:04+00:00","mainEntityOfPage":{"@id":"https:\/\/mon-taux.com\/blog\/2021\/05\/03\/pourquoi-le-franc-suisse-baisse-pourquoi-le-franc-suisse-monte\/"},"wordCount":348,"commentCount":0,"publisher":{"@id":"https:\/\/mon-taux.com\/blog\/#organization"},"image":{"@id":"https:\/\/mon-taux.com\/blog\/2021\/05\/03\/pourquoi-le-franc-suisse-baisse-pourquoi-le-franc-suisse-monte\/#primaryimage"},"thumbnailUrl":"https:\/\/mon-taux.com\/blog\/wp-content\/uploads\/2021\/05\/pourquoi-le-franc-suisse-baisse-pourquoi-le-franc-suisse-monte.jpg","articleSection":["Pourquoi le franc suisse baisse ? Pourquoi le franc suisse monte ?"],"inLanguage":"fr-FR","potentialAction":[{"@type":"CommentAction","name":"Comment","target":["https:\/\/mon-taux.com\/blog\/2021\/05\/03\/pourquoi-le-franc-suisse-baisse-pourquoi-le-franc-suisse-monte\/#respond"]}]},{"@type":"WebPage","@id":"https:\/\/mon-taux.com\/blog\/2021\/05\/03\/pourquoi-le-franc-suisse-baisse-pourquoi-le-franc-suisse-monte\/","url":"https:\/\/mon-taux.com\/blog\/2021\/05\/03\/pourquoi-le-franc-suisse-baisse-pourquoi-le-franc-suisse-monte\/","name":"03\/05\/2021 - Le franc suisse passe sous la barre des 1,10 pour 1 euro - Mon-taux.com - Blog des experts en frontaliers","isPartOf":{"@id":"https:\/\/mon-taux.com\/blog\/#website"},"primaryImageOfPage":{"@id":"https:\/\/mon-taux.com\/blog\/2021\/05\/03\/pourquoi-le-franc-suisse-baisse-pourquoi-le-franc-suisse-monte\/#primaryimage"},"image":{"@id":"https:\/\/mon-taux.com\/blog\/2021\/05\/03\/pourquoi-le-franc-suisse-baisse-pourquoi-le-franc-suisse-monte\/#primaryimage"},"thumbnailUrl":"https:\/\/mon-taux.com\/blog\/wp-content\/uploads\/2021\/05\/pourquoi-le-franc-suisse-baisse-pourquoi-le-franc-suisse-monte.jpg","datePublished":"2021-05-03T09:11:00+00:00","dateModified":"2021-05-03T09:26:04+00:00","breadcrumb":{"@id":"https:\/\/mon-taux.com\/blog\/2021\/05\/03\/pourquoi-le-franc-suisse-baisse-pourquoi-le-franc-suisse-monte\/#breadcrumb"},"inLanguage":"fr-FR","potentialAction":[{"@type":"ReadAction","target":["https:\/\/mon-taux.com\/blog\/2021\/05\/03\/pourquoi-le-franc-suisse-baisse-pourquoi-le-franc-suisse-monte\/"]}]},{"@type":"ImageObject","inLanguage":"fr-FR","@id":"https:\/\/mon-taux.com\/blog\/2021\/05\/03\/pourquoi-le-franc-suisse-baisse-pourquoi-le-franc-suisse-monte\/#primaryimage","url":"https:\/\/mon-taux.com\/blog\/wp-content\/uploads\/2021\/05\/pourquoi-le-franc-suisse-baisse-pourquoi-le-franc-suisse-monte.jpg","contentUrl":"https:\/\/mon-taux.com\/blog\/wp-content\/uploads\/2021\/05\/pourquoi-le-franc-suisse-baisse-pourquoi-le-franc-suisse-monte.jpg","width":1200,"height":800},{"@type":"BreadcrumbList","@id":"https:\/\/mon-taux.com\/blog\/2021\/05\/03\/pourquoi-le-franc-suisse-baisse-pourquoi-le-franc-suisse-monte\/#breadcrumb","itemListElement":[{"@type":"ListItem","position":1,"name":"Accueil","item":"https:\/\/mon-taux.com\/blog\/"},{"@type":"ListItem","position":2,"name":"03\/05\/2021 &#8211; Le franc suisse passe sous la barre des 1,10 pour 1 euro"}]},{"@type":"WebSite","@id":"https:\/\/mon-taux.com\/blog\/#website","url":"https:\/\/mon-taux.com\/blog\/","name":"Mon-taux.com - Blog des experts en frontaliers","description":"","publisher":{"@id":"https:\/\/mon-taux.com\/blog\/#organization"},"potentialAction":[{"@type":"SearchAction","target":{"@type":"EntryPoint","urlTemplate":"https:\/\/mon-taux.com\/blog\/?s={search_term_string}"},"query-input":{"@type":"PropertyValueSpecification","valueRequired":true,"valueName":"search_term_string"}}],"inLanguage":"fr-FR"},{"@type":"Organization","@id":"https:\/\/mon-taux.com\/blog\/#organization","name":"Mon-taux.com","url":"https:\/\/mon-taux.com\/blog\/","logo":{"@type":"ImageObject","inLanguage":"fr-FR","@id":"https:\/\/mon-taux.com\/blog\/#\/schema\/logo\/image\/","url":"https:\/\/mon-taux.com\/blog\/wp-content\/uploads\/2020\/08\/montaux-new-logo-e1596462820847.png","contentUrl":"https:\/\/mon-taux.com\/blog\/wp-content\/uploads\/2020\/08\/montaux-new-logo-e1596462820847.png","width":300,"height":172,"caption":"Mon-taux.com"},"image":{"@id":"https:\/\/mon-taux.com\/blog\/#\/schema\/logo\/image\/"},"sameAs":["https:\/\/www.facebook.com\/MonTauxCom.ComparateurFrontalier","https:\/\/x.com\/MonTauxCom","https:\/\/www.youtube.com\/channel\/UCyft978dCKAgV8DglhSW6gg"]},{"@type":"Person","@id":"https:\/\/mon-taux.com\/blog\/#\/schema\/person\/cb4fec805169c3bf98a4b8f828b932a0","name":"Christophe Change-Priv\u00e9","image":{"@type":"ImageObject","inLanguage":"fr-FR","@id":"https:\/\/mon-taux.com\/blog\/#\/schema\/person\/image\/","url":"https:\/\/mon-taux.com\/blog\/wp-content\/uploads\/2020\/08\/christophe-150x150.jpg","contentUrl":"https:\/\/mon-taux.com\/blog\/wp-content\/uploads\/2020\/08\/christophe-150x150.jpg","caption":"Christophe Change-Priv\u00e9"},"description":"Apr\u00e8s une formation dans l'univers de l'informatique, je suis entr\u00e9 dans l'univers pour y gravir tout les \u00e9chelons. J'ai \u00e9t\u00e9 conseiller pro puis responsable d'agence au Cr\u00e9dit Agricole des Savoie. J'ai eu l'opportunit\u00e9 de franchir la fronti\u00e8re pour int\u00e9grer UBS ou j'ai exerc\u00e9 le m\u00e9tier de conseiller hypoth\u00e9caire avant d'int\u00e9grer la Banque Conatonale de Gen\u00e8ve ( BCGE) ou j'ai \u00e9t\u00e9 Chef d'agence, puis responsable du d\u00e9partement Financement des PME, cr\u00e9dit personnel et leasing. En qualit\u00e9 de membre de direction, je repr\u00e9sentais la division Grand Public au sein Comit\u00e9 des Cr\u00e9dit de la banque. En 2010, j'ai franchi le cap pou cr\u00e9er Mon-taux.com.","sameAs":["https:\/\/mon-taux.com\/experts-frontaliers\/change-prive\/"],"url":"https:\/\/mon-taux.com\/blog\/author\/christophemon-taux-com\/"}]}},"_links":{"self":[{"href":"https:\/\/mon-taux.com\/blog\/wp-json\/wp\/v2\/posts\/34602","targetHints":{"allow":["GET"]}}],"collection":[{"href":"https:\/\/mon-taux.com\/blog\/wp-json\/wp\/v2\/posts"}],"about":[{"href":"https:\/\/mon-taux.com\/blog\/wp-json\/wp\/v2\/types\/post"}],"author":[{"embeddable":true,"href":"https:\/\/mon-taux.com\/blog\/wp-json\/wp\/v2\/users\/4"}],"replies":[{"embeddable":true,"href":"https:\/\/mon-taux.com\/blog\/wp-json\/wp\/v2\/comments?post=34602"}],"version-history":[{"count":7,"href":"https:\/\/mon-taux.com\/blog\/wp-json\/wp\/v2\/posts\/34602\/revisions"}],"predecessor-version":[{"id":34612,"href":"https:\/\/mon-taux.com\/blog\/wp-json\/wp\/v2\/posts\/34602\/revisions\/34612"}],"wp:featuredmedia":[{"embeddable":true,"href":"https:\/\/mon-taux.com\/blog\/wp-json\/wp\/v2\/media\/34603"}],"wp:attachment":[{"href":"https:\/\/mon-taux.com\/blog\/wp-json\/wp\/v2\/media?parent=34602"}],"wp:term":[{"taxonomy":"category","embeddable":true,"href":"https:\/\/mon-taux.com\/blog\/wp-json\/wp\/v2\/categories?post=34602"},{"taxonomy":"post_tag","embeddable":true,"href":"https:\/\/mon-taux.com\/blog\/wp-json\/wp\/v2\/tags?post=34602"}],"curies":[{"name":"wp","href":"https:\/\/api.w.org\/{rel}","templated":true}]}}