{"id":34534,"date":"2021-02-01T15:54:52","date_gmt":"2021-02-01T14:54:52","guid":{"rendered":"https:\/\/mon-taux.com\/blog\/?p=34534"},"modified":"2021-02-05T11:42:24","modified_gmt":"2021-02-05T10:42:24","slug":"01-02-2021-lactu-des-credits-immobiliers-pour-les-frontaliers","status":"publish","type":"post","link":"https:\/\/mon-taux.com\/blog\/2021\/02\/01\/01-02-2021-lactu-des-credits-immobiliers-pour-les-frontaliers\/","title":{"rendered":"01\/02\/2021 &#8211; L\u2019actu des cr\u00e9dits immobiliers pour les frontaliers"},"content":{"rendered":"<p><em><strong>Malgr\u00e9 le contexte COVID, le march\u00e9 immobilier demeure tr\u00e8s dynamique en ce d\u00e9but d\u2019ann\u00e9e soutenu par de nombreux acqu\u00e9reurs en qu\u00eate d\u2019espace suppl\u00e9mentaire pour le t\u00e9l\u00e9travail ou pour les enfants. Du c\u00f4t\u00e9 des banques, les conditions sur la zone frontali\u00e8re demeurent complexes, en raison des normes d\u2019acceptation mais \u00e9galement des effectifs disponibles dans les r\u00e9seaux bancaires. Le parcours vers l\u2019obtention du bon financement s\u2019av\u00e8re long et sem\u00e9 d&#8217;emb\u00fbches ( d\u00e9lais de traitement, d\u00e9lais pour les RDV, absence de r\u00e9ponse des conseillers, probl\u00e8me de couverture d\u2019assurance etc\u2026). Nous recommandons aux futurs propri\u00e9taires de n\u00e9gocier des d\u00e9lais de signature d\u2019au minimum 3 mois pour ne pas se retrouver dans une situation inconfortable.<\/strong><\/em><\/p>\n<p><img loading=\"lazy\" decoding=\"async\" class=\"size-full wp-image-34535 aligncenter\" src=\"https:\/\/mon-taux.com\/blog\/wp-content\/uploads\/2021\/02\/immobiliers-pour-les-frontaliers-coronavirus-covid-19.jpg\" alt=\"\" width=\"1440\" height=\"912\" srcset=\"https:\/\/mon-taux.com\/blog\/wp-content\/uploads\/2021\/02\/immobiliers-pour-les-frontaliers-coronavirus-covid-19.jpg 1440w, https:\/\/mon-taux.com\/blog\/wp-content\/uploads\/2021\/02\/immobiliers-pour-les-frontaliers-coronavirus-covid-19-300x190.jpg 300w, https:\/\/mon-taux.com\/blog\/wp-content\/uploads\/2021\/02\/immobiliers-pour-les-frontaliers-coronavirus-covid-19-1024x649.jpg 1024w, https:\/\/mon-taux.com\/blog\/wp-content\/uploads\/2021\/02\/immobiliers-pour-les-frontaliers-coronavirus-covid-19-768x486.jpg 768w\" sizes=\"auto, (max-width: 1440px) 100vw, 1440px\" \/><\/p>\n<h2><span style=\"font-weight: 400;\">35% de taux d\u2019endettement et dur\u00e9e jusqu\u2019\u00e0 27 ans pour les constructions<\/span><\/h2>\n<p>&nbsp;<\/p>\n<p><span style=\"font-weight: 400;\">Le HCSF ( Haut Conseil de Stabilit\u00e9 Financi\u00e8re rattach\u00e9 au Minist\u00e8re de l\u2019Economie ) a revu ses pr\u00e9conisations fin 2020 sur les taux d\u2019endettement et de dur\u00e9e de financement. Sous la pression des acteurs de l\u2019immobilier, une (petite) souplesse a \u00e9t\u00e9 donn\u00e9e avec la possibilit\u00e9 d\u2019accepter des dossiers avec un taux d\u2019endettement de 35% au lieu de 33%. Concr\u00e8tement cela ne change pas grand chose, mais l\u2019effet d\u2019annonce a probablement eu un effet positif en termes de communication\u2026.. Les m\u00e9thodes de calcul \u00e9tant diff\u00e9rentes d\u2019une banque \u00e0 l\u2019autre, il peut \u00eatre int\u00e9ressant de solliciter diff\u00e9rentes banques ou plus simplement passer par un courtier en cr\u00e9dit.\u00a0<\/span><\/p>\n<p><span style=\"font-weight: 400;\">Il est maintenant possible d\u2019envisager un financement pour une dur\u00e9e pouvant aller jusqu\u2019\u00e0 27 ans pour une construction. Cet allongement de 2 ans par rapport aux recommandations pr\u00e9c\u00e9dentes \u00e0 pour but de couvrir la p\u00e9riode de construction du logement et offrir aux emprunteurs la possibilit\u00e9 de rembourser leur cr\u00e9dit sur 25 ans. <\/span><\/p>\n<p>&nbsp;<\/p>\n<div class=\"su-button-center\"><a href=\"https:\/\/www.mon-taux.com\/credit-immobilier-franc-suisse\/achat-immobilier-chf-frontalier\/\" class=\"su-button su-button-style-default\" style=\"color:#FFFFFF;background-color:#62256a;border-color:#4f1e55;border-radius:10px\" target=\"_blank\" rel=\"noopener noreferrer\"><span style=\"color:#FFFFFF;padding:8px 26px;font-size:20px;line-height:30px;border-color:#926797;border-radius:10px;text-shadow:none\"><i class=\"sui sui-home\" style=\"font-size:20px;color:#FFFFFF\"><\/i> J\u2019AI BESOIN D&#8217;\u00caTRE ACCOMPAGN\u00c9 POUR MON\u00a0 PROJET ACQUISITION<\/span><\/a><\/div>\n<p>&nbsp;<\/p>\n<h2><span style=\"font-weight: 400;\">Des taux d\u2019int\u00e9r\u00eats toujours tr\u00e8s attractifs<\/span><\/h2>\n<p>&nbsp;<\/p>\n<p><span style=\"font-weight: 400;\"><a href=\"https:\/\/mon-taux-com.gr8.com\/\" target=\"_blank\" rel=\"noopener noreferrer\"><img loading=\"lazy\" decoding=\"async\" class=\"alignright wp-image-34536 size-full\" src=\"https:\/\/mon-taux.com\/blog\/wp-content\/uploads\/2021\/02\/comparatif-pret-CHF-EURO.png\" alt=\"\" width=\"440\" height=\"240\" srcset=\"https:\/\/mon-taux.com\/blog\/wp-content\/uploads\/2021\/02\/comparatif-pret-CHF-EURO.png 440w, https:\/\/mon-taux.com\/blog\/wp-content\/uploads\/2021\/02\/comparatif-pret-CHF-EURO-300x164.png 300w\" sizes=\"auto, (max-width: 440px) 100vw, 440px\" \/><\/a>En euro comme en franc suisse, les taux des cr\u00e9dits immobiliers demeurent tr\u00e8s bas en ce d\u00e9but d\u2019ann\u00e9e. Pour les meilleurs dossiers ( Apport et\/ou revenus importants), il est possible de trouver un financement \u00e0 0,55% en devise sur 20 ans et moins de 0,9% en euro tandis qu\u2019un dossier avec un apport du montant des frais, trouvera des propositions, sur 25 ans autour 1,30% en CHF et 1,45% en euros. A noter, qu\u2019il faut en g\u00e9n\u00e9ral compter une majoration de 0,10% sur ces conditions pour les rachats de cr\u00e9dits.\u00a0<\/span><\/p>\n<p><span style=\"font-weight: 400;\">La tendance g\u00e9n\u00e9rale des taux d\u2019int\u00e9r\u00eat demeurera probablement tr\u00e8s favorable aux emprunteurs sur 2021. La situation d\u2019endettement des \u00e9tats prot\u00e8ge, probablement pour un bon moment, une hausse significative des taux d\u2019int\u00e9r\u00eats.<\/span><\/p>\n<p>&nbsp;<\/p>\n<div class=\"su-button-center\"><a href=\"https:\/\/www.mon-taux.com\/renegociation\/\" class=\"su-button su-button-style-default\" style=\"color:#FFFFFF;background-color:#62256a;border-color:#4f1e55;border-radius:10px\" target=\"_blank\" rel=\"noopener noreferrer\"><span style=\"color:#FFFFFF;padding:8px 26px;font-size:20px;line-height:30px;border-color:#926797;border-radius:10px;text-shadow:none\"><i class=\"sui sui-home\" style=\"font-size:20px;color:#FFFFFF\"><\/i> J\u2019AI BESOIN D&#8217;\u00caTRE ACCOMPAGN\u00c9 POUR MON\u00a0 PROJET RENEGOCIATION<\/span><\/a><\/div>\n<p>&nbsp;<\/p>\n<h2><span style=\"font-weight: 400;\">Toujours plus d\u2019apport pour les r\u00e9sidents suisses<\/span><span style=\"font-weight: 400;\">\u00a0<\/span><\/h2>\n<p>&nbsp;<\/p>\n<p><span style=\"font-weight: 400;\">Entre des loyers \u00e9lev\u00e9s et des besoins d\u2019espaces, les familles r\u00e9sidentes \u00e0 Gen\u00e8ve sont toujours aussi nombreuses \u00e0 se lancer dans le projet d\u2019acquisition d\u2019un logement en France voisine. Pour autant, l\u2019obtention d\u2019un financement n\u2019est pas chose ais\u00e9e, les banques fran\u00e7aises ( se sont elles qui financent de ce c\u00f4t\u00e9 de la fronti\u00e8re) ayant significativement durcies les conditions d\u2019apport. Si le 2\u00e8me pilier peut constituer une partie de cet apport, les frais de l\u2019op\u00e9ration ( Notaire, garantie, banque) doivent obligatoirement \u00eatre couverts par l\u2019\u00e9pargne des emprunteurs. Pour les ind\u00e9pendants hors professions de sant\u00e9, il n\u2019existe plus gu\u00e8re de solution \u00e0 l\u2019heure actuelle.<\/span><\/p>\n<p>&nbsp;<\/p>\n<h2><span style=\"font-weight: 400;\">Ne pas n\u00e9gliger l\u2019assurance emprunteur<\/span><span style=\"font-weight: 400;\">\u00a0<\/span><\/h2>\n<p>&nbsp;<\/p>\n<p><span style=\"font-weight: 400;\">L\u2019assurance qui couvre les emprunteurs pour les risques d\u00e9c\u00e8s et incapacit\u00e9 de travail, notamment repr\u00e9sente un part important du contrat de pr\u00eat, tant en terme de co\u00fbt qu\u2019en terme de garantie. Cette assurance qui peut maintenant \u00eatre conclue aupr\u00e8s de la banque ou directement aupr\u00e8s d\u2019une compagnie ext\u00e9rieure. La n\u00e9gociation peut se faire en m\u00eame temps que les conditions du cr\u00e9dit, mais aussi dans l\u2019ann\u00e9e qui suit l\u2019\u00e9dition des offres de pr\u00eat dans le cadre de la loi Hamon. Vu la position des banques autour de la fronti\u00e8res, cette seconde option peut s\u2019av\u00e9rer int\u00e9ressante et permet de se centrer sur la n\u00e9gociation du taux avec le banquier.<\/span><\/p>\n<p>&nbsp;<\/p>\n<p>&nbsp;<\/p>\n","protected":false},"excerpt":{"rendered":"<p>Malgr\u00e9 le contexte COVID, le march\u00e9 immobilier demeure tr\u00e8s dynamique en ce d\u00e9but d\u2019ann\u00e9e soutenu par de nombreux acqu\u00e9reurs en qu\u00eate d\u2019espace suppl\u00e9mentaire pour le t\u00e9l\u00e9travail ou pour les enfants. Du c\u00f4t\u00e9 des banques, les conditions sur la zone frontali\u00e8re demeurent complexes, en raison des normes d\u2019acceptation mais \u00e9galement des effectifs disponibles dans les r\u00e9seaux [&hellip;]<\/p>\n","protected":false},"author":2,"featured_media":34535,"comment_status":"open","ping_status":"open","sticky":false,"template":"","format":"standard","meta":{"footnotes":""},"categories":[5],"tags":[],"class_list":{"0":"post-34534","1":"post","2":"type-post","3":"status-publish","4":"format-standard","5":"has-post-thumbnail","7":"category-immobilier-actualites","8":"czr-hentry"},"yoast_head":"<!-- This site is optimized with the Yoast SEO plugin v25.8 - https:\/\/yoast.com\/wordpress\/plugins\/seo\/ -->\n<title>01\/02\/2021 - L\u2019actu des cr\u00e9dits immobiliers pour les frontaliers - Mon-taux.com - Blog des experts en frontaliers<\/title>\n<meta name=\"robots\" content=\"index, follow, max-snippet:-1, max-image-preview:large, max-video-preview:-1\" \/>\n<link rel=\"canonical\" href=\"https:\/\/mon-taux.com\/blog\/2021\/02\/01\/01-02-2021-lactu-des-credits-immobiliers-pour-les-frontaliers\/\" \/>\n<meta property=\"og:locale\" content=\"fr_FR\" \/>\n<meta property=\"og:type\" content=\"article\" \/>\n<meta property=\"og:title\" content=\"01\/02\/2021 - L\u2019actu des cr\u00e9dits immobiliers pour les frontaliers - Mon-taux.com - Blog des experts en frontaliers\" \/>\n<meta property=\"og:description\" content=\"Malgr\u00e9 le contexte COVID, le march\u00e9 immobilier demeure tr\u00e8s dynamique en ce d\u00e9but d\u2019ann\u00e9e soutenu par de nombreux acqu\u00e9reurs en qu\u00eate d\u2019espace suppl\u00e9mentaire pour le t\u00e9l\u00e9travail ou pour les enfants. Du c\u00f4t\u00e9 des banques, les conditions sur la zone frontali\u00e8re demeurent complexes, en raison des normes d\u2019acceptation mais \u00e9galement des effectifs disponibles dans les r\u00e9seaux [&hellip;]\" \/>\n<meta property=\"og:url\" content=\"https:\/\/mon-taux.com\/blog\/2021\/02\/01\/01-02-2021-lactu-des-credits-immobiliers-pour-les-frontaliers\/\" \/>\n<meta property=\"og:site_name\" content=\"Mon-taux.com - Blog des experts en frontaliers\" \/>\n<meta property=\"article:publisher\" content=\"https:\/\/www.facebook.com\/MonTauxCom.ComparateurFrontalier\" \/>\n<meta property=\"article:published_time\" content=\"2021-02-01T14:54:52+00:00\" \/>\n<meta property=\"article:modified_time\" content=\"2021-02-05T10:42:24+00:00\" \/>\n<meta property=\"og:image\" content=\"https:\/\/mon-taux.com\/blog\/wp-content\/uploads\/2021\/02\/immobiliers-pour-les-frontaliers-coronavirus-covid-19.jpg\" \/>\n\t<meta property=\"og:image:width\" content=\"1440\" \/>\n\t<meta property=\"og:image:height\" content=\"912\" \/>\n\t<meta property=\"og:image:type\" content=\"image\/jpeg\" \/>\n<meta name=\"author\" content=\"montaux\" \/>\n<meta name=\"twitter:card\" content=\"summary_large_image\" \/>\n<meta name=\"twitter:creator\" content=\"@MonTauxCom\" \/>\n<meta name=\"twitter:site\" content=\"@MonTauxCom\" \/>\n<meta name=\"twitter:label1\" content=\"\u00c9crit par\" \/>\n\t<meta name=\"twitter:data1\" content=\"montaux\" \/>\n\t<meta name=\"twitter:label2\" content=\"Dur\u00e9e de lecture estim\u00e9e\" \/>\n\t<meta name=\"twitter:data2\" content=\"4 minutes\" \/>\n<script type=\"application\/ld+json\" class=\"yoast-schema-graph\">{\"@context\":\"https:\/\/schema.org\",\"@graph\":[{\"@type\":\"Article\",\"@id\":\"https:\/\/mon-taux.com\/blog\/2021\/02\/01\/01-02-2021-lactu-des-credits-immobiliers-pour-les-frontaliers\/#article\",\"isPartOf\":{\"@id\":\"https:\/\/mon-taux.com\/blog\/2021\/02\/01\/01-02-2021-lactu-des-credits-immobiliers-pour-les-frontaliers\/\"},\"author\":{\"name\":\"montaux\",\"@id\":\"https:\/\/mon-taux.com\/blog\/#\/schema\/person\/bfe88bfabe109e312d4cd786a3dfe66f\"},\"headline\":\"01\/02\/2021 &#8211; L\u2019actu des cr\u00e9dits immobiliers pour les frontaliers\",\"datePublished\":\"2021-02-01T14:54:52+00:00\",\"dateModified\":\"2021-02-05T10:42:24+00:00\",\"mainEntityOfPage\":{\"@id\":\"https:\/\/mon-taux.com\/blog\/2021\/02\/01\/01-02-2021-lactu-des-credits-immobiliers-pour-les-frontaliers\/\"},\"wordCount\":810,\"commentCount\":0,\"publisher\":{\"@id\":\"https:\/\/mon-taux.com\/blog\/#organization\"},\"image\":{\"@id\":\"https:\/\/mon-taux.com\/blog\/2021\/02\/01\/01-02-2021-lactu-des-credits-immobiliers-pour-les-frontaliers\/#primaryimage\"},\"thumbnailUrl\":\"https:\/\/mon-taux.com\/blog\/wp-content\/uploads\/2021\/02\/immobiliers-pour-les-frontaliers-coronavirus-covid-19.jpg\",\"articleSection\":[\"Cr\u00e9dit Immobilier\"],\"inLanguage\":\"fr-FR\",\"potentialAction\":[{\"@type\":\"CommentAction\",\"name\":\"Comment\",\"target\":[\"https:\/\/mon-taux.com\/blog\/2021\/02\/01\/01-02-2021-lactu-des-credits-immobiliers-pour-les-frontaliers\/#respond\"]}]},{\"@type\":\"WebPage\",\"@id\":\"https:\/\/mon-taux.com\/blog\/2021\/02\/01\/01-02-2021-lactu-des-credits-immobiliers-pour-les-frontaliers\/\",\"url\":\"https:\/\/mon-taux.com\/blog\/2021\/02\/01\/01-02-2021-lactu-des-credits-immobiliers-pour-les-frontaliers\/\",\"name\":\"01\/02\/2021 - L\u2019actu des cr\u00e9dits immobiliers pour les frontaliers - Mon-taux.com - Blog des experts en frontaliers\",\"isPartOf\":{\"@id\":\"https:\/\/mon-taux.com\/blog\/#website\"},\"primaryImageOfPage\":{\"@id\":\"https:\/\/mon-taux.com\/blog\/2021\/02\/01\/01-02-2021-lactu-des-credits-immobiliers-pour-les-frontaliers\/#primaryimage\"},\"image\":{\"@id\":\"https:\/\/mon-taux.com\/blog\/2021\/02\/01\/01-02-2021-lactu-des-credits-immobiliers-pour-les-frontaliers\/#primaryimage\"},\"thumbnailUrl\":\"https:\/\/mon-taux.com\/blog\/wp-content\/uploads\/2021\/02\/immobiliers-pour-les-frontaliers-coronavirus-covid-19.jpg\",\"datePublished\":\"2021-02-01T14:54:52+00:00\",\"dateModified\":\"2021-02-05T10:42:24+00:00\",\"breadcrumb\":{\"@id\":\"https:\/\/mon-taux.com\/blog\/2021\/02\/01\/01-02-2021-lactu-des-credits-immobiliers-pour-les-frontaliers\/#breadcrumb\"},\"inLanguage\":\"fr-FR\",\"potentialAction\":[{\"@type\":\"ReadAction\",\"target\":[\"https:\/\/mon-taux.com\/blog\/2021\/02\/01\/01-02-2021-lactu-des-credits-immobiliers-pour-les-frontaliers\/\"]}]},{\"@type\":\"ImageObject\",\"inLanguage\":\"fr-FR\",\"@id\":\"https:\/\/mon-taux.com\/blog\/2021\/02\/01\/01-02-2021-lactu-des-credits-immobiliers-pour-les-frontaliers\/#primaryimage\",\"url\":\"https:\/\/mon-taux.com\/blog\/wp-content\/uploads\/2021\/02\/immobiliers-pour-les-frontaliers-coronavirus-covid-19.jpg\",\"contentUrl\":\"https:\/\/mon-taux.com\/blog\/wp-content\/uploads\/2021\/02\/immobiliers-pour-les-frontaliers-coronavirus-covid-19.jpg\",\"width\":1440,\"height\":912},{\"@type\":\"BreadcrumbList\",\"@id\":\"https:\/\/mon-taux.com\/blog\/2021\/02\/01\/01-02-2021-lactu-des-credits-immobiliers-pour-les-frontaliers\/#breadcrumb\",\"itemListElement\":[{\"@type\":\"ListItem\",\"position\":1,\"name\":\"Accueil\",\"item\":\"https:\/\/mon-taux.com\/blog\/\"},{\"@type\":\"ListItem\",\"position\":2,\"name\":\"01\/02\/2021 &#8211; L\u2019actu des cr\u00e9dits immobiliers pour les frontaliers\"}]},{\"@type\":\"WebSite\",\"@id\":\"https:\/\/mon-taux.com\/blog\/#website\",\"url\":\"https:\/\/mon-taux.com\/blog\/\",\"name\":\"Mon-taux.com - Blog des experts en frontaliers\",\"description\":\"\",\"publisher\":{\"@id\":\"https:\/\/mon-taux.com\/blog\/#organization\"},\"potentialAction\":[{\"@type\":\"SearchAction\",\"target\":{\"@type\":\"EntryPoint\",\"urlTemplate\":\"https:\/\/mon-taux.com\/blog\/?s={search_term_string}\"},\"query-input\":{\"@type\":\"PropertyValueSpecification\",\"valueRequired\":true,\"valueName\":\"search_term_string\"}}],\"inLanguage\":\"fr-FR\"},{\"@type\":\"Organization\",\"@id\":\"https:\/\/mon-taux.com\/blog\/#organization\",\"name\":\"Mon-taux.com\",\"url\":\"https:\/\/mon-taux.com\/blog\/\",\"logo\":{\"@type\":\"ImageObject\",\"inLanguage\":\"fr-FR\",\"@id\":\"https:\/\/mon-taux.com\/blog\/#\/schema\/logo\/image\/\",\"url\":\"https:\/\/mon-taux.com\/blog\/wp-content\/uploads\/2020\/08\/montaux-new-logo-e1596462820847.png\",\"contentUrl\":\"https:\/\/mon-taux.com\/blog\/wp-content\/uploads\/2020\/08\/montaux-new-logo-e1596462820847.png\",\"width\":300,\"height\":172,\"caption\":\"Mon-taux.com\"},\"image\":{\"@id\":\"https:\/\/mon-taux.com\/blog\/#\/schema\/logo\/image\/\"},\"sameAs\":[\"https:\/\/www.facebook.com\/MonTauxCom.ComparateurFrontalier\",\"https:\/\/x.com\/MonTauxCom\",\"https:\/\/www.youtube.com\/channel\/UCyft978dCKAgV8DglhSW6gg\"]},{\"@type\":\"Person\",\"@id\":\"https:\/\/mon-taux.com\/blog\/#\/schema\/person\/bfe88bfabe109e312d4cd786a3dfe66f\",\"name\":\"montaux\",\"image\":{\"@type\":\"ImageObject\",\"inLanguage\":\"fr-FR\",\"@id\":\"https:\/\/mon-taux.com\/blog\/#\/schema\/person\/image\/\",\"url\":\"https:\/\/mon-taux.com\/blog\/wp-content\/uploads\/2020\/08\/favicon2-150x150.png\",\"contentUrl\":\"https:\/\/mon-taux.com\/blog\/wp-content\/uploads\/2020\/08\/favicon2-150x150.png\",\"caption\":\"montaux\"},\"sameAs\":[\"https:\/\/mon-taux.com\"],\"url\":\"https:\/\/mon-taux.com\/blog\/author\/montaux\/\"}]}<\/script>\n<!-- \/ Yoast SEO plugin. -->","yoast_head_json":{"title":"01\/02\/2021 - L\u2019actu des cr\u00e9dits immobiliers pour les frontaliers - Mon-taux.com - Blog des experts en frontaliers","robots":{"index":"index","follow":"follow","max-snippet":"max-snippet:-1","max-image-preview":"max-image-preview:large","max-video-preview":"max-video-preview:-1"},"canonical":"https:\/\/mon-taux.com\/blog\/2021\/02\/01\/01-02-2021-lactu-des-credits-immobiliers-pour-les-frontaliers\/","og_locale":"fr_FR","og_type":"article","og_title":"01\/02\/2021 - L\u2019actu des cr\u00e9dits immobiliers pour les frontaliers - Mon-taux.com - Blog des experts en frontaliers","og_description":"Malgr\u00e9 le contexte COVID, le march\u00e9 immobilier demeure tr\u00e8s dynamique en ce d\u00e9but d\u2019ann\u00e9e soutenu par de nombreux acqu\u00e9reurs en qu\u00eate d\u2019espace suppl\u00e9mentaire pour le t\u00e9l\u00e9travail ou pour les enfants. Du c\u00f4t\u00e9 des banques, les conditions sur la zone frontali\u00e8re demeurent complexes, en raison des normes d\u2019acceptation mais \u00e9galement des effectifs disponibles dans les r\u00e9seaux [&hellip;]","og_url":"https:\/\/mon-taux.com\/blog\/2021\/02\/01\/01-02-2021-lactu-des-credits-immobiliers-pour-les-frontaliers\/","og_site_name":"Mon-taux.com - Blog des experts en frontaliers","article_publisher":"https:\/\/www.facebook.com\/MonTauxCom.ComparateurFrontalier","article_published_time":"2021-02-01T14:54:52+00:00","article_modified_time":"2021-02-05T10:42:24+00:00","og_image":[{"width":1440,"height":912,"url":"https:\/\/mon-taux.com\/blog\/wp-content\/uploads\/2021\/02\/immobiliers-pour-les-frontaliers-coronavirus-covid-19.jpg","type":"image\/jpeg"}],"author":"montaux","twitter_card":"summary_large_image","twitter_creator":"@MonTauxCom","twitter_site":"@MonTauxCom","twitter_misc":{"\u00c9crit par":"montaux","Dur\u00e9e de lecture estim\u00e9e":"4 minutes"},"schema":{"@context":"https:\/\/schema.org","@graph":[{"@type":"Article","@id":"https:\/\/mon-taux.com\/blog\/2021\/02\/01\/01-02-2021-lactu-des-credits-immobiliers-pour-les-frontaliers\/#article","isPartOf":{"@id":"https:\/\/mon-taux.com\/blog\/2021\/02\/01\/01-02-2021-lactu-des-credits-immobiliers-pour-les-frontaliers\/"},"author":{"name":"montaux","@id":"https:\/\/mon-taux.com\/blog\/#\/schema\/person\/bfe88bfabe109e312d4cd786a3dfe66f"},"headline":"01\/02\/2021 &#8211; L\u2019actu des cr\u00e9dits immobiliers pour les frontaliers","datePublished":"2021-02-01T14:54:52+00:00","dateModified":"2021-02-05T10:42:24+00:00","mainEntityOfPage":{"@id":"https:\/\/mon-taux.com\/blog\/2021\/02\/01\/01-02-2021-lactu-des-credits-immobiliers-pour-les-frontaliers\/"},"wordCount":810,"commentCount":0,"publisher":{"@id":"https:\/\/mon-taux.com\/blog\/#organization"},"image":{"@id":"https:\/\/mon-taux.com\/blog\/2021\/02\/01\/01-02-2021-lactu-des-credits-immobiliers-pour-les-frontaliers\/#primaryimage"},"thumbnailUrl":"https:\/\/mon-taux.com\/blog\/wp-content\/uploads\/2021\/02\/immobiliers-pour-les-frontaliers-coronavirus-covid-19.jpg","articleSection":["Cr\u00e9dit Immobilier"],"inLanguage":"fr-FR","potentialAction":[{"@type":"CommentAction","name":"Comment","target":["https:\/\/mon-taux.com\/blog\/2021\/02\/01\/01-02-2021-lactu-des-credits-immobiliers-pour-les-frontaliers\/#respond"]}]},{"@type":"WebPage","@id":"https:\/\/mon-taux.com\/blog\/2021\/02\/01\/01-02-2021-lactu-des-credits-immobiliers-pour-les-frontaliers\/","url":"https:\/\/mon-taux.com\/blog\/2021\/02\/01\/01-02-2021-lactu-des-credits-immobiliers-pour-les-frontaliers\/","name":"01\/02\/2021 - L\u2019actu des cr\u00e9dits immobiliers pour les frontaliers - Mon-taux.com - Blog des experts en frontaliers","isPartOf":{"@id":"https:\/\/mon-taux.com\/blog\/#website"},"primaryImageOfPage":{"@id":"https:\/\/mon-taux.com\/blog\/2021\/02\/01\/01-02-2021-lactu-des-credits-immobiliers-pour-les-frontaliers\/#primaryimage"},"image":{"@id":"https:\/\/mon-taux.com\/blog\/2021\/02\/01\/01-02-2021-lactu-des-credits-immobiliers-pour-les-frontaliers\/#primaryimage"},"thumbnailUrl":"https:\/\/mon-taux.com\/blog\/wp-content\/uploads\/2021\/02\/immobiliers-pour-les-frontaliers-coronavirus-covid-19.jpg","datePublished":"2021-02-01T14:54:52+00:00","dateModified":"2021-02-05T10:42:24+00:00","breadcrumb":{"@id":"https:\/\/mon-taux.com\/blog\/2021\/02\/01\/01-02-2021-lactu-des-credits-immobiliers-pour-les-frontaliers\/#breadcrumb"},"inLanguage":"fr-FR","potentialAction":[{"@type":"ReadAction","target":["https:\/\/mon-taux.com\/blog\/2021\/02\/01\/01-02-2021-lactu-des-credits-immobiliers-pour-les-frontaliers\/"]}]},{"@type":"ImageObject","inLanguage":"fr-FR","@id":"https:\/\/mon-taux.com\/blog\/2021\/02\/01\/01-02-2021-lactu-des-credits-immobiliers-pour-les-frontaliers\/#primaryimage","url":"https:\/\/mon-taux.com\/blog\/wp-content\/uploads\/2021\/02\/immobiliers-pour-les-frontaliers-coronavirus-covid-19.jpg","contentUrl":"https:\/\/mon-taux.com\/blog\/wp-content\/uploads\/2021\/02\/immobiliers-pour-les-frontaliers-coronavirus-covid-19.jpg","width":1440,"height":912},{"@type":"BreadcrumbList","@id":"https:\/\/mon-taux.com\/blog\/2021\/02\/01\/01-02-2021-lactu-des-credits-immobiliers-pour-les-frontaliers\/#breadcrumb","itemListElement":[{"@type":"ListItem","position":1,"name":"Accueil","item":"https:\/\/mon-taux.com\/blog\/"},{"@type":"ListItem","position":2,"name":"01\/02\/2021 &#8211; L\u2019actu des cr\u00e9dits immobiliers pour les frontaliers"}]},{"@type":"WebSite","@id":"https:\/\/mon-taux.com\/blog\/#website","url":"https:\/\/mon-taux.com\/blog\/","name":"Mon-taux.com - Blog des experts en frontaliers","description":"","publisher":{"@id":"https:\/\/mon-taux.com\/blog\/#organization"},"potentialAction":[{"@type":"SearchAction","target":{"@type":"EntryPoint","urlTemplate":"https:\/\/mon-taux.com\/blog\/?s={search_term_string}"},"query-input":{"@type":"PropertyValueSpecification","valueRequired":true,"valueName":"search_term_string"}}],"inLanguage":"fr-FR"},{"@type":"Organization","@id":"https:\/\/mon-taux.com\/blog\/#organization","name":"Mon-taux.com","url":"https:\/\/mon-taux.com\/blog\/","logo":{"@type":"ImageObject","inLanguage":"fr-FR","@id":"https:\/\/mon-taux.com\/blog\/#\/schema\/logo\/image\/","url":"https:\/\/mon-taux.com\/blog\/wp-content\/uploads\/2020\/08\/montaux-new-logo-e1596462820847.png","contentUrl":"https:\/\/mon-taux.com\/blog\/wp-content\/uploads\/2020\/08\/montaux-new-logo-e1596462820847.png","width":300,"height":172,"caption":"Mon-taux.com"},"image":{"@id":"https:\/\/mon-taux.com\/blog\/#\/schema\/logo\/image\/"},"sameAs":["https:\/\/www.facebook.com\/MonTauxCom.ComparateurFrontalier","https:\/\/x.com\/MonTauxCom","https:\/\/www.youtube.com\/channel\/UCyft978dCKAgV8DglhSW6gg"]},{"@type":"Person","@id":"https:\/\/mon-taux.com\/blog\/#\/schema\/person\/bfe88bfabe109e312d4cd786a3dfe66f","name":"montaux","image":{"@type":"ImageObject","inLanguage":"fr-FR","@id":"https:\/\/mon-taux.com\/blog\/#\/schema\/person\/image\/","url":"https:\/\/mon-taux.com\/blog\/wp-content\/uploads\/2020\/08\/favicon2-150x150.png","contentUrl":"https:\/\/mon-taux.com\/blog\/wp-content\/uploads\/2020\/08\/favicon2-150x150.png","caption":"montaux"},"sameAs":["https:\/\/mon-taux.com"],"url":"https:\/\/mon-taux.com\/blog\/author\/montaux\/"}]}},"_links":{"self":[{"href":"https:\/\/mon-taux.com\/blog\/wp-json\/wp\/v2\/posts\/34534","targetHints":{"allow":["GET"]}}],"collection":[{"href":"https:\/\/mon-taux.com\/blog\/wp-json\/wp\/v2\/posts"}],"about":[{"href":"https:\/\/mon-taux.com\/blog\/wp-json\/wp\/v2\/types\/post"}],"author":[{"embeddable":true,"href":"https:\/\/mon-taux.com\/blog\/wp-json\/wp\/v2\/users\/2"}],"replies":[{"embeddable":true,"href":"https:\/\/mon-taux.com\/blog\/wp-json\/wp\/v2\/comments?post=34534"}],"version-history":[{"count":10,"href":"https:\/\/mon-taux.com\/blog\/wp-json\/wp\/v2\/posts\/34534\/revisions"}],"predecessor-version":[{"id":34559,"href":"https:\/\/mon-taux.com\/blog\/wp-json\/wp\/v2\/posts\/34534\/revisions\/34559"}],"wp:featuredmedia":[{"embeddable":true,"href":"https:\/\/mon-taux.com\/blog\/wp-json\/wp\/v2\/media\/34535"}],"wp:attachment":[{"href":"https:\/\/mon-taux.com\/blog\/wp-json\/wp\/v2\/media?parent=34534"}],"wp:term":[{"taxonomy":"category","embeddable":true,"href":"https:\/\/mon-taux.com\/blog\/wp-json\/wp\/v2\/categories?post=34534"},{"taxonomy":"post_tag","embeddable":true,"href":"https:\/\/mon-taux.com\/blog\/wp-json\/wp\/v2\/tags?post=34534"}],"curies":[{"name":"wp","href":"https:\/\/api.w.org\/{rel}","templated":true}]}}