{"id":33046,"date":"2020-06-29T15:43:17","date_gmt":"2020-06-29T13:43:17","guid":{"rendered":"https:\/\/mon-taux-de-change.com\/?p=33046"},"modified":"2020-08-07T10:28:44","modified_gmt":"2020-08-07T08:28:44","slug":"29-06-2020-point-eurchf","status":"publish","type":"post","link":"https:\/\/mon-taux.com\/blog\/2020\/06\/29\/29-06-2020-point-eurchf\/","title":{"rendered":"29\/06\/2020 &#8211; L&#8217;Euro est encore f\u00e9brile face \u00e0 un franc suisse plomb\u00e9 par les taux n\u00e9gatifs"},"content":{"rendered":"<div>Les publications de la semaine pass\u00e9e concernant l&#8217;euro sont rassurantes mais n&#8217;offrent pas encore de certitudes aux investisseurs. De son c\u00f4t\u00e9,&nbsp; le franc Suisse continue de jouer les valeurs refuges, au grand dam des autorit\u00e9s mon\u00e9taires du pays et malgr\u00e9 des taux d&#8217;int\u00e9r\u00eats n\u00e9gatifs.<\/div>\n<div><\/div>\n<h3>EUR<\/h3>\n<p>La semaine derni\u00e8re s\u2019est r\u00e9v\u00e9l\u00e9e \u00eatre en dents de scie pour l\u2019Europe. En effet, la semaine commen\u00e7ait difficilement puisque l\u2019on apprenait que l\u2019Allemagne voyait son taux de contamination de coronavirus repartir \u00e0 la hausse, et de ce fait proc\u00e9der \u00e0 un confinement partiel, en fonction des foyers de contamination.<br \/>\nPar la suite, au cours d\u2019une r\u00e9union entre la commission europ\u00e9enne et la Chine, la pr\u00e9sidente Ursula Von Der Leyen s\u2019\u00e9tait montr\u00e9e intransigeante face au pr\u00e9sident chinois Xi Jinping concernant la lente mise en place des accords commerciaux entre l\u2019Empire du Milieu et les entreprises de l\u2019Union Europ\u00e9enne.<br \/>\nMalgr\u00e9 tout, les tr\u00e8s bons chiffres affich\u00e9s par l\u2019UE, en termes de PMI manufacturiers et services, ont permis de soutenir l\u2019euro face aux autres valeurs.<br \/>\nEn fin de semaine, la France affichait \u00e9galement d\u2019excellents chiffres concernant la confiance des consommateurs pour le mois de Juin. R\u00e9sultat tr\u00e8s important, quand on sait que depuis plusieurs mois maintenant, la crise du coronavirus paralysait la majorit\u00e9 des pays europ\u00e9ens.<br \/>\nLors de son discours de vendredi dernier, la pr\u00e9sidente de la BCE, Christine Lagarde, s\u2019est exprim\u00e9e favorablement en une reprise de l\u2019activit\u00e9 \u00e9conomique europ\u00e9enne dans les prochains mois. En effet, selon elle, le pire de la crise est pass\u00e9e, bien qu\u2019il faille faire preuve de prudence face \u00e0 une potentielle deuxi\u00e8me vague de contamination par le coronavirus. Apr\u00e8s avoir subi une baisse de 6% du PIB europ\u00e9en, la BCE pr\u00e9voit un rebond de 5,2% pour 2021, et 3,3% pour 2022. Christine Lagarde, au cours de son discours, a par ailleurs confirm\u00e9 que la banque centrale continuera son programme de rachat d\u2019obligations pour soutenir l\u2019\u00e9conomie europ\u00e9enne, \u00e0 hauteur de 1 350 milliards d\u2019euros jusqu\u2019en Juin 2021.<br \/>\n<img loading=\"lazy\" decoding=\"async\" class=\"alignnone size-full wp-image-32888\" src=\"https:\/\/mon-taux-de-change.com\/wp-content\/uploads\/2020\/06\/EURCHF-2.png\" alt=\"\" width=\"995\" height=\"492\"><\/p>\n<h3>CHF<\/h3>\n<p>Difficile semaine pour la paire EURCHF. En effet, si cette derni\u00e8re s&#8217;est appr\u00e9ci\u00e9e au cours de la journ\u00e9e de Lundi 22 Juin 2020, la paire \u00e9voluait \u00e0 la hausse, atteignant un pic \u00e0 1.0724, nous avons pu constater un retournement de march\u00e9 \u00e0 partir de Mardi 23 Juin 2020. Et cette chute du taux de change s&#8217;est \u00e9tendue sur toute la semaine pass\u00e9e, pour cl\u00f4turer vendredi soir \u00e0 1.0630.<br \/>\nSymbole de stabilit\u00e9 mon\u00e9taire, le franc suisse jouit encore et toujours de son statut de valeur refuge. En effet, la paire EURCHF reste tiraill\u00e9e entre les tr\u00e8s bonnes annonces \u00e9conomiques globales, et la crise sanitaire qui n&#8217;en finit plus de s&#8217;\u00e9terniser au profit du franc suisse.<br \/>\nDu c\u00f4t\u00e9 \u00e9conomique, c&#8217;est le march\u00e9 de l&#8217;immobilier suisse qui fait parler de lui. Depuis 2015, les taux d&#8217;int\u00e9r\u00eats sont n\u00e9gatifs, permettant aux investisseurs de pouvoir acqu\u00e9rir \u00e0 bas co\u00fbts des biens immobiliers. Pari r\u00e9ussi, puisque depuis pr\u00e8s de 5 ans&nbsp; les capitaux affluent en masse. Les immeubles de rendement ont donc \u00e9t\u00e9 pris d&#8217;assaut par les investisseurs.&nbsp;Par ailleurs, la crise de coronavirus que nous subissons depuis plus de 3 mois, a totalement ralenti le march\u00e9, et de ce fait fait tomber les prix, puisque la demande n&#8217;est plus. Il est donc fort probable que l&#8217;immobilier soit encore pour une p\u00e9riode ind\u00e9termin\u00e9e, l&#8217;investissement le plus attrayant.<\/p>\n<p>Enfin, concernant la pand\u00e9mie, le pays a vu au cours de la semaine son nombre de cas de contamination repartir \u00e0 la hausse et cela inqui\u00e9te l&#8217;Office F\u00e9d\u00e9ral de la Sant\u00e9 Publique. En effet, apr\u00e8s un pic atteint samedi, les autorit\u00e9s suisses ont rappel\u00e9 l&#8217;importance des mesures de protections.<\/p>\n<p style=\"font-weight: 400; text-align: center;\"><strong>L\u2019AGENDA \u00c9CONOMIQUE DE LA SEMAINE<\/strong><\/p>\n<p style=\"text-align: center;\"><strong>Mardi 30 Juin 2020 08h30&nbsp;:&nbsp;<\/strong>Ventes au d\u00e9tail annuelles&nbsp;(CHF)<\/p>\n<p style=\"text-align: center;\"><strong>Mardi 30 Juin 2020 09h00&nbsp; :&nbsp;<\/strong>Indicateur avanc\u00e9 KOF pour le mois de Juin (CHF)<\/p>\n<p style=\"text-align: center;\"><strong>Mardi 30 Juin 2020 11h00&nbsp; :&nbsp;<\/strong>IPC annuel (EUR)<\/p>\n<p style=\"text-align: center;\"><strong>Mercredi 01 Juillet 2020&nbsp;09h30&nbsp;:&nbsp;<\/strong>PMI pour le mois de Juin&nbsp;(CHF)<\/p>\n<p style=\"text-align: center;\"><strong>Mercredi 01 Juillet&nbsp;2020&nbsp;10h00 :&nbsp;<\/strong>PMI manufacturier&nbsp;pour le mois de Juin (EUR)<\/p>\n<p style=\"text-align: center;\"><strong>Jeudi 02 Juillet 2020 08h30 :&nbsp;<\/strong>IPC mensuel pour le mois de Juin (CHF)<\/p>\n<p style=\"text-align: center;\"><strong>Jeudi 02 Juillet 2020 11h00 :&nbsp;<\/strong>Taux de ch\u00f4mage pour le mois de Mai (EUR)<\/p>\n<p style=\"text-align: center;\"><strong>Vendredi 03 Juillet 2020 10h00 :&nbsp;<\/strong>PMI services pour le mois de Juin (EUR)<\/p>\n<p style=\"text-align: center;\"><strong>Vendredi 03 Juillet 2020 21h30 :&nbsp;<\/strong>Positions nettes sp\u00e9culatives sur l&#8217;Euro (EUR)<\/p>\n","protected":false},"excerpt":{"rendered":"<p>Les publications de la semaine pass\u00e9e concernant l&#8217;euro sont rassurantes mais n&#8217;offrent pas encore de certitudes aux investisseurs. De son c\u00f4t\u00e9,&nbsp; le franc Suisse continue de jouer les valeurs refuges, au grand dam des autorit\u00e9s mon\u00e9taires du pays et malgr\u00e9 des taux d&#8217;int\u00e9r\u00eats n\u00e9gatifs. EUR La semaine derni\u00e8re s\u2019est r\u00e9v\u00e9l\u00e9e \u00eatre en dents de scie [&hellip;]<\/p>\n","protected":false},"author":4,"featured_media":33242,"comment_status":"open","ping_status":"closed","sticky":false,"template":"","format":"standard","meta":{"footnotes":""},"categories":[22],"tags":[],"class_list":{"0":"post-33046","1":"post","2":"type-post","3":"status-publish","4":"format-standard","5":"has-post-thumbnail","7":"category-pourquoi-le-franc-suisse-baisse-pourquoi-le-franc-suisse-monte","8":"czr-hentry"},"yoast_head":"<!-- This site is optimized with the Yoast SEO plugin v25.8 - https:\/\/yoast.com\/wordpress\/plugins\/seo\/ -->\n<title>29\/06\/2020 - L&#039;Euro est encore f\u00e9brile face \u00e0 un franc suisse plomb\u00e9 par les taux n\u00e9gatifs - Mon-taux.com - Blog des experts en frontaliers<\/title>\n<meta name=\"robots\" content=\"index, follow, max-snippet:-1, max-image-preview:large, max-video-preview:-1\" \/>\n<link rel=\"canonical\" href=\"https:\/\/mon-taux.com\/blog\/2020\/06\/29\/29-06-2020-point-eurchf\/\" \/>\n<meta property=\"og:locale\" content=\"fr_FR\" \/>\n<meta property=\"og:type\" content=\"article\" \/>\n<meta property=\"og:title\" content=\"29\/06\/2020 - L&#039;Euro est encore f\u00e9brile face \u00e0 un franc suisse plomb\u00e9 par les taux n\u00e9gatifs - Mon-taux.com - Blog des experts en frontaliers\" \/>\n<meta property=\"og:description\" content=\"Les publications de la semaine pass\u00e9e concernant l&#8217;euro sont rassurantes mais n&#8217;offrent pas encore de certitudes aux investisseurs. De son c\u00f4t\u00e9,&nbsp; le franc Suisse continue de jouer les valeurs refuges, au grand dam des autorit\u00e9s mon\u00e9taires du pays et malgr\u00e9 des taux d&#8217;int\u00e9r\u00eats n\u00e9gatifs. EUR La semaine derni\u00e8re s\u2019est r\u00e9v\u00e9l\u00e9e \u00eatre en dents de scie [&hellip;]\" \/>\n<meta property=\"og:url\" content=\"https:\/\/mon-taux.com\/blog\/2020\/06\/29\/29-06-2020-point-eurchf\/\" \/>\n<meta property=\"og:site_name\" content=\"Mon-taux.com - Blog des experts en frontaliers\" \/>\n<meta property=\"article:publisher\" content=\"https:\/\/www.facebook.com\/MonTauxCom.ComparateurFrontalier\" \/>\n<meta property=\"article:published_time\" content=\"2020-06-29T13:43:17+00:00\" \/>\n<meta property=\"article:modified_time\" content=\"2020-08-07T08:28:44+00:00\" \/>\n<meta property=\"og:image\" content=\"https:\/\/mon-taux.com\/blog\/wp-content\/uploads\/2020\/08\/EURCHF-2.png\" \/>\n\t<meta property=\"og:image:width\" content=\"995\" \/>\n\t<meta property=\"og:image:height\" content=\"492\" \/>\n\t<meta property=\"og:image:type\" content=\"image\/png\" \/>\n<meta name=\"author\" content=\"Christophe Change-Priv\u00e9\" \/>\n<meta name=\"twitter:card\" content=\"summary_large_image\" \/>\n<meta name=\"twitter:creator\" content=\"@MonTauxCom\" \/>\n<meta name=\"twitter:site\" content=\"@MonTauxCom\" \/>\n<meta name=\"twitter:label1\" content=\"\u00c9crit par\" \/>\n\t<meta name=\"twitter:data1\" content=\"Christophe Change-Priv\u00e9\" \/>\n\t<meta name=\"twitter:label2\" content=\"Dur\u00e9e de lecture estim\u00e9e\" \/>\n\t<meta name=\"twitter:data2\" content=\"4 minutes\" \/>\n<script type=\"application\/ld+json\" class=\"yoast-schema-graph\">{\"@context\":\"https:\/\/schema.org\",\"@graph\":[{\"@type\":\"Article\",\"@id\":\"https:\/\/mon-taux.com\/blog\/2020\/06\/29\/29-06-2020-point-eurchf\/#article\",\"isPartOf\":{\"@id\":\"https:\/\/mon-taux.com\/blog\/2020\/06\/29\/29-06-2020-point-eurchf\/\"},\"author\":{\"name\":\"Christophe Change-Priv\u00e9\",\"@id\":\"https:\/\/mon-taux.com\/blog\/#\/schema\/person\/cb4fec805169c3bf98a4b8f828b932a0\"},\"headline\":\"29\/06\/2020 &#8211; L&#8217;Euro est encore f\u00e9brile face \u00e0 un franc suisse plomb\u00e9 par les taux n\u00e9gatifs\",\"datePublished\":\"2020-06-29T13:43:17+00:00\",\"dateModified\":\"2020-08-07T08:28:44+00:00\",\"mainEntityOfPage\":{\"@id\":\"https:\/\/mon-taux.com\/blog\/2020\/06\/29\/29-06-2020-point-eurchf\/\"},\"wordCount\":800,\"commentCount\":0,\"publisher\":{\"@id\":\"https:\/\/mon-taux.com\/blog\/#organization\"},\"image\":{\"@id\":\"https:\/\/mon-taux.com\/blog\/2020\/06\/29\/29-06-2020-point-eurchf\/#primaryimage\"},\"thumbnailUrl\":\"https:\/\/mon-taux.com\/blog\/wp-content\/uploads\/2020\/08\/EURCHF-2.png\",\"articleSection\":[\"Pourquoi le franc suisse baisse ? Pourquoi le franc suisse monte ?\"],\"inLanguage\":\"fr-FR\",\"potentialAction\":[{\"@type\":\"CommentAction\",\"name\":\"Comment\",\"target\":[\"https:\/\/mon-taux.com\/blog\/2020\/06\/29\/29-06-2020-point-eurchf\/#respond\"]}]},{\"@type\":\"WebPage\",\"@id\":\"https:\/\/mon-taux.com\/blog\/2020\/06\/29\/29-06-2020-point-eurchf\/\",\"url\":\"https:\/\/mon-taux.com\/blog\/2020\/06\/29\/29-06-2020-point-eurchf\/\",\"name\":\"29\/06\/2020 - L'Euro est encore f\u00e9brile face \u00e0 un franc suisse plomb\u00e9 par les taux n\u00e9gatifs - Mon-taux.com - Blog des experts en frontaliers\",\"isPartOf\":{\"@id\":\"https:\/\/mon-taux.com\/blog\/#website\"},\"primaryImageOfPage\":{\"@id\":\"https:\/\/mon-taux.com\/blog\/2020\/06\/29\/29-06-2020-point-eurchf\/#primaryimage\"},\"image\":{\"@id\":\"https:\/\/mon-taux.com\/blog\/2020\/06\/29\/29-06-2020-point-eurchf\/#primaryimage\"},\"thumbnailUrl\":\"https:\/\/mon-taux.com\/blog\/wp-content\/uploads\/2020\/08\/EURCHF-2.png\",\"datePublished\":\"2020-06-29T13:43:17+00:00\",\"dateModified\":\"2020-08-07T08:28:44+00:00\",\"breadcrumb\":{\"@id\":\"https:\/\/mon-taux.com\/blog\/2020\/06\/29\/29-06-2020-point-eurchf\/#breadcrumb\"},\"inLanguage\":\"fr-FR\",\"potentialAction\":[{\"@type\":\"ReadAction\",\"target\":[\"https:\/\/mon-taux.com\/blog\/2020\/06\/29\/29-06-2020-point-eurchf\/\"]}]},{\"@type\":\"ImageObject\",\"inLanguage\":\"fr-FR\",\"@id\":\"https:\/\/mon-taux.com\/blog\/2020\/06\/29\/29-06-2020-point-eurchf\/#primaryimage\",\"url\":\"https:\/\/mon-taux.com\/blog\/wp-content\/uploads\/2020\/08\/EURCHF-2.png\",\"contentUrl\":\"https:\/\/mon-taux.com\/blog\/wp-content\/uploads\/2020\/08\/EURCHF-2.png\",\"width\":995,\"height\":492},{\"@type\":\"BreadcrumbList\",\"@id\":\"https:\/\/mon-taux.com\/blog\/2020\/06\/29\/29-06-2020-point-eurchf\/#breadcrumb\",\"itemListElement\":[{\"@type\":\"ListItem\",\"position\":1,\"name\":\"Accueil\",\"item\":\"https:\/\/mon-taux.com\/blog\/\"},{\"@type\":\"ListItem\",\"position\":2,\"name\":\"29\/06\/2020 &#8211; L&#8217;Euro est encore f\u00e9brile face \u00e0 un franc suisse plomb\u00e9 par les taux n\u00e9gatifs\"}]},{\"@type\":\"WebSite\",\"@id\":\"https:\/\/mon-taux.com\/blog\/#website\",\"url\":\"https:\/\/mon-taux.com\/blog\/\",\"name\":\"Mon-taux.com - Blog des experts en frontaliers\",\"description\":\"\",\"publisher\":{\"@id\":\"https:\/\/mon-taux.com\/blog\/#organization\"},\"potentialAction\":[{\"@type\":\"SearchAction\",\"target\":{\"@type\":\"EntryPoint\",\"urlTemplate\":\"https:\/\/mon-taux.com\/blog\/?s={search_term_string}\"},\"query-input\":{\"@type\":\"PropertyValueSpecification\",\"valueRequired\":true,\"valueName\":\"search_term_string\"}}],\"inLanguage\":\"fr-FR\"},{\"@type\":\"Organization\",\"@id\":\"https:\/\/mon-taux.com\/blog\/#organization\",\"name\":\"Mon-taux.com\",\"url\":\"https:\/\/mon-taux.com\/blog\/\",\"logo\":{\"@type\":\"ImageObject\",\"inLanguage\":\"fr-FR\",\"@id\":\"https:\/\/mon-taux.com\/blog\/#\/schema\/logo\/image\/\",\"url\":\"https:\/\/mon-taux.com\/blog\/wp-content\/uploads\/2020\/08\/montaux-new-logo-e1596462820847.png\",\"contentUrl\":\"https:\/\/mon-taux.com\/blog\/wp-content\/uploads\/2020\/08\/montaux-new-logo-e1596462820847.png\",\"width\":300,\"height\":172,\"caption\":\"Mon-taux.com\"},\"image\":{\"@id\":\"https:\/\/mon-taux.com\/blog\/#\/schema\/logo\/image\/\"},\"sameAs\":[\"https:\/\/www.facebook.com\/MonTauxCom.ComparateurFrontalier\",\"https:\/\/x.com\/MonTauxCom\",\"https:\/\/www.youtube.com\/channel\/UCyft978dCKAgV8DglhSW6gg\"]},{\"@type\":\"Person\",\"@id\":\"https:\/\/mon-taux.com\/blog\/#\/schema\/person\/cb4fec805169c3bf98a4b8f828b932a0\",\"name\":\"Christophe Change-Priv\u00e9\",\"image\":{\"@type\":\"ImageObject\",\"inLanguage\":\"fr-FR\",\"@id\":\"https:\/\/mon-taux.com\/blog\/#\/schema\/person\/image\/\",\"url\":\"https:\/\/mon-taux.com\/blog\/wp-content\/uploads\/2020\/08\/christophe-150x150.jpg\",\"contentUrl\":\"https:\/\/mon-taux.com\/blog\/wp-content\/uploads\/2020\/08\/christophe-150x150.jpg\",\"caption\":\"Christophe Change-Priv\u00e9\"},\"description\":\"Apr\u00e8s une formation dans l'univers de l'informatique, je suis entr\u00e9 dans l'univers pour y gravir tout les \u00e9chelons. J'ai \u00e9t\u00e9 conseiller pro puis responsable d'agence au Cr\u00e9dit Agricole des Savoie. J'ai eu l'opportunit\u00e9 de franchir la fronti\u00e8re pour int\u00e9grer UBS ou j'ai exerc\u00e9 le m\u00e9tier de conseiller hypoth\u00e9caire avant d'int\u00e9grer la Banque Conatonale de Gen\u00e8ve ( BCGE) ou j'ai \u00e9t\u00e9 Chef d'agence, puis responsable du d\u00e9partement Financement des PME, cr\u00e9dit personnel et leasing. En qualit\u00e9 de membre de direction, je repr\u00e9sentais la division Grand Public au sein Comit\u00e9 des Cr\u00e9dit de la banque. En 2010, j'ai franchi le cap pou cr\u00e9er Mon-taux.com.\",\"sameAs\":[\"https:\/\/mon-taux.com\/experts-frontaliers\/change-prive\/\"],\"url\":\"https:\/\/mon-taux.com\/blog\/author\/christophemon-taux-com\/\"}]}<\/script>\n<!-- \/ Yoast SEO plugin. -->","yoast_head_json":{"title":"29\/06\/2020 - L'Euro est encore f\u00e9brile face \u00e0 un franc suisse plomb\u00e9 par les taux n\u00e9gatifs - Mon-taux.com - Blog des experts en frontaliers","robots":{"index":"index","follow":"follow","max-snippet":"max-snippet:-1","max-image-preview":"max-image-preview:large","max-video-preview":"max-video-preview:-1"},"canonical":"https:\/\/mon-taux.com\/blog\/2020\/06\/29\/29-06-2020-point-eurchf\/","og_locale":"fr_FR","og_type":"article","og_title":"29\/06\/2020 - L'Euro est encore f\u00e9brile face \u00e0 un franc suisse plomb\u00e9 par les taux n\u00e9gatifs - Mon-taux.com - Blog des experts en frontaliers","og_description":"Les publications de la semaine pass\u00e9e concernant l&#8217;euro sont rassurantes mais n&#8217;offrent pas encore de certitudes aux investisseurs. De son c\u00f4t\u00e9,&nbsp; le franc Suisse continue de jouer les valeurs refuges, au grand dam des autorit\u00e9s mon\u00e9taires du pays et malgr\u00e9 des taux d&#8217;int\u00e9r\u00eats n\u00e9gatifs. EUR La semaine derni\u00e8re s\u2019est r\u00e9v\u00e9l\u00e9e \u00eatre en dents de scie [&hellip;]","og_url":"https:\/\/mon-taux.com\/blog\/2020\/06\/29\/29-06-2020-point-eurchf\/","og_site_name":"Mon-taux.com - Blog des experts en frontaliers","article_publisher":"https:\/\/www.facebook.com\/MonTauxCom.ComparateurFrontalier","article_published_time":"2020-06-29T13:43:17+00:00","article_modified_time":"2020-08-07T08:28:44+00:00","og_image":[{"width":995,"height":492,"url":"https:\/\/mon-taux.com\/blog\/wp-content\/uploads\/2020\/08\/EURCHF-2.png","type":"image\/png"}],"author":"Christophe Change-Priv\u00e9","twitter_card":"summary_large_image","twitter_creator":"@MonTauxCom","twitter_site":"@MonTauxCom","twitter_misc":{"\u00c9crit par":"Christophe Change-Priv\u00e9","Dur\u00e9e de lecture estim\u00e9e":"4 minutes"},"schema":{"@context":"https:\/\/schema.org","@graph":[{"@type":"Article","@id":"https:\/\/mon-taux.com\/blog\/2020\/06\/29\/29-06-2020-point-eurchf\/#article","isPartOf":{"@id":"https:\/\/mon-taux.com\/blog\/2020\/06\/29\/29-06-2020-point-eurchf\/"},"author":{"name":"Christophe Change-Priv\u00e9","@id":"https:\/\/mon-taux.com\/blog\/#\/schema\/person\/cb4fec805169c3bf98a4b8f828b932a0"},"headline":"29\/06\/2020 &#8211; L&#8217;Euro est encore f\u00e9brile face \u00e0 un franc suisse plomb\u00e9 par les taux n\u00e9gatifs","datePublished":"2020-06-29T13:43:17+00:00","dateModified":"2020-08-07T08:28:44+00:00","mainEntityOfPage":{"@id":"https:\/\/mon-taux.com\/blog\/2020\/06\/29\/29-06-2020-point-eurchf\/"},"wordCount":800,"commentCount":0,"publisher":{"@id":"https:\/\/mon-taux.com\/blog\/#organization"},"image":{"@id":"https:\/\/mon-taux.com\/blog\/2020\/06\/29\/29-06-2020-point-eurchf\/#primaryimage"},"thumbnailUrl":"https:\/\/mon-taux.com\/blog\/wp-content\/uploads\/2020\/08\/EURCHF-2.png","articleSection":["Pourquoi le franc suisse baisse ? Pourquoi le franc suisse monte ?"],"inLanguage":"fr-FR","potentialAction":[{"@type":"CommentAction","name":"Comment","target":["https:\/\/mon-taux.com\/blog\/2020\/06\/29\/29-06-2020-point-eurchf\/#respond"]}]},{"@type":"WebPage","@id":"https:\/\/mon-taux.com\/blog\/2020\/06\/29\/29-06-2020-point-eurchf\/","url":"https:\/\/mon-taux.com\/blog\/2020\/06\/29\/29-06-2020-point-eurchf\/","name":"29\/06\/2020 - L'Euro est encore f\u00e9brile face \u00e0 un franc suisse plomb\u00e9 par les taux n\u00e9gatifs - Mon-taux.com - Blog des experts en frontaliers","isPartOf":{"@id":"https:\/\/mon-taux.com\/blog\/#website"},"primaryImageOfPage":{"@id":"https:\/\/mon-taux.com\/blog\/2020\/06\/29\/29-06-2020-point-eurchf\/#primaryimage"},"image":{"@id":"https:\/\/mon-taux.com\/blog\/2020\/06\/29\/29-06-2020-point-eurchf\/#primaryimage"},"thumbnailUrl":"https:\/\/mon-taux.com\/blog\/wp-content\/uploads\/2020\/08\/EURCHF-2.png","datePublished":"2020-06-29T13:43:17+00:00","dateModified":"2020-08-07T08:28:44+00:00","breadcrumb":{"@id":"https:\/\/mon-taux.com\/blog\/2020\/06\/29\/29-06-2020-point-eurchf\/#breadcrumb"},"inLanguage":"fr-FR","potentialAction":[{"@type":"ReadAction","target":["https:\/\/mon-taux.com\/blog\/2020\/06\/29\/29-06-2020-point-eurchf\/"]}]},{"@type":"ImageObject","inLanguage":"fr-FR","@id":"https:\/\/mon-taux.com\/blog\/2020\/06\/29\/29-06-2020-point-eurchf\/#primaryimage","url":"https:\/\/mon-taux.com\/blog\/wp-content\/uploads\/2020\/08\/EURCHF-2.png","contentUrl":"https:\/\/mon-taux.com\/blog\/wp-content\/uploads\/2020\/08\/EURCHF-2.png","width":995,"height":492},{"@type":"BreadcrumbList","@id":"https:\/\/mon-taux.com\/blog\/2020\/06\/29\/29-06-2020-point-eurchf\/#breadcrumb","itemListElement":[{"@type":"ListItem","position":1,"name":"Accueil","item":"https:\/\/mon-taux.com\/blog\/"},{"@type":"ListItem","position":2,"name":"29\/06\/2020 &#8211; L&#8217;Euro est encore f\u00e9brile face \u00e0 un franc suisse plomb\u00e9 par les taux n\u00e9gatifs"}]},{"@type":"WebSite","@id":"https:\/\/mon-taux.com\/blog\/#website","url":"https:\/\/mon-taux.com\/blog\/","name":"Mon-taux.com - Blog des experts en frontaliers","description":"","publisher":{"@id":"https:\/\/mon-taux.com\/blog\/#organization"},"potentialAction":[{"@type":"SearchAction","target":{"@type":"EntryPoint","urlTemplate":"https:\/\/mon-taux.com\/blog\/?s={search_term_string}"},"query-input":{"@type":"PropertyValueSpecification","valueRequired":true,"valueName":"search_term_string"}}],"inLanguage":"fr-FR"},{"@type":"Organization","@id":"https:\/\/mon-taux.com\/blog\/#organization","name":"Mon-taux.com","url":"https:\/\/mon-taux.com\/blog\/","logo":{"@type":"ImageObject","inLanguage":"fr-FR","@id":"https:\/\/mon-taux.com\/blog\/#\/schema\/logo\/image\/","url":"https:\/\/mon-taux.com\/blog\/wp-content\/uploads\/2020\/08\/montaux-new-logo-e1596462820847.png","contentUrl":"https:\/\/mon-taux.com\/blog\/wp-content\/uploads\/2020\/08\/montaux-new-logo-e1596462820847.png","width":300,"height":172,"caption":"Mon-taux.com"},"image":{"@id":"https:\/\/mon-taux.com\/blog\/#\/schema\/logo\/image\/"},"sameAs":["https:\/\/www.facebook.com\/MonTauxCom.ComparateurFrontalier","https:\/\/x.com\/MonTauxCom","https:\/\/www.youtube.com\/channel\/UCyft978dCKAgV8DglhSW6gg"]},{"@type":"Person","@id":"https:\/\/mon-taux.com\/blog\/#\/schema\/person\/cb4fec805169c3bf98a4b8f828b932a0","name":"Christophe Change-Priv\u00e9","image":{"@type":"ImageObject","inLanguage":"fr-FR","@id":"https:\/\/mon-taux.com\/blog\/#\/schema\/person\/image\/","url":"https:\/\/mon-taux.com\/blog\/wp-content\/uploads\/2020\/08\/christophe-150x150.jpg","contentUrl":"https:\/\/mon-taux.com\/blog\/wp-content\/uploads\/2020\/08\/christophe-150x150.jpg","caption":"Christophe Change-Priv\u00e9"},"description":"Apr\u00e8s une formation dans l'univers de l'informatique, je suis entr\u00e9 dans l'univers pour y gravir tout les \u00e9chelons. J'ai \u00e9t\u00e9 conseiller pro puis responsable d'agence au Cr\u00e9dit Agricole des Savoie. J'ai eu l'opportunit\u00e9 de franchir la fronti\u00e8re pour int\u00e9grer UBS ou j'ai exerc\u00e9 le m\u00e9tier de conseiller hypoth\u00e9caire avant d'int\u00e9grer la Banque Conatonale de Gen\u00e8ve ( BCGE) ou j'ai \u00e9t\u00e9 Chef d'agence, puis responsable du d\u00e9partement Financement des PME, cr\u00e9dit personnel et leasing. En qualit\u00e9 de membre de direction, je repr\u00e9sentais la division Grand Public au sein Comit\u00e9 des Cr\u00e9dit de la banque. En 2010, j'ai franchi le cap pou cr\u00e9er Mon-taux.com.","sameAs":["https:\/\/mon-taux.com\/experts-frontaliers\/change-prive\/"],"url":"https:\/\/mon-taux.com\/blog\/author\/christophemon-taux-com\/"}]}},"_links":{"self":[{"href":"https:\/\/mon-taux.com\/blog\/wp-json\/wp\/v2\/posts\/33046","targetHints":{"allow":["GET"]}}],"collection":[{"href":"https:\/\/mon-taux.com\/blog\/wp-json\/wp\/v2\/posts"}],"about":[{"href":"https:\/\/mon-taux.com\/blog\/wp-json\/wp\/v2\/types\/post"}],"author":[{"embeddable":true,"href":"https:\/\/mon-taux.com\/blog\/wp-json\/wp\/v2\/users\/4"}],"replies":[{"embeddable":true,"href":"https:\/\/mon-taux.com\/blog\/wp-json\/wp\/v2\/comments?post=33046"}],"version-history":[{"count":6,"href":"https:\/\/mon-taux.com\/blog\/wp-json\/wp\/v2\/posts\/33046\/revisions"}],"predecessor-version":[{"id":33388,"href":"https:\/\/mon-taux.com\/blog\/wp-json\/wp\/v2\/posts\/33046\/revisions\/33388"}],"wp:featuredmedia":[{"embeddable":true,"href":"https:\/\/mon-taux.com\/blog\/wp-json\/wp\/v2\/media\/33242"}],"wp:attachment":[{"href":"https:\/\/mon-taux.com\/blog\/wp-json\/wp\/v2\/media?parent=33046"}],"wp:term":[{"taxonomy":"category","embeddable":true,"href":"https:\/\/mon-taux.com\/blog\/wp-json\/wp\/v2\/categories?post=33046"},{"taxonomy":"post_tag","embeddable":true,"href":"https:\/\/mon-taux.com\/blog\/wp-json\/wp\/v2\/tags?post=33046"}],"curies":[{"name":"wp","href":"https:\/\/api.w.org\/{rel}","templated":true}]}}