{"id":32956,"date":"2020-06-23T09:15:46","date_gmt":"2020-06-23T07:15:46","guid":{"rendered":"https:\/\/mon-taux-de-change.com\/?p=32956"},"modified":"2020-08-10T09:23:07","modified_gmt":"2020-08-10T07:23:07","slug":"23-06-2020-leuro-va-t-il-reussir-a-regagner-du-terrain-face-au-franc-suisse","status":"publish","type":"post","link":"https:\/\/mon-taux.com\/blog\/2020\/06\/23\/23-06-2020-leuro-va-t-il-reussir-a-regagner-du-terrain-face-au-franc-suisse\/","title":{"rendered":"23\/06\/2020 &#8211; L\u2019euro va-t-il r\u00e9ussir \u00e0 regagner du terrain face au franc suisse ?"},"content":{"rendered":"<p>Apr\u00e8s avoir pass\u00e9 le 1,09 franc suisse pour 1 euro d\u00e9but juin, la monnaie unique reprend un peu de vitalit\u00e9 par rapport au franc depuis la fin de semaine pass\u00e9e. Tendance durable ou \u00e9ph\u00e9m\u00e8re ?<\/p>\n<h3><img loading=\"lazy\" decoding=\"async\" class=\"alignleft wp-image-32958 size-large\" src=\"https:\/\/mon-taux-de-change.com\/wp-content\/uploads\/2020\/06\/corona-4959447_1280-1024x682.jpg\" alt=\"\" width=\"843\" height=\"561\">EUR<\/h3>\n<p>Le d\u00e9but de semaine derni\u00e8re marquait la r\u00e9ouverture de la plupart des fronti\u00e8res intra-europ\u00e9ennes tandis que le d\u00e9confinement s\u2019acc\u00e9l\u00e9rait en m\u00eame temps que la chute de l\u2019EUR face au CHF tout au long de la semaine.<br \/>\nLa course contre la montre pour le vaccin contre le Coronavirus a notamment commenc\u00e9 \u00e0 porter ses fruits mais n\u2019a&nbsp;pas r\u00e9ussi \u00e0 sauver l\u2019euro. En effet, L&#8217;Allemagne, la France, l&#8217;Italie et les Pays-Bas annon\u00e7aient&nbsp;avoir sign\u00e9 un contrat avec AstraZeneca portant sur la fourniture de 400 millions de doses du vaccin&nbsp;contre le COVID-19&nbsp;qu&#8217;elle d\u00e9veloppe actuellement&nbsp;en collaboration avec l&#8217;universit\u00e9 d&#8217;Oxford. L&#8217;exp\u00e9rimentation est en phase avanc\u00e9e et une premi\u00e8re tranche sera disponible d&#8217;ici la fin d&#8217;ann\u00e9e. \u00c9galement, l&#8217;entreprise biopharmaceutique allemande&nbsp;CureVac recevait l&#8217;aval du gouvernement pour lancer la phase d&#8217;essais cliniques pour un vaccin exp\u00e9rimental. En France, Emmanuel Macron \u00e9tait lui&nbsp;mercredi en visite chez Sanofi o\u00f9 il annon\u00e7ait un accord pour le d\u00e9blocage de 200 millions d&#8217;euros afin de &#8220;financer des infrastructures&nbsp;de production et de la recherche et d\u00e9veloppement&#8221;.<br \/>\nCette semaine, il s&#8217;agira&nbsp;de surveiller le sujet qui terrorise les bourses&nbsp;en ce moment: la deuxi\u00e8me vague de Coronavirus, qui pourrait m\u00eame d\u00e9j\u00e0 exister&nbsp;d&#8217;apr\u00e8s certaines statistiques. En effet,&nbsp;des chiffres inqui\u00e9tants continuent d&#8217;entretenir&nbsp;un sentiment d&#8217;aversion au risque sur les march\u00e9s, d\u00e9favorable \u00e0 l&#8217;euro &#8230; et favorable au franc !&nbsp;On apprenait par exemple qu&#8217;en Allemagne le taux de reproduction du virus d\u00e9passait les 2.88 dimanche, contre 1.79 samedi, alors que celui-ci doit \u00eatre maintenu sous 1 pour que l&#8217;\u00e9pid\u00e9mie soit consid\u00e9r\u00e9e comme contenue. Un reconfinement est donc plus que jamais d&#8217;actualit\u00e9.<\/p>\n<h2>CHF<\/h2>\n<p>Lundi dernier, l\u2019indice des prix \u00e0 la production est sorti meilleur que pr\u00e9vu, ce qui a par la suite marqu\u00e9 la remont\u00e9e du franc suisse face \u00e0 l\u2019euro.<br \/>\nJeudi,&nbsp;la Banque Nationale Suisse&nbsp;d\u00e9cidait de maintenir son taux n\u00e9gatif \u00e0 -0.75%, mais a nettement r\u00e9duit ses pr\u00e9visions d&#8217;inflation face \u00e0 la forte r\u00e9cession attendue en 2020.&nbsp;Cette derni\u00e8re s&#8217;attend d\u00e9sormais \u00e0 un recul des prix de 0.7% en 2020 (contre -0.3% attendu pr\u00e9c\u00e9demment). Les prix devraient \u00e9galement chuter&nbsp;de 0.2% en 2021 (contre +0.3% auparavant).<\/p>\n<p style=\"font-weight: 400; text-align: center;\"><strong>L\u2019AGENDA \u00c9CONOMIQUE DE LA SEMAINE<\/strong><\/p>\n<p style=\"text-align: center;\"><strong>Lundi 22 juin &#8211; 16h15 :&nbsp;<\/strong>Discours de De Guindos (BCE) (EUR)<\/p>\n<p style=\"text-align: center;\"><strong>Mardi 23 Juin \u2013 10h00&nbsp;:<\/strong>&nbsp;PMI manufacturier et services (EUR)<\/p>\n<p style=\"text-align: center;\"><strong>Jeudi 25 Juin \u2013 14h30&nbsp;:<\/strong>&nbsp;Discours de Schnabel (BCE) (EUR)<\/p>\n<p style=\"text-align: center;\"><strong>Jeudi 25 Juin \u2013 15h30&nbsp;:<\/strong>&nbsp;Discours de Mersch (BCE) (EUR)<\/p>\n<p dir=\"ltr\" style=\"text-align: center;\"><a title=\"inscription newsletter\" href=\"https:\/\/mon-taux-de-change.com\/inscription-newsletter\/\" target=\"_blank\" rel=\"noopener noreferrer\">Je souhaite recevoir des informations sur Change Frontalier,<\/a><\/p>\n<p dir=\"ltr\"><a href=\"https:\/\/mon-taux-de-change.com\/inscription-newsletter\/\" target=\"_blank\" rel=\"noopener noreferrer\"><img loading=\"lazy\" decoding=\"async\" class=\"aligncenter\" title=\"newsletters-coins-eur-chf-change\" src=\"http:\/\/www.mon-taux.com\/site\/wp-content\/uploads\/2020\/05\/newsletters-coins-eur-chf-change-229x300.png\" alt=\"\" width=\"229\" height=\"300\"><\/a><\/p>\n","protected":false},"excerpt":{"rendered":"<p>Apr\u00e8s avoir pass\u00e9 le 1,09 franc suisse pour 1 euro d\u00e9but juin, la monnaie unique reprend un peu de vitalit\u00e9 par rapport au franc depuis la fin de semaine pass\u00e9e. Tendance durable ou \u00e9ph\u00e9m\u00e8re ? EUR Le d\u00e9but de semaine derni\u00e8re marquait la r\u00e9ouverture de la plupart des fronti\u00e8res intra-europ\u00e9ennes tandis que le d\u00e9confinement s\u2019acc\u00e9l\u00e9rait [&hellip;]<\/p>\n","protected":false},"author":4,"featured_media":33244,"comment_status":"open","ping_status":"closed","sticky":false,"template":"","format":"standard","meta":{"footnotes":""},"categories":[22],"tags":[],"class_list":{"0":"post-32956","1":"post","2":"type-post","3":"status-publish","4":"format-standard","5":"has-post-thumbnail","7":"category-pourquoi-le-franc-suisse-baisse-pourquoi-le-franc-suisse-monte","8":"czr-hentry"},"yoast_head":"<!-- This site is optimized with the Yoast SEO plugin v25.8 - https:\/\/yoast.com\/wordpress\/plugins\/seo\/ -->\n<title>23\/06\/2020 - L\u2019euro va-t-il r\u00e9ussir \u00e0 regagner du terrain face au franc suisse ? - Mon-taux.com - Blog des experts en frontaliers<\/title>\n<meta name=\"robots\" content=\"index, follow, max-snippet:-1, max-image-preview:large, max-video-preview:-1\" \/>\n<link rel=\"canonical\" href=\"https:\/\/mon-taux.com\/blog\/2020\/06\/23\/23-06-2020-leuro-va-t-il-reussir-a-regagner-du-terrain-face-au-franc-suisse\/\" \/>\n<meta property=\"og:locale\" content=\"fr_FR\" \/>\n<meta property=\"og:type\" content=\"article\" \/>\n<meta property=\"og:title\" content=\"23\/06\/2020 - L\u2019euro va-t-il r\u00e9ussir \u00e0 regagner du terrain face au franc suisse ? - Mon-taux.com - Blog des experts en frontaliers\" \/>\n<meta property=\"og:description\" content=\"Apr\u00e8s avoir pass\u00e9 le 1,09 franc suisse pour 1 euro d\u00e9but juin, la monnaie unique reprend un peu de vitalit\u00e9 par rapport au franc depuis la fin de semaine pass\u00e9e. Tendance durable ou \u00e9ph\u00e9m\u00e8re ? EUR Le d\u00e9but de semaine derni\u00e8re marquait la r\u00e9ouverture de la plupart des fronti\u00e8res intra-europ\u00e9ennes tandis que le d\u00e9confinement s\u2019acc\u00e9l\u00e9rait [&hellip;]\" \/>\n<meta property=\"og:url\" content=\"https:\/\/mon-taux.com\/blog\/2020\/06\/23\/23-06-2020-leuro-va-t-il-reussir-a-regagner-du-terrain-face-au-franc-suisse\/\" \/>\n<meta property=\"og:site_name\" content=\"Mon-taux.com - Blog des experts en frontaliers\" \/>\n<meta property=\"article:publisher\" content=\"https:\/\/www.facebook.com\/MonTauxCom.ComparateurFrontalier\" \/>\n<meta property=\"article:published_time\" content=\"2020-06-23T07:15:46+00:00\" \/>\n<meta property=\"article:modified_time\" content=\"2020-08-10T07:23:07+00:00\" \/>\n<meta property=\"og:image\" content=\"https:\/\/mon-taux.com\/blog\/wp-content\/uploads\/2020\/08\/corona-4959447_1280-1024x682-1.jpg\" \/>\n\t<meta property=\"og:image:width\" content=\"1024\" \/>\n\t<meta property=\"og:image:height\" content=\"682\" \/>\n\t<meta property=\"og:image:type\" content=\"image\/jpeg\" \/>\n<meta name=\"author\" content=\"Christophe Change-Priv\u00e9\" \/>\n<meta name=\"twitter:card\" content=\"summary_large_image\" \/>\n<meta name=\"twitter:creator\" content=\"@MonTauxCom\" \/>\n<meta name=\"twitter:site\" content=\"@MonTauxCom\" \/>\n<meta name=\"twitter:label1\" content=\"\u00c9crit par\" \/>\n\t<meta name=\"twitter:data1\" content=\"Christophe Change-Priv\u00e9\" \/>\n\t<meta name=\"twitter:label2\" content=\"Dur\u00e9e de lecture estim\u00e9e\" \/>\n\t<meta name=\"twitter:data2\" content=\"2 minutes\" \/>\n<script type=\"application\/ld+json\" class=\"yoast-schema-graph\">{\"@context\":\"https:\/\/schema.org\",\"@graph\":[{\"@type\":\"Article\",\"@id\":\"https:\/\/mon-taux.com\/blog\/2020\/06\/23\/23-06-2020-leuro-va-t-il-reussir-a-regagner-du-terrain-face-au-franc-suisse\/#article\",\"isPartOf\":{\"@id\":\"https:\/\/mon-taux.com\/blog\/2020\/06\/23\/23-06-2020-leuro-va-t-il-reussir-a-regagner-du-terrain-face-au-franc-suisse\/\"},\"author\":{\"name\":\"Christophe Change-Priv\u00e9\",\"@id\":\"https:\/\/mon-taux.com\/blog\/#\/schema\/person\/cb4fec805169c3bf98a4b8f828b932a0\"},\"headline\":\"23\/06\/2020 &#8211; L\u2019euro va-t-il r\u00e9ussir \u00e0 regagner du terrain face au franc suisse ?\",\"datePublished\":\"2020-06-23T07:15:46+00:00\",\"dateModified\":\"2020-08-10T07:23:07+00:00\",\"mainEntityOfPage\":{\"@id\":\"https:\/\/mon-taux.com\/blog\/2020\/06\/23\/23-06-2020-leuro-va-t-il-reussir-a-regagner-du-terrain-face-au-franc-suisse\/\"},\"wordCount\":522,\"commentCount\":0,\"publisher\":{\"@id\":\"https:\/\/mon-taux.com\/blog\/#organization\"},\"image\":{\"@id\":\"https:\/\/mon-taux.com\/blog\/2020\/06\/23\/23-06-2020-leuro-va-t-il-reussir-a-regagner-du-terrain-face-au-franc-suisse\/#primaryimage\"},\"thumbnailUrl\":\"https:\/\/mon-taux.com\/blog\/wp-content\/uploads\/2020\/08\/corona-4959447_1280-1024x682-1.jpg\",\"articleSection\":[\"Pourquoi le franc suisse baisse ? Pourquoi le franc suisse monte ?\"],\"inLanguage\":\"fr-FR\",\"potentialAction\":[{\"@type\":\"CommentAction\",\"name\":\"Comment\",\"target\":[\"https:\/\/mon-taux.com\/blog\/2020\/06\/23\/23-06-2020-leuro-va-t-il-reussir-a-regagner-du-terrain-face-au-franc-suisse\/#respond\"]}]},{\"@type\":\"WebPage\",\"@id\":\"https:\/\/mon-taux.com\/blog\/2020\/06\/23\/23-06-2020-leuro-va-t-il-reussir-a-regagner-du-terrain-face-au-franc-suisse\/\",\"url\":\"https:\/\/mon-taux.com\/blog\/2020\/06\/23\/23-06-2020-leuro-va-t-il-reussir-a-regagner-du-terrain-face-au-franc-suisse\/\",\"name\":\"23\/06\/2020 - L\u2019euro va-t-il r\u00e9ussir \u00e0 regagner du terrain face au franc suisse ? - Mon-taux.com - Blog des experts en frontaliers\",\"isPartOf\":{\"@id\":\"https:\/\/mon-taux.com\/blog\/#website\"},\"primaryImageOfPage\":{\"@id\":\"https:\/\/mon-taux.com\/blog\/2020\/06\/23\/23-06-2020-leuro-va-t-il-reussir-a-regagner-du-terrain-face-au-franc-suisse\/#primaryimage\"},\"image\":{\"@id\":\"https:\/\/mon-taux.com\/blog\/2020\/06\/23\/23-06-2020-leuro-va-t-il-reussir-a-regagner-du-terrain-face-au-franc-suisse\/#primaryimage\"},\"thumbnailUrl\":\"https:\/\/mon-taux.com\/blog\/wp-content\/uploads\/2020\/08\/corona-4959447_1280-1024x682-1.jpg\",\"datePublished\":\"2020-06-23T07:15:46+00:00\",\"dateModified\":\"2020-08-10T07:23:07+00:00\",\"breadcrumb\":{\"@id\":\"https:\/\/mon-taux.com\/blog\/2020\/06\/23\/23-06-2020-leuro-va-t-il-reussir-a-regagner-du-terrain-face-au-franc-suisse\/#breadcrumb\"},\"inLanguage\":\"fr-FR\",\"potentialAction\":[{\"@type\":\"ReadAction\",\"target\":[\"https:\/\/mon-taux.com\/blog\/2020\/06\/23\/23-06-2020-leuro-va-t-il-reussir-a-regagner-du-terrain-face-au-franc-suisse\/\"]}]},{\"@type\":\"ImageObject\",\"inLanguage\":\"fr-FR\",\"@id\":\"https:\/\/mon-taux.com\/blog\/2020\/06\/23\/23-06-2020-leuro-va-t-il-reussir-a-regagner-du-terrain-face-au-franc-suisse\/#primaryimage\",\"url\":\"https:\/\/mon-taux.com\/blog\/wp-content\/uploads\/2020\/08\/corona-4959447_1280-1024x682-1.jpg\",\"contentUrl\":\"https:\/\/mon-taux.com\/blog\/wp-content\/uploads\/2020\/08\/corona-4959447_1280-1024x682-1.jpg\",\"width\":1024,\"height\":682},{\"@type\":\"BreadcrumbList\",\"@id\":\"https:\/\/mon-taux.com\/blog\/2020\/06\/23\/23-06-2020-leuro-va-t-il-reussir-a-regagner-du-terrain-face-au-franc-suisse\/#breadcrumb\",\"itemListElement\":[{\"@type\":\"ListItem\",\"position\":1,\"name\":\"Accueil\",\"item\":\"https:\/\/mon-taux.com\/blog\/\"},{\"@type\":\"ListItem\",\"position\":2,\"name\":\"23\/06\/2020 &#8211; L\u2019euro va-t-il r\u00e9ussir \u00e0 regagner du terrain face au franc suisse ?\"}]},{\"@type\":\"WebSite\",\"@id\":\"https:\/\/mon-taux.com\/blog\/#website\",\"url\":\"https:\/\/mon-taux.com\/blog\/\",\"name\":\"Mon-taux.com - Blog des experts en frontaliers\",\"description\":\"\",\"publisher\":{\"@id\":\"https:\/\/mon-taux.com\/blog\/#organization\"},\"potentialAction\":[{\"@type\":\"SearchAction\",\"target\":{\"@type\":\"EntryPoint\",\"urlTemplate\":\"https:\/\/mon-taux.com\/blog\/?s={search_term_string}\"},\"query-input\":{\"@type\":\"PropertyValueSpecification\",\"valueRequired\":true,\"valueName\":\"search_term_string\"}}],\"inLanguage\":\"fr-FR\"},{\"@type\":\"Organization\",\"@id\":\"https:\/\/mon-taux.com\/blog\/#organization\",\"name\":\"Mon-taux.com\",\"url\":\"https:\/\/mon-taux.com\/blog\/\",\"logo\":{\"@type\":\"ImageObject\",\"inLanguage\":\"fr-FR\",\"@id\":\"https:\/\/mon-taux.com\/blog\/#\/schema\/logo\/image\/\",\"url\":\"https:\/\/mon-taux.com\/blog\/wp-content\/uploads\/2020\/08\/montaux-new-logo-e1596462820847.png\",\"contentUrl\":\"https:\/\/mon-taux.com\/blog\/wp-content\/uploads\/2020\/08\/montaux-new-logo-e1596462820847.png\",\"width\":300,\"height\":172,\"caption\":\"Mon-taux.com\"},\"image\":{\"@id\":\"https:\/\/mon-taux.com\/blog\/#\/schema\/logo\/image\/\"},\"sameAs\":[\"https:\/\/www.facebook.com\/MonTauxCom.ComparateurFrontalier\",\"https:\/\/x.com\/MonTauxCom\",\"https:\/\/www.youtube.com\/channel\/UCyft978dCKAgV8DglhSW6gg\"]},{\"@type\":\"Person\",\"@id\":\"https:\/\/mon-taux.com\/blog\/#\/schema\/person\/cb4fec805169c3bf98a4b8f828b932a0\",\"name\":\"Christophe Change-Priv\u00e9\",\"image\":{\"@type\":\"ImageObject\",\"inLanguage\":\"fr-FR\",\"@id\":\"https:\/\/mon-taux.com\/blog\/#\/schema\/person\/image\/\",\"url\":\"https:\/\/mon-taux.com\/blog\/wp-content\/uploads\/2020\/08\/christophe-150x150.jpg\",\"contentUrl\":\"https:\/\/mon-taux.com\/blog\/wp-content\/uploads\/2020\/08\/christophe-150x150.jpg\",\"caption\":\"Christophe Change-Priv\u00e9\"},\"description\":\"Apr\u00e8s une formation dans l'univers de l'informatique, je suis entr\u00e9 dans l'univers pour y gravir tout les \u00e9chelons. J'ai \u00e9t\u00e9 conseiller pro puis responsable d'agence au Cr\u00e9dit Agricole des Savoie. J'ai eu l'opportunit\u00e9 de franchir la fronti\u00e8re pour int\u00e9grer UBS ou j'ai exerc\u00e9 le m\u00e9tier de conseiller hypoth\u00e9caire avant d'int\u00e9grer la Banque Conatonale de Gen\u00e8ve ( BCGE) ou j'ai \u00e9t\u00e9 Chef d'agence, puis responsable du d\u00e9partement Financement des PME, cr\u00e9dit personnel et leasing. En qualit\u00e9 de membre de direction, je repr\u00e9sentais la division Grand Public au sein Comit\u00e9 des Cr\u00e9dit de la banque. En 2010, j'ai franchi le cap pou cr\u00e9er Mon-taux.com.\",\"sameAs\":[\"https:\/\/mon-taux.com\/experts-frontaliers\/change-prive\/\"],\"url\":\"https:\/\/mon-taux.com\/blog\/author\/christophemon-taux-com\/\"}]}<\/script>\n<!-- \/ Yoast SEO plugin. -->","yoast_head_json":{"title":"23\/06\/2020 - L\u2019euro va-t-il r\u00e9ussir \u00e0 regagner du terrain face au franc suisse ? - Mon-taux.com - Blog des experts en frontaliers","robots":{"index":"index","follow":"follow","max-snippet":"max-snippet:-1","max-image-preview":"max-image-preview:large","max-video-preview":"max-video-preview:-1"},"canonical":"https:\/\/mon-taux.com\/blog\/2020\/06\/23\/23-06-2020-leuro-va-t-il-reussir-a-regagner-du-terrain-face-au-franc-suisse\/","og_locale":"fr_FR","og_type":"article","og_title":"23\/06\/2020 - L\u2019euro va-t-il r\u00e9ussir \u00e0 regagner du terrain face au franc suisse ? - Mon-taux.com - Blog des experts en frontaliers","og_description":"Apr\u00e8s avoir pass\u00e9 le 1,09 franc suisse pour 1 euro d\u00e9but juin, la monnaie unique reprend un peu de vitalit\u00e9 par rapport au franc depuis la fin de semaine pass\u00e9e. Tendance durable ou \u00e9ph\u00e9m\u00e8re ? EUR Le d\u00e9but de semaine derni\u00e8re marquait la r\u00e9ouverture de la plupart des fronti\u00e8res intra-europ\u00e9ennes tandis que le d\u00e9confinement s\u2019acc\u00e9l\u00e9rait [&hellip;]","og_url":"https:\/\/mon-taux.com\/blog\/2020\/06\/23\/23-06-2020-leuro-va-t-il-reussir-a-regagner-du-terrain-face-au-franc-suisse\/","og_site_name":"Mon-taux.com - Blog des experts en frontaliers","article_publisher":"https:\/\/www.facebook.com\/MonTauxCom.ComparateurFrontalier","article_published_time":"2020-06-23T07:15:46+00:00","article_modified_time":"2020-08-10T07:23:07+00:00","og_image":[{"width":1024,"height":682,"url":"https:\/\/mon-taux.com\/blog\/wp-content\/uploads\/2020\/08\/corona-4959447_1280-1024x682-1.jpg","type":"image\/jpeg"}],"author":"Christophe Change-Priv\u00e9","twitter_card":"summary_large_image","twitter_creator":"@MonTauxCom","twitter_site":"@MonTauxCom","twitter_misc":{"\u00c9crit par":"Christophe Change-Priv\u00e9","Dur\u00e9e de lecture estim\u00e9e":"2 minutes"},"schema":{"@context":"https:\/\/schema.org","@graph":[{"@type":"Article","@id":"https:\/\/mon-taux.com\/blog\/2020\/06\/23\/23-06-2020-leuro-va-t-il-reussir-a-regagner-du-terrain-face-au-franc-suisse\/#article","isPartOf":{"@id":"https:\/\/mon-taux.com\/blog\/2020\/06\/23\/23-06-2020-leuro-va-t-il-reussir-a-regagner-du-terrain-face-au-franc-suisse\/"},"author":{"name":"Christophe Change-Priv\u00e9","@id":"https:\/\/mon-taux.com\/blog\/#\/schema\/person\/cb4fec805169c3bf98a4b8f828b932a0"},"headline":"23\/06\/2020 &#8211; L\u2019euro va-t-il r\u00e9ussir \u00e0 regagner du terrain face au franc suisse ?","datePublished":"2020-06-23T07:15:46+00:00","dateModified":"2020-08-10T07:23:07+00:00","mainEntityOfPage":{"@id":"https:\/\/mon-taux.com\/blog\/2020\/06\/23\/23-06-2020-leuro-va-t-il-reussir-a-regagner-du-terrain-face-au-franc-suisse\/"},"wordCount":522,"commentCount":0,"publisher":{"@id":"https:\/\/mon-taux.com\/blog\/#organization"},"image":{"@id":"https:\/\/mon-taux.com\/blog\/2020\/06\/23\/23-06-2020-leuro-va-t-il-reussir-a-regagner-du-terrain-face-au-franc-suisse\/#primaryimage"},"thumbnailUrl":"https:\/\/mon-taux.com\/blog\/wp-content\/uploads\/2020\/08\/corona-4959447_1280-1024x682-1.jpg","articleSection":["Pourquoi le franc suisse baisse ? Pourquoi le franc suisse monte ?"],"inLanguage":"fr-FR","potentialAction":[{"@type":"CommentAction","name":"Comment","target":["https:\/\/mon-taux.com\/blog\/2020\/06\/23\/23-06-2020-leuro-va-t-il-reussir-a-regagner-du-terrain-face-au-franc-suisse\/#respond"]}]},{"@type":"WebPage","@id":"https:\/\/mon-taux.com\/blog\/2020\/06\/23\/23-06-2020-leuro-va-t-il-reussir-a-regagner-du-terrain-face-au-franc-suisse\/","url":"https:\/\/mon-taux.com\/blog\/2020\/06\/23\/23-06-2020-leuro-va-t-il-reussir-a-regagner-du-terrain-face-au-franc-suisse\/","name":"23\/06\/2020 - L\u2019euro va-t-il r\u00e9ussir \u00e0 regagner du terrain face au franc suisse ? - Mon-taux.com - Blog des experts en frontaliers","isPartOf":{"@id":"https:\/\/mon-taux.com\/blog\/#website"},"primaryImageOfPage":{"@id":"https:\/\/mon-taux.com\/blog\/2020\/06\/23\/23-06-2020-leuro-va-t-il-reussir-a-regagner-du-terrain-face-au-franc-suisse\/#primaryimage"},"image":{"@id":"https:\/\/mon-taux.com\/blog\/2020\/06\/23\/23-06-2020-leuro-va-t-il-reussir-a-regagner-du-terrain-face-au-franc-suisse\/#primaryimage"},"thumbnailUrl":"https:\/\/mon-taux.com\/blog\/wp-content\/uploads\/2020\/08\/corona-4959447_1280-1024x682-1.jpg","datePublished":"2020-06-23T07:15:46+00:00","dateModified":"2020-08-10T07:23:07+00:00","breadcrumb":{"@id":"https:\/\/mon-taux.com\/blog\/2020\/06\/23\/23-06-2020-leuro-va-t-il-reussir-a-regagner-du-terrain-face-au-franc-suisse\/#breadcrumb"},"inLanguage":"fr-FR","potentialAction":[{"@type":"ReadAction","target":["https:\/\/mon-taux.com\/blog\/2020\/06\/23\/23-06-2020-leuro-va-t-il-reussir-a-regagner-du-terrain-face-au-franc-suisse\/"]}]},{"@type":"ImageObject","inLanguage":"fr-FR","@id":"https:\/\/mon-taux.com\/blog\/2020\/06\/23\/23-06-2020-leuro-va-t-il-reussir-a-regagner-du-terrain-face-au-franc-suisse\/#primaryimage","url":"https:\/\/mon-taux.com\/blog\/wp-content\/uploads\/2020\/08\/corona-4959447_1280-1024x682-1.jpg","contentUrl":"https:\/\/mon-taux.com\/blog\/wp-content\/uploads\/2020\/08\/corona-4959447_1280-1024x682-1.jpg","width":1024,"height":682},{"@type":"BreadcrumbList","@id":"https:\/\/mon-taux.com\/blog\/2020\/06\/23\/23-06-2020-leuro-va-t-il-reussir-a-regagner-du-terrain-face-au-franc-suisse\/#breadcrumb","itemListElement":[{"@type":"ListItem","position":1,"name":"Accueil","item":"https:\/\/mon-taux.com\/blog\/"},{"@type":"ListItem","position":2,"name":"23\/06\/2020 &#8211; L\u2019euro va-t-il r\u00e9ussir \u00e0 regagner du terrain face au franc suisse ?"}]},{"@type":"WebSite","@id":"https:\/\/mon-taux.com\/blog\/#website","url":"https:\/\/mon-taux.com\/blog\/","name":"Mon-taux.com - Blog des experts en frontaliers","description":"","publisher":{"@id":"https:\/\/mon-taux.com\/blog\/#organization"},"potentialAction":[{"@type":"SearchAction","target":{"@type":"EntryPoint","urlTemplate":"https:\/\/mon-taux.com\/blog\/?s={search_term_string}"},"query-input":{"@type":"PropertyValueSpecification","valueRequired":true,"valueName":"search_term_string"}}],"inLanguage":"fr-FR"},{"@type":"Organization","@id":"https:\/\/mon-taux.com\/blog\/#organization","name":"Mon-taux.com","url":"https:\/\/mon-taux.com\/blog\/","logo":{"@type":"ImageObject","inLanguage":"fr-FR","@id":"https:\/\/mon-taux.com\/blog\/#\/schema\/logo\/image\/","url":"https:\/\/mon-taux.com\/blog\/wp-content\/uploads\/2020\/08\/montaux-new-logo-e1596462820847.png","contentUrl":"https:\/\/mon-taux.com\/blog\/wp-content\/uploads\/2020\/08\/montaux-new-logo-e1596462820847.png","width":300,"height":172,"caption":"Mon-taux.com"},"image":{"@id":"https:\/\/mon-taux.com\/blog\/#\/schema\/logo\/image\/"},"sameAs":["https:\/\/www.facebook.com\/MonTauxCom.ComparateurFrontalier","https:\/\/x.com\/MonTauxCom","https:\/\/www.youtube.com\/channel\/UCyft978dCKAgV8DglhSW6gg"]},{"@type":"Person","@id":"https:\/\/mon-taux.com\/blog\/#\/schema\/person\/cb4fec805169c3bf98a4b8f828b932a0","name":"Christophe Change-Priv\u00e9","image":{"@type":"ImageObject","inLanguage":"fr-FR","@id":"https:\/\/mon-taux.com\/blog\/#\/schema\/person\/image\/","url":"https:\/\/mon-taux.com\/blog\/wp-content\/uploads\/2020\/08\/christophe-150x150.jpg","contentUrl":"https:\/\/mon-taux.com\/blog\/wp-content\/uploads\/2020\/08\/christophe-150x150.jpg","caption":"Christophe Change-Priv\u00e9"},"description":"Apr\u00e8s une formation dans l'univers de l'informatique, je suis entr\u00e9 dans l'univers pour y gravir tout les \u00e9chelons. J'ai \u00e9t\u00e9 conseiller pro puis responsable d'agence au Cr\u00e9dit Agricole des Savoie. J'ai eu l'opportunit\u00e9 de franchir la fronti\u00e8re pour int\u00e9grer UBS ou j'ai exerc\u00e9 le m\u00e9tier de conseiller hypoth\u00e9caire avant d'int\u00e9grer la Banque Conatonale de Gen\u00e8ve ( BCGE) ou j'ai \u00e9t\u00e9 Chef d'agence, puis responsable du d\u00e9partement Financement des PME, cr\u00e9dit personnel et leasing. En qualit\u00e9 de membre de direction, je repr\u00e9sentais la division Grand Public au sein Comit\u00e9 des Cr\u00e9dit de la banque. En 2010, j'ai franchi le cap pou cr\u00e9er Mon-taux.com.","sameAs":["https:\/\/mon-taux.com\/experts-frontaliers\/change-prive\/"],"url":"https:\/\/mon-taux.com\/blog\/author\/christophemon-taux-com\/"}]}},"_links":{"self":[{"href":"https:\/\/mon-taux.com\/blog\/wp-json\/wp\/v2\/posts\/32956","targetHints":{"allow":["GET"]}}],"collection":[{"href":"https:\/\/mon-taux.com\/blog\/wp-json\/wp\/v2\/posts"}],"about":[{"href":"https:\/\/mon-taux.com\/blog\/wp-json\/wp\/v2\/types\/post"}],"author":[{"embeddable":true,"href":"https:\/\/mon-taux.com\/blog\/wp-json\/wp\/v2\/users\/4"}],"replies":[{"embeddable":true,"href":"https:\/\/mon-taux.com\/blog\/wp-json\/wp\/v2\/comments?post=32956"}],"version-history":[{"count":2,"href":"https:\/\/mon-taux.com\/blog\/wp-json\/wp\/v2\/posts\/32956\/revisions"}],"predecessor-version":[{"id":33424,"href":"https:\/\/mon-taux.com\/blog\/wp-json\/wp\/v2\/posts\/32956\/revisions\/33424"}],"wp:featuredmedia":[{"embeddable":true,"href":"https:\/\/mon-taux.com\/blog\/wp-json\/wp\/v2\/media\/33244"}],"wp:attachment":[{"href":"https:\/\/mon-taux.com\/blog\/wp-json\/wp\/v2\/media?parent=32956"}],"wp:term":[{"taxonomy":"category","embeddable":true,"href":"https:\/\/mon-taux.com\/blog\/wp-json\/wp\/v2\/categories?post=32956"},{"taxonomy":"post_tag","embeddable":true,"href":"https:\/\/mon-taux.com\/blog\/wp-json\/wp\/v2\/tags?post=32956"}],"curies":[{"name":"wp","href":"https:\/\/api.w.org\/{rel}","templated":true}]}}