{"id":32576,"date":"2020-05-29T14:44:55","date_gmt":"2020-05-29T12:44:55","guid":{"rendered":"https:\/\/mon-taux-de-change.com\/?p=32576"},"modified":"2020-05-29T14:44:55","modified_gmt":"2020-05-29T12:44:55","slug":"26-05-2020-pourquoi-le-franc-suisse-baisse-t-il-legerement-par-rapport-a-leuro-les-explications-de-nos-experts-chang-prive-com","status":"publish","type":"post","link":"https:\/\/mon-taux.com\/blog\/2020\/05\/29\/26-05-2020-pourquoi-le-franc-suisse-baisse-t-il-legerement-par-rapport-a-leuro-les-explications-de-nos-experts-chang-prive-com\/","title":{"rendered":"26\/05\/2020 \u2013 Pourquoi le franc suisse baisse-t-il l\u00e9g\u00e8rement par rapport \u00e0 l\u2019euro ? Les explications de nos experts Chang-priv\u00e9.com"},"content":{"rendered":"<h3><img loading=\"lazy\" decoding=\"async\" class=\"alignleft size-full wp-image-8371\" src=\"https:\/\/mon-taux-de-change.com\/wp-content\/uploads\/2014\/09\/baisse_taux_immo.jpg\" alt=\"\" width=\"346\" height=\"346\" \/>EUR<\/h3>\n<p>Il y a tr\u00e8s exactement une semaine, Macron et Merkel s\u2019unissait pour une r\u00e9ponse europ\u00e9enne \u00e0 la crise. Les figures de proue de l\u2019Union Europ\u00e9enne proposaient un plan de relance \u00e9conomique \u00e0 hauteur de 500 milliards d\u2019euros. Un \u00e9v\u00e8nement tr\u00e8s bien re\u00e7u par les investisseurs puisqu\u2019il constituait un tournant dans la posture de l\u2019Allemagne, jusqu\u2019\u00e0 pr\u00e9sent cat\u00e9goriquement oppos\u00e9e \u00e0 l\u2019id\u00e9e de l\u2019\u00e9mission d\u2019une dette commune. Point crucial, il ne s\u2019agirait l\u00e0 pas de \u201cpr\u00eats\u201d mais bien de \u201cdotations\u201d directes aux pays les plus touch\u00e9s. Mais l\u2019euphorie initiale a vite laiss\u00e9 place au doute. Alors qu\u2019une telle action n\u00e9cessite l\u2019aval des 27, l\u2019Autriche, le Danemark, les Pays-Bas et la Su\u00e8de ont d\u00e9clar\u00e9 ce week-end \u00eatre oppos\u00e9s \u00e0 cette proposition ! Ces pays seraient plus enclins \u00e0 opter pour un syst\u00e8me de pr\u00eats. Un fonctionnement qui ne ferait que repousser les probl\u00e8mes \u00e9conomiques des pays les plus gravement touch\u00e9s et qui ferait ressurgir le spectre de la rigueur \u00e9conomique. La solidarit\u00e9 europ\u00e9enne est plus que jamais mise \u00e0 l\u2019\u00e9preuve et nous suivrons avec attention les d\u00e9clarations \u00e0 venir cette semaine.<br \/>\nLe compte-rendu de la derni\u00e8re r\u00e9union de la BCE publi\u00e9 vendredi dernier fut instructif. \u201cSi les consommateurs ne regagnent pas confiance rapidement apr\u00e8s la fin du confinement, le risque existe que la demande reste plomb\u00e9e\u201d. Un constat qui incite la Banque Centrale \u00e0 se tenir \u201cpr\u00eate\u201d \u00e0 renforcer son arsenal contre la crise travers\u00e9e, alors que l\u2019institution s\u2019attend \u00e0 un repli de 5 \u00e0 12% du PIB de la zone euro pour 2020. Christine Lagarde rappelle d\u2019ailleurs que l\u2019amplitude des pr\u00e9visions refl\u00e8te la \u201cgrande incertitude\u201d autour des d\u00e9g\u00e2ts r\u00e9els de la pand\u00e9mie sur l\u2019\u00e9conomie.<br \/>\nNous attendrons ce mercredi un nouveau discours de Christine Lagarde, Pr\u00e9sidente de la BCE. Il faudra \u00e9galement surveiller les donn\u00e9es de l&#8217;inflation \u00e0 paraitre vendredi, puisqu&#8217;elles conditionnent enti\u00e8rement l&#8217;action de la Banque Centrale.<br \/>\n&nbsp;<\/p>\n<h3>CHF<\/h3>\n<p>Alors que le franc suisse avait atteint son plus haut niveau face \u00e0 l&#8217;euro depuis 2015 dans un climat d&#8217;aversion au risque, la semaine derni\u00e8re a laiss\u00e9 place \u00e0 une correction d&#8217;origine triple.<br \/>\nLa premi\u00e8re est \u00e9videmment l&#8217;initiative franco-allemande, qui a dynamis\u00e9 l&#8217;euro.<br \/>\nLa deuxi\u00e8me est le regain l\u00e9ger d&#8217;app\u00e9tit pour le risque. M\u00eame si l&#8217;OMS s&#8217;alarmait jeudi en d\u00e9clarant que \u201cnous avons beaucoup de chemin \u00e0 faire dans cette pand\u00e9mie\u201d, les avanc\u00e9es concr\u00e8tes dans la recherche d&#8217;un vaccin rassurent. AstraZeneca expliquait ainsi la semaine derni\u00e8re collaborer avec plusieurs pays et organisations pour rendre celui d\u00e9velopp\u00e9 par Oxford largement disponible \u00e0 travers le monde. Si les essais sont concluants, la firme annonce pouvoir produire un milliard de doses.<br \/>\nEnfin, la troisi\u00e8me est de source macro-\u00e9conomique: selon des analystes d&#8217;UBS, la Banque Nationale Suisse, mise sous pression par les perspectives d\u00e9flationnistes, pourrait intervenir sur les march\u00e9s pour baisser la valeur du franc.<br \/>\nLe calendrier \u00e9conomique suisse de cette semaine sera concentr\u00e9 sur la journ\u00e9e de mardi avec la parution de la balance commerciale et du niveau d&#8217;emploi pour le premier trimestre.<br \/>\n&nbsp;<\/p>\n<p style=\"text-align: center;\"><strong>L\u2019AGENDA \u00c9CONOMIQUE DE LA SEMAINE<\/strong><\/p>\n<p style=\"text-align: center;\">Mardi 26 Mai &#8211; 08h00 : Balance commerciale (avril) (CHF)<\/p>\n<p style=\"text-align: center;\">Mardi 26 Mai &#8211; 08h30 : Niveau d&#8217;emploi 1er Trimestre (CHF)<\/p>\n<p style=\"text-align: center;\">Mercredi 27 Mai &#8211; 9h30 : Discours de Lagarde (BCE) (EUR)<\/p>\n<p style=\"text-align: center;\">Vendredi 29 Mai &#8211; 11h00 : IPC (EUR)<\/p>\n<p>&nbsp;<\/p>\n","protected":false},"excerpt":{"rendered":"<p>EUR Il y a tr\u00e8s exactement une semaine, Macron et Merkel s\u2019unissait pour une r\u00e9ponse europ\u00e9enne \u00e0 la crise. Les figures de proue de l\u2019Union Europ\u00e9enne proposaient un plan de relance \u00e9conomique \u00e0 hauteur de 500 milliards d\u2019euros. Un \u00e9v\u00e8nement tr\u00e8s bien re\u00e7u par les investisseurs puisqu\u2019il constituait un tournant dans la posture de l\u2019Allemagne, [&hellip;]<\/p>\n","protected":false},"author":4,"featured_media":31293,"comment_status":"open","ping_status":"closed","sticky":false,"template":"","format":"standard","meta":{"footnotes":""},"categories":[33,22],"tags":[],"class_list":{"0":"post-32576","1":"post","2":"type-post","3":"status-publish","4":"format-standard","5":"has-post-thumbnail","7":"category-taux-de-change-actualites","8":"category-pourquoi-le-franc-suisse-baisse-pourquoi-le-franc-suisse-monte","9":"czr-hentry"},"yoast_head":"<!-- This site is optimized with the Yoast SEO plugin v25.8 - https:\/\/yoast.com\/wordpress\/plugins\/seo\/ -->\n<title>26\/05\/2020 \u2013 Pourquoi le franc suisse baisse-t-il l\u00e9g\u00e8rement par rapport \u00e0 l\u2019euro ? Les explications de nos experts Chang-priv\u00e9.com - Mon-taux.com - Blog des experts en frontaliers<\/title>\n<meta name=\"robots\" content=\"index, follow, max-snippet:-1, max-image-preview:large, max-video-preview:-1\" \/>\n<link rel=\"canonical\" href=\"https:\/\/mon-taux.com\/blog\/2020\/05\/29\/26-05-2020-pourquoi-le-franc-suisse-baisse-t-il-legerement-par-rapport-a-leuro-les-explications-de-nos-experts-chang-prive-com\/\" \/>\n<meta property=\"og:locale\" content=\"fr_FR\" \/>\n<meta property=\"og:type\" content=\"article\" \/>\n<meta property=\"og:title\" content=\"26\/05\/2020 \u2013 Pourquoi le franc suisse baisse-t-il l\u00e9g\u00e8rement par rapport \u00e0 l\u2019euro ? Les explications de nos experts Chang-priv\u00e9.com - Mon-taux.com - Blog des experts en frontaliers\" \/>\n<meta property=\"og:description\" content=\"EUR Il y a tr\u00e8s exactement une semaine, Macron et Merkel s\u2019unissait pour une r\u00e9ponse europ\u00e9enne \u00e0 la crise. Les figures de proue de l\u2019Union Europ\u00e9enne proposaient un plan de relance \u00e9conomique \u00e0 hauteur de 500 milliards d\u2019euros. Un \u00e9v\u00e8nement tr\u00e8s bien re\u00e7u par les investisseurs puisqu\u2019il constituait un tournant dans la posture de l\u2019Allemagne, [&hellip;]\" \/>\n<meta property=\"og:url\" content=\"https:\/\/mon-taux.com\/blog\/2020\/05\/29\/26-05-2020-pourquoi-le-franc-suisse-baisse-t-il-legerement-par-rapport-a-leuro-les-explications-de-nos-experts-chang-prive-com\/\" \/>\n<meta property=\"og:site_name\" content=\"Mon-taux.com - Blog des experts en frontaliers\" \/>\n<meta property=\"article:publisher\" content=\"https:\/\/www.facebook.com\/MonTauxCom.ComparateurFrontalier\" \/>\n<meta property=\"article:published_time\" content=\"2020-05-29T12:44:55+00:00\" \/>\n<meta property=\"og:image\" content=\"https:\/\/mon-taux.com\/blog\/wp-content\/uploads\/2014\/09\/baisse_taux_immo-1.jpg\" \/>\n\t<meta property=\"og:image:width\" content=\"346\" \/>\n\t<meta property=\"og:image:height\" content=\"346\" \/>\n\t<meta property=\"og:image:type\" content=\"image\/jpeg\" \/>\n<meta name=\"author\" content=\"Christophe Change-Priv\u00e9\" \/>\n<meta name=\"twitter:card\" content=\"summary_large_image\" \/>\n<meta name=\"twitter:creator\" content=\"@MonTauxCom\" \/>\n<meta name=\"twitter:site\" content=\"@MonTauxCom\" \/>\n<meta name=\"twitter:label1\" content=\"\u00c9crit par\" \/>\n\t<meta name=\"twitter:data1\" content=\"Christophe Change-Priv\u00e9\" \/>\n\t<meta name=\"twitter:label2\" content=\"Dur\u00e9e de lecture estim\u00e9e\" \/>\n\t<meta name=\"twitter:data2\" content=\"3 minutes\" \/>\n<script type=\"application\/ld+json\" class=\"yoast-schema-graph\">{\"@context\":\"https:\/\/schema.org\",\"@graph\":[{\"@type\":\"Article\",\"@id\":\"https:\/\/mon-taux.com\/blog\/2020\/05\/29\/26-05-2020-pourquoi-le-franc-suisse-baisse-t-il-legerement-par-rapport-a-leuro-les-explications-de-nos-experts-chang-prive-com\/#article\",\"isPartOf\":{\"@id\":\"https:\/\/mon-taux.com\/blog\/2020\/05\/29\/26-05-2020-pourquoi-le-franc-suisse-baisse-t-il-legerement-par-rapport-a-leuro-les-explications-de-nos-experts-chang-prive-com\/\"},\"author\":{\"name\":\"Christophe Change-Priv\u00e9\",\"@id\":\"https:\/\/mon-taux.com\/blog\/#\/schema\/person\/cb4fec805169c3bf98a4b8f828b932a0\"},\"headline\":\"26\/05\/2020 \u2013 Pourquoi le franc suisse baisse-t-il l\u00e9g\u00e8rement par rapport \u00e0 l\u2019euro ? Les explications de nos experts Chang-priv\u00e9.com\",\"datePublished\":\"2020-05-29T12:44:55+00:00\",\"mainEntityOfPage\":{\"@id\":\"https:\/\/mon-taux.com\/blog\/2020\/05\/29\/26-05-2020-pourquoi-le-franc-suisse-baisse-t-il-legerement-par-rapport-a-leuro-les-explications-de-nos-experts-chang-prive-com\/\"},\"wordCount\":613,\"commentCount\":0,\"publisher\":{\"@id\":\"https:\/\/mon-taux.com\/blog\/#organization\"},\"image\":{\"@id\":\"https:\/\/mon-taux.com\/blog\/2020\/05\/29\/26-05-2020-pourquoi-le-franc-suisse-baisse-t-il-legerement-par-rapport-a-leuro-les-explications-de-nos-experts-chang-prive-com\/#primaryimage\"},\"thumbnailUrl\":\"https:\/\/mon-taux.com\/blog\/wp-content\/uploads\/2014\/09\/baisse_taux_immo-1.jpg\",\"articleSection\":[\"Change\",\"Pourquoi le franc suisse baisse ? Pourquoi le franc suisse monte ?\"],\"inLanguage\":\"fr-FR\",\"potentialAction\":[{\"@type\":\"CommentAction\",\"name\":\"Comment\",\"target\":[\"https:\/\/mon-taux.com\/blog\/2020\/05\/29\/26-05-2020-pourquoi-le-franc-suisse-baisse-t-il-legerement-par-rapport-a-leuro-les-explications-de-nos-experts-chang-prive-com\/#respond\"]}]},{\"@type\":\"WebPage\",\"@id\":\"https:\/\/mon-taux.com\/blog\/2020\/05\/29\/26-05-2020-pourquoi-le-franc-suisse-baisse-t-il-legerement-par-rapport-a-leuro-les-explications-de-nos-experts-chang-prive-com\/\",\"url\":\"https:\/\/mon-taux.com\/blog\/2020\/05\/29\/26-05-2020-pourquoi-le-franc-suisse-baisse-t-il-legerement-par-rapport-a-leuro-les-explications-de-nos-experts-chang-prive-com\/\",\"name\":\"26\/05\/2020 \u2013 Pourquoi le franc suisse baisse-t-il l\u00e9g\u00e8rement par rapport \u00e0 l\u2019euro ? Les explications de nos experts Chang-priv\u00e9.com - Mon-taux.com - Blog des experts en frontaliers\",\"isPartOf\":{\"@id\":\"https:\/\/mon-taux.com\/blog\/#website\"},\"primaryImageOfPage\":{\"@id\":\"https:\/\/mon-taux.com\/blog\/2020\/05\/29\/26-05-2020-pourquoi-le-franc-suisse-baisse-t-il-legerement-par-rapport-a-leuro-les-explications-de-nos-experts-chang-prive-com\/#primaryimage\"},\"image\":{\"@id\":\"https:\/\/mon-taux.com\/blog\/2020\/05\/29\/26-05-2020-pourquoi-le-franc-suisse-baisse-t-il-legerement-par-rapport-a-leuro-les-explications-de-nos-experts-chang-prive-com\/#primaryimage\"},\"thumbnailUrl\":\"https:\/\/mon-taux.com\/blog\/wp-content\/uploads\/2014\/09\/baisse_taux_immo-1.jpg\",\"datePublished\":\"2020-05-29T12:44:55+00:00\",\"breadcrumb\":{\"@id\":\"https:\/\/mon-taux.com\/blog\/2020\/05\/29\/26-05-2020-pourquoi-le-franc-suisse-baisse-t-il-legerement-par-rapport-a-leuro-les-explications-de-nos-experts-chang-prive-com\/#breadcrumb\"},\"inLanguage\":\"fr-FR\",\"potentialAction\":[{\"@type\":\"ReadAction\",\"target\":[\"https:\/\/mon-taux.com\/blog\/2020\/05\/29\/26-05-2020-pourquoi-le-franc-suisse-baisse-t-il-legerement-par-rapport-a-leuro-les-explications-de-nos-experts-chang-prive-com\/\"]}]},{\"@type\":\"ImageObject\",\"inLanguage\":\"fr-FR\",\"@id\":\"https:\/\/mon-taux.com\/blog\/2020\/05\/29\/26-05-2020-pourquoi-le-franc-suisse-baisse-t-il-legerement-par-rapport-a-leuro-les-explications-de-nos-experts-chang-prive-com\/#primaryimage\",\"url\":\"https:\/\/mon-taux.com\/blog\/wp-content\/uploads\/2014\/09\/baisse_taux_immo-1.jpg\",\"contentUrl\":\"https:\/\/mon-taux.com\/blog\/wp-content\/uploads\/2014\/09\/baisse_taux_immo-1.jpg\",\"width\":346,\"height\":346},{\"@type\":\"BreadcrumbList\",\"@id\":\"https:\/\/mon-taux.com\/blog\/2020\/05\/29\/26-05-2020-pourquoi-le-franc-suisse-baisse-t-il-legerement-par-rapport-a-leuro-les-explications-de-nos-experts-chang-prive-com\/#breadcrumb\",\"itemListElement\":[{\"@type\":\"ListItem\",\"position\":1,\"name\":\"Accueil\",\"item\":\"https:\/\/mon-taux.com\/blog\/\"},{\"@type\":\"ListItem\",\"position\":2,\"name\":\"26\/05\/2020 \u2013 Pourquoi le franc suisse baisse-t-il l\u00e9g\u00e8rement par rapport \u00e0 l\u2019euro ? Les explications de nos experts Chang-priv\u00e9.com\"}]},{\"@type\":\"WebSite\",\"@id\":\"https:\/\/mon-taux.com\/blog\/#website\",\"url\":\"https:\/\/mon-taux.com\/blog\/\",\"name\":\"Mon-taux.com - Blog des experts en frontaliers\",\"description\":\"\",\"publisher\":{\"@id\":\"https:\/\/mon-taux.com\/blog\/#organization\"},\"potentialAction\":[{\"@type\":\"SearchAction\",\"target\":{\"@type\":\"EntryPoint\",\"urlTemplate\":\"https:\/\/mon-taux.com\/blog\/?s={search_term_string}\"},\"query-input\":{\"@type\":\"PropertyValueSpecification\",\"valueRequired\":true,\"valueName\":\"search_term_string\"}}],\"inLanguage\":\"fr-FR\"},{\"@type\":\"Organization\",\"@id\":\"https:\/\/mon-taux.com\/blog\/#organization\",\"name\":\"Mon-taux.com\",\"url\":\"https:\/\/mon-taux.com\/blog\/\",\"logo\":{\"@type\":\"ImageObject\",\"inLanguage\":\"fr-FR\",\"@id\":\"https:\/\/mon-taux.com\/blog\/#\/schema\/logo\/image\/\",\"url\":\"https:\/\/mon-taux.com\/blog\/wp-content\/uploads\/2020\/08\/montaux-new-logo-e1596462820847.png\",\"contentUrl\":\"https:\/\/mon-taux.com\/blog\/wp-content\/uploads\/2020\/08\/montaux-new-logo-e1596462820847.png\",\"width\":300,\"height\":172,\"caption\":\"Mon-taux.com\"},\"image\":{\"@id\":\"https:\/\/mon-taux.com\/blog\/#\/schema\/logo\/image\/\"},\"sameAs\":[\"https:\/\/www.facebook.com\/MonTauxCom.ComparateurFrontalier\",\"https:\/\/x.com\/MonTauxCom\",\"https:\/\/www.youtube.com\/channel\/UCyft978dCKAgV8DglhSW6gg\"]},{\"@type\":\"Person\",\"@id\":\"https:\/\/mon-taux.com\/blog\/#\/schema\/person\/cb4fec805169c3bf98a4b8f828b932a0\",\"name\":\"Christophe Change-Priv\u00e9\",\"image\":{\"@type\":\"ImageObject\",\"inLanguage\":\"fr-FR\",\"@id\":\"https:\/\/mon-taux.com\/blog\/#\/schema\/person\/image\/\",\"url\":\"https:\/\/mon-taux.com\/blog\/wp-content\/uploads\/2020\/08\/christophe-150x150.jpg\",\"contentUrl\":\"https:\/\/mon-taux.com\/blog\/wp-content\/uploads\/2020\/08\/christophe-150x150.jpg\",\"caption\":\"Christophe Change-Priv\u00e9\"},\"description\":\"Apr\u00e8s une formation dans l'univers de l'informatique, je suis entr\u00e9 dans l'univers pour y gravir tout les \u00e9chelons. J'ai \u00e9t\u00e9 conseiller pro puis responsable d'agence au Cr\u00e9dit Agricole des Savoie. J'ai eu l'opportunit\u00e9 de franchir la fronti\u00e8re pour int\u00e9grer UBS ou j'ai exerc\u00e9 le m\u00e9tier de conseiller hypoth\u00e9caire avant d'int\u00e9grer la Banque Conatonale de Gen\u00e8ve ( BCGE) ou j'ai \u00e9t\u00e9 Chef d'agence, puis responsable du d\u00e9partement Financement des PME, cr\u00e9dit personnel et leasing. En qualit\u00e9 de membre de direction, je repr\u00e9sentais la division Grand Public au sein Comit\u00e9 des Cr\u00e9dit de la banque. En 2010, j'ai franchi le cap pou cr\u00e9er Mon-taux.com.\",\"sameAs\":[\"https:\/\/mon-taux.com\/experts-frontaliers\/change-prive\/\"],\"url\":\"https:\/\/mon-taux.com\/blog\/author\/christophemon-taux-com\/\"}]}<\/script>\n<!-- \/ Yoast SEO plugin. -->","yoast_head_json":{"title":"26\/05\/2020 \u2013 Pourquoi le franc suisse baisse-t-il l\u00e9g\u00e8rement par rapport \u00e0 l\u2019euro ? Les explications de nos experts Chang-priv\u00e9.com - Mon-taux.com - Blog des experts en frontaliers","robots":{"index":"index","follow":"follow","max-snippet":"max-snippet:-1","max-image-preview":"max-image-preview:large","max-video-preview":"max-video-preview:-1"},"canonical":"https:\/\/mon-taux.com\/blog\/2020\/05\/29\/26-05-2020-pourquoi-le-franc-suisse-baisse-t-il-legerement-par-rapport-a-leuro-les-explications-de-nos-experts-chang-prive-com\/","og_locale":"fr_FR","og_type":"article","og_title":"26\/05\/2020 \u2013 Pourquoi le franc suisse baisse-t-il l\u00e9g\u00e8rement par rapport \u00e0 l\u2019euro ? Les explications de nos experts Chang-priv\u00e9.com - Mon-taux.com - Blog des experts en frontaliers","og_description":"EUR Il y a tr\u00e8s exactement une semaine, Macron et Merkel s\u2019unissait pour une r\u00e9ponse europ\u00e9enne \u00e0 la crise. Les figures de proue de l\u2019Union Europ\u00e9enne proposaient un plan de relance \u00e9conomique \u00e0 hauteur de 500 milliards d\u2019euros. Un \u00e9v\u00e8nement tr\u00e8s bien re\u00e7u par les investisseurs puisqu\u2019il constituait un tournant dans la posture de l\u2019Allemagne, [&hellip;]","og_url":"https:\/\/mon-taux.com\/blog\/2020\/05\/29\/26-05-2020-pourquoi-le-franc-suisse-baisse-t-il-legerement-par-rapport-a-leuro-les-explications-de-nos-experts-chang-prive-com\/","og_site_name":"Mon-taux.com - Blog des experts en frontaliers","article_publisher":"https:\/\/www.facebook.com\/MonTauxCom.ComparateurFrontalier","article_published_time":"2020-05-29T12:44:55+00:00","og_image":[{"width":346,"height":346,"url":"https:\/\/mon-taux.com\/blog\/wp-content\/uploads\/2014\/09\/baisse_taux_immo-1.jpg","type":"image\/jpeg"}],"author":"Christophe Change-Priv\u00e9","twitter_card":"summary_large_image","twitter_creator":"@MonTauxCom","twitter_site":"@MonTauxCom","twitter_misc":{"\u00c9crit par":"Christophe Change-Priv\u00e9","Dur\u00e9e de lecture estim\u00e9e":"3 minutes"},"schema":{"@context":"https:\/\/schema.org","@graph":[{"@type":"Article","@id":"https:\/\/mon-taux.com\/blog\/2020\/05\/29\/26-05-2020-pourquoi-le-franc-suisse-baisse-t-il-legerement-par-rapport-a-leuro-les-explications-de-nos-experts-chang-prive-com\/#article","isPartOf":{"@id":"https:\/\/mon-taux.com\/blog\/2020\/05\/29\/26-05-2020-pourquoi-le-franc-suisse-baisse-t-il-legerement-par-rapport-a-leuro-les-explications-de-nos-experts-chang-prive-com\/"},"author":{"name":"Christophe Change-Priv\u00e9","@id":"https:\/\/mon-taux.com\/blog\/#\/schema\/person\/cb4fec805169c3bf98a4b8f828b932a0"},"headline":"26\/05\/2020 \u2013 Pourquoi le franc suisse baisse-t-il l\u00e9g\u00e8rement par rapport \u00e0 l\u2019euro ? Les explications de nos experts Chang-priv\u00e9.com","datePublished":"2020-05-29T12:44:55+00:00","mainEntityOfPage":{"@id":"https:\/\/mon-taux.com\/blog\/2020\/05\/29\/26-05-2020-pourquoi-le-franc-suisse-baisse-t-il-legerement-par-rapport-a-leuro-les-explications-de-nos-experts-chang-prive-com\/"},"wordCount":613,"commentCount":0,"publisher":{"@id":"https:\/\/mon-taux.com\/blog\/#organization"},"image":{"@id":"https:\/\/mon-taux.com\/blog\/2020\/05\/29\/26-05-2020-pourquoi-le-franc-suisse-baisse-t-il-legerement-par-rapport-a-leuro-les-explications-de-nos-experts-chang-prive-com\/#primaryimage"},"thumbnailUrl":"https:\/\/mon-taux.com\/blog\/wp-content\/uploads\/2014\/09\/baisse_taux_immo-1.jpg","articleSection":["Change","Pourquoi le franc suisse baisse ? Pourquoi le franc suisse monte ?"],"inLanguage":"fr-FR","potentialAction":[{"@type":"CommentAction","name":"Comment","target":["https:\/\/mon-taux.com\/blog\/2020\/05\/29\/26-05-2020-pourquoi-le-franc-suisse-baisse-t-il-legerement-par-rapport-a-leuro-les-explications-de-nos-experts-chang-prive-com\/#respond"]}]},{"@type":"WebPage","@id":"https:\/\/mon-taux.com\/blog\/2020\/05\/29\/26-05-2020-pourquoi-le-franc-suisse-baisse-t-il-legerement-par-rapport-a-leuro-les-explications-de-nos-experts-chang-prive-com\/","url":"https:\/\/mon-taux.com\/blog\/2020\/05\/29\/26-05-2020-pourquoi-le-franc-suisse-baisse-t-il-legerement-par-rapport-a-leuro-les-explications-de-nos-experts-chang-prive-com\/","name":"26\/05\/2020 \u2013 Pourquoi le franc suisse baisse-t-il l\u00e9g\u00e8rement par rapport \u00e0 l\u2019euro ? Les explications de nos experts Chang-priv\u00e9.com - Mon-taux.com - Blog des experts en frontaliers","isPartOf":{"@id":"https:\/\/mon-taux.com\/blog\/#website"},"primaryImageOfPage":{"@id":"https:\/\/mon-taux.com\/blog\/2020\/05\/29\/26-05-2020-pourquoi-le-franc-suisse-baisse-t-il-legerement-par-rapport-a-leuro-les-explications-de-nos-experts-chang-prive-com\/#primaryimage"},"image":{"@id":"https:\/\/mon-taux.com\/blog\/2020\/05\/29\/26-05-2020-pourquoi-le-franc-suisse-baisse-t-il-legerement-par-rapport-a-leuro-les-explications-de-nos-experts-chang-prive-com\/#primaryimage"},"thumbnailUrl":"https:\/\/mon-taux.com\/blog\/wp-content\/uploads\/2014\/09\/baisse_taux_immo-1.jpg","datePublished":"2020-05-29T12:44:55+00:00","breadcrumb":{"@id":"https:\/\/mon-taux.com\/blog\/2020\/05\/29\/26-05-2020-pourquoi-le-franc-suisse-baisse-t-il-legerement-par-rapport-a-leuro-les-explications-de-nos-experts-chang-prive-com\/#breadcrumb"},"inLanguage":"fr-FR","potentialAction":[{"@type":"ReadAction","target":["https:\/\/mon-taux.com\/blog\/2020\/05\/29\/26-05-2020-pourquoi-le-franc-suisse-baisse-t-il-legerement-par-rapport-a-leuro-les-explications-de-nos-experts-chang-prive-com\/"]}]},{"@type":"ImageObject","inLanguage":"fr-FR","@id":"https:\/\/mon-taux.com\/blog\/2020\/05\/29\/26-05-2020-pourquoi-le-franc-suisse-baisse-t-il-legerement-par-rapport-a-leuro-les-explications-de-nos-experts-chang-prive-com\/#primaryimage","url":"https:\/\/mon-taux.com\/blog\/wp-content\/uploads\/2014\/09\/baisse_taux_immo-1.jpg","contentUrl":"https:\/\/mon-taux.com\/blog\/wp-content\/uploads\/2014\/09\/baisse_taux_immo-1.jpg","width":346,"height":346},{"@type":"BreadcrumbList","@id":"https:\/\/mon-taux.com\/blog\/2020\/05\/29\/26-05-2020-pourquoi-le-franc-suisse-baisse-t-il-legerement-par-rapport-a-leuro-les-explications-de-nos-experts-chang-prive-com\/#breadcrumb","itemListElement":[{"@type":"ListItem","position":1,"name":"Accueil","item":"https:\/\/mon-taux.com\/blog\/"},{"@type":"ListItem","position":2,"name":"26\/05\/2020 \u2013 Pourquoi le franc suisse baisse-t-il l\u00e9g\u00e8rement par rapport \u00e0 l\u2019euro ? Les explications de nos experts Chang-priv\u00e9.com"}]},{"@type":"WebSite","@id":"https:\/\/mon-taux.com\/blog\/#website","url":"https:\/\/mon-taux.com\/blog\/","name":"Mon-taux.com - Blog des experts en frontaliers","description":"","publisher":{"@id":"https:\/\/mon-taux.com\/blog\/#organization"},"potentialAction":[{"@type":"SearchAction","target":{"@type":"EntryPoint","urlTemplate":"https:\/\/mon-taux.com\/blog\/?s={search_term_string}"},"query-input":{"@type":"PropertyValueSpecification","valueRequired":true,"valueName":"search_term_string"}}],"inLanguage":"fr-FR"},{"@type":"Organization","@id":"https:\/\/mon-taux.com\/blog\/#organization","name":"Mon-taux.com","url":"https:\/\/mon-taux.com\/blog\/","logo":{"@type":"ImageObject","inLanguage":"fr-FR","@id":"https:\/\/mon-taux.com\/blog\/#\/schema\/logo\/image\/","url":"https:\/\/mon-taux.com\/blog\/wp-content\/uploads\/2020\/08\/montaux-new-logo-e1596462820847.png","contentUrl":"https:\/\/mon-taux.com\/blog\/wp-content\/uploads\/2020\/08\/montaux-new-logo-e1596462820847.png","width":300,"height":172,"caption":"Mon-taux.com"},"image":{"@id":"https:\/\/mon-taux.com\/blog\/#\/schema\/logo\/image\/"},"sameAs":["https:\/\/www.facebook.com\/MonTauxCom.ComparateurFrontalier","https:\/\/x.com\/MonTauxCom","https:\/\/www.youtube.com\/channel\/UCyft978dCKAgV8DglhSW6gg"]},{"@type":"Person","@id":"https:\/\/mon-taux.com\/blog\/#\/schema\/person\/cb4fec805169c3bf98a4b8f828b932a0","name":"Christophe Change-Priv\u00e9","image":{"@type":"ImageObject","inLanguage":"fr-FR","@id":"https:\/\/mon-taux.com\/blog\/#\/schema\/person\/image\/","url":"https:\/\/mon-taux.com\/blog\/wp-content\/uploads\/2020\/08\/christophe-150x150.jpg","contentUrl":"https:\/\/mon-taux.com\/blog\/wp-content\/uploads\/2020\/08\/christophe-150x150.jpg","caption":"Christophe Change-Priv\u00e9"},"description":"Apr\u00e8s une formation dans l'univers de l'informatique, je suis entr\u00e9 dans l'univers pour y gravir tout les \u00e9chelons. J'ai \u00e9t\u00e9 conseiller pro puis responsable d'agence au Cr\u00e9dit Agricole des Savoie. J'ai eu l'opportunit\u00e9 de franchir la fronti\u00e8re pour int\u00e9grer UBS ou j'ai exerc\u00e9 le m\u00e9tier de conseiller hypoth\u00e9caire avant d'int\u00e9grer la Banque Conatonale de Gen\u00e8ve ( BCGE) ou j'ai \u00e9t\u00e9 Chef d'agence, puis responsable du d\u00e9partement Financement des PME, cr\u00e9dit personnel et leasing. En qualit\u00e9 de membre de direction, je repr\u00e9sentais la division Grand Public au sein Comit\u00e9 des Cr\u00e9dit de la banque. En 2010, j'ai franchi le cap pou cr\u00e9er Mon-taux.com.","sameAs":["https:\/\/mon-taux.com\/experts-frontaliers\/change-prive\/"],"url":"https:\/\/mon-taux.com\/blog\/author\/christophemon-taux-com\/"}]}},"_links":{"self":[{"href":"https:\/\/mon-taux.com\/blog\/wp-json\/wp\/v2\/posts\/32576","targetHints":{"allow":["GET"]}}],"collection":[{"href":"https:\/\/mon-taux.com\/blog\/wp-json\/wp\/v2\/posts"}],"about":[{"href":"https:\/\/mon-taux.com\/blog\/wp-json\/wp\/v2\/types\/post"}],"author":[{"embeddable":true,"href":"https:\/\/mon-taux.com\/blog\/wp-json\/wp\/v2\/users\/4"}],"replies":[{"embeddable":true,"href":"https:\/\/mon-taux.com\/blog\/wp-json\/wp\/v2\/comments?post=32576"}],"version-history":[{"count":0,"href":"https:\/\/mon-taux.com\/blog\/wp-json\/wp\/v2\/posts\/32576\/revisions"}],"wp:featuredmedia":[{"embeddable":true,"href":"https:\/\/mon-taux.com\/blog\/wp-json\/wp\/v2\/media\/31293"}],"wp:attachment":[{"href":"https:\/\/mon-taux.com\/blog\/wp-json\/wp\/v2\/media?parent=32576"}],"wp:term":[{"taxonomy":"category","embeddable":true,"href":"https:\/\/mon-taux.com\/blog\/wp-json\/wp\/v2\/categories?post=32576"},{"taxonomy":"post_tag","embeddable":true,"href":"https:\/\/mon-taux.com\/blog\/wp-json\/wp\/v2\/tags?post=32576"}],"curies":[{"name":"wp","href":"https:\/\/api.w.org\/{rel}","templated":true}]}}