{"id":3217,"date":"2011-08-17T15:51:59","date_gmt":"2011-08-17T13:51:59","guid":{"rendered":"https:\/\/mon-taux-de-change.com\/?p=3217"},"modified":"2011-08-17T15:51:59","modified_gmt":"2011-08-17T13:51:59","slug":"170811-le-franc-suisse-restera-fort","status":"publish","type":"post","link":"https:\/\/mon-taux.com\/blog\/2011\/08\/17\/170811-le-franc-suisse-restera-fort\/","title":{"rendered":"17\/08\/11- Le Franc Suisse restera fort"},"content":{"rendered":"<p>&nbsp;<\/p>\n<table border=\"0\">\n<tbody>\n<tr>\n<td><span style=\"font-size: small;\"><img loading=\"lazy\" decoding=\"async\" class=\"alignnone size-full wp-image-3218\" src=\"https:\/\/mon-taux-de-change.com\/wp-content\/uploads\/2011\/08\/iStock_000002692117XSmall.jpg\" alt=\"\" width=\"83\" height=\"123\" \/><\/span><\/td>\n<td>\n<p style=\"text-align: justify;\"><span style=\"font-size: small;\">Au risque de nous r\u00e9p\u00e9ter de semaine en semaine, le <strong>Franc Suisse<\/strong> continue de battre de nouveau <strong>record<\/strong>. Pour le plus grand bonheur des <strong>frontaliers<\/strong> mais au grand d\u00e9sespoir des entreprises helv\u00e9tiques exportatrices et celles actives dans le\u00a0 tourisme.<\/span><\/p>\n<p style=\"text-align: justify;\"><span style=\"font-size: small;\">Plomb\u00e9s par 30 ann\u00e9es de d\u00e9penses publiques non maitris\u00e9es, une grande partie des pays europ\u00e9ens et les \u00c9tats Unis doivent entreprendre des plans d\u2019aust\u00e9rit\u00e9 afin de r\u00e9duire leurs d\u00e9ficits.<\/span><\/p>\n<p style=\"text-align: justify;\"><span style=\"font-size: small;\">Concr\u00e8tement cela signifie, plus d\u2019imp\u00f4t et moins de service public. C\u2019est ni bien ni mal, c\u2019est indispensable\u00a0et cela va ralentir la croissance de ces pays ! A travers l\u2019<strong>Euro<\/strong>, les march\u00e9s ont sanctionn\u00e9 le ralentissement des pays concern\u00e9s et l\u2019incapacit\u00e9 des politiques europ\u00e9ens \u00e0 parler d\u2019une seule voix dans des p\u00e9riodes difficiles.<\/span><\/p>\n<\/td>\n<\/tr>\n<\/tbody>\n<\/table>\n<p style=\"text-align: justify;\"><span style=\"font-size: small;\"> La Suisse offre un tout autre profil avec un endettement limit\u00e9 tant au niveau de la conf\u00e9d\u00e9ration que des cantons. Les \u00e9quilibres sont pr\u00e9caires et il faut encore s\u2019attendre \u00e0 d\u2019importantes fluctuations sur le <strong>cours Euro\/Chf<\/strong>.<\/span><\/p>\n<p style=\"text-align: justify;\"><span style=\"font-size: small;\">Pour les prochains jours, nous estimons que le cours fluctuera entre 1,09 et 1,17. Mais tout reste possible\u00a0!<\/span><\/p>\n<p style=\"text-align: justify;\">\n","protected":false},"excerpt":{"rendered":"<p>&nbsp; Au risque de nous r\u00e9p\u00e9ter de semaine en semaine, le Franc Suisse continue de battre de nouveau record. Pour le plus grand bonheur des frontaliers mais au grand d\u00e9sespoir des entreprises helv\u00e9tiques exportatrices et celles actives dans le\u00a0 tourisme. Plomb\u00e9s par 30 ann\u00e9es de d\u00e9penses publiques non maitris\u00e9es, une grande partie des pays europ\u00e9ens [&hellip;]<\/p>\n","protected":false},"author":2,"featured_media":3218,"comment_status":"closed","ping_status":"open","sticky":false,"template":"","format":"standard","meta":{"footnotes":""},"categories":[14],"tags":[],"class_list":{"0":"post-3217","1":"post","2":"type-post","3":"status-publish","4":"format-standard","5":"has-post-thumbnail","7":"category-historique-taux-de-change","8":"czr-hentry"},"yoast_head":"<!-- This site is optimized with the Yoast SEO plugin v25.8 - https:\/\/yoast.com\/wordpress\/plugins\/seo\/ -->\n<title>17\/08\/11- Le Franc Suisse restera fort - Mon-taux.com - Blog des experts en frontaliers<\/title>\n<meta name=\"robots\" content=\"index, follow, max-snippet:-1, max-image-preview:large, max-video-preview:-1\" \/>\n<link rel=\"canonical\" href=\"https:\/\/mon-taux.com\/blog\/2011\/08\/17\/170811-le-franc-suisse-restera-fort\/\" \/>\n<meta property=\"og:locale\" content=\"fr_FR\" \/>\n<meta property=\"og:type\" content=\"article\" \/>\n<meta property=\"og:title\" content=\"17\/08\/11- Le Franc Suisse restera fort - Mon-taux.com - Blog des experts en frontaliers\" \/>\n<meta property=\"og:description\" content=\"&nbsp; Au risque de nous r\u00e9p\u00e9ter de semaine en semaine, le Franc Suisse continue de battre de nouveau record. Pour le plus grand bonheur des frontaliers mais au grand d\u00e9sespoir des entreprises helv\u00e9tiques exportatrices et celles actives dans le\u00a0 tourisme. Plomb\u00e9s par 30 ann\u00e9es de d\u00e9penses publiques non maitris\u00e9es, une grande partie des pays europ\u00e9ens [&hellip;]\" \/>\n<meta property=\"og:url\" content=\"https:\/\/mon-taux.com\/blog\/2011\/08\/17\/170811-le-franc-suisse-restera-fort\/\" \/>\n<meta property=\"og:site_name\" content=\"Mon-taux.com - Blog des experts en frontaliers\" \/>\n<meta property=\"article:publisher\" content=\"https:\/\/www.facebook.com\/MonTauxCom.ComparateurFrontalier\" \/>\n<meta property=\"article:published_time\" content=\"2011-08-17T13:51:59+00:00\" \/>\n<meta name=\"author\" content=\"montaux\" \/>\n<meta name=\"twitter:card\" content=\"summary_large_image\" \/>\n<meta name=\"twitter:creator\" content=\"@MonTauxCom\" \/>\n<meta name=\"twitter:site\" content=\"@MonTauxCom\" \/>\n<meta name=\"twitter:label1\" content=\"\u00c9crit par\" \/>\n\t<meta name=\"twitter:data1\" content=\"montaux\" \/>\n\t<meta name=\"twitter:label2\" content=\"Dur\u00e9e de lecture estim\u00e9e\" \/>\n\t<meta name=\"twitter:data2\" content=\"1 minute\" \/>\n<script type=\"application\/ld+json\" class=\"yoast-schema-graph\">{\"@context\":\"https:\/\/schema.org\",\"@graph\":[{\"@type\":\"Article\",\"@id\":\"https:\/\/mon-taux.com\/blog\/2011\/08\/17\/170811-le-franc-suisse-restera-fort\/#article\",\"isPartOf\":{\"@id\":\"https:\/\/mon-taux.com\/blog\/2011\/08\/17\/170811-le-franc-suisse-restera-fort\/\"},\"author\":{\"name\":\"montaux\",\"@id\":\"https:\/\/mon-taux.com\/blog\/#\/schema\/person\/bfe88bfabe109e312d4cd786a3dfe66f\"},\"headline\":\"17\/08\/11- Le Franc Suisse restera fort\",\"datePublished\":\"2011-08-17T13:51:59+00:00\",\"mainEntityOfPage\":{\"@id\":\"https:\/\/mon-taux.com\/blog\/2011\/08\/17\/170811-le-franc-suisse-restera-fort\/\"},\"wordCount\":207,\"publisher\":{\"@id\":\"https:\/\/mon-taux.com\/blog\/#organization\"},\"image\":{\"@id\":\"https:\/\/mon-taux.com\/blog\/2011\/08\/17\/170811-le-franc-suisse-restera-fort\/#primaryimage\"},\"thumbnailUrl\":\"\",\"articleSection\":[\"historique taux de change\"],\"inLanguage\":\"fr-FR\"},{\"@type\":\"WebPage\",\"@id\":\"https:\/\/mon-taux.com\/blog\/2011\/08\/17\/170811-le-franc-suisse-restera-fort\/\",\"url\":\"https:\/\/mon-taux.com\/blog\/2011\/08\/17\/170811-le-franc-suisse-restera-fort\/\",\"name\":\"17\/08\/11- Le Franc Suisse restera fort - Mon-taux.com - Blog des experts en frontaliers\",\"isPartOf\":{\"@id\":\"https:\/\/mon-taux.com\/blog\/#website\"},\"primaryImageOfPage\":{\"@id\":\"https:\/\/mon-taux.com\/blog\/2011\/08\/17\/170811-le-franc-suisse-restera-fort\/#primaryimage\"},\"image\":{\"@id\":\"https:\/\/mon-taux.com\/blog\/2011\/08\/17\/170811-le-franc-suisse-restera-fort\/#primaryimage\"},\"thumbnailUrl\":\"\",\"datePublished\":\"2011-08-17T13:51:59+00:00\",\"breadcrumb\":{\"@id\":\"https:\/\/mon-taux.com\/blog\/2011\/08\/17\/170811-le-franc-suisse-restera-fort\/#breadcrumb\"},\"inLanguage\":\"fr-FR\",\"potentialAction\":[{\"@type\":\"ReadAction\",\"target\":[\"https:\/\/mon-taux.com\/blog\/2011\/08\/17\/170811-le-franc-suisse-restera-fort\/\"]}]},{\"@type\":\"ImageObject\",\"inLanguage\":\"fr-FR\",\"@id\":\"https:\/\/mon-taux.com\/blog\/2011\/08\/17\/170811-le-franc-suisse-restera-fort\/#primaryimage\",\"url\":\"\",\"contentUrl\":\"\"},{\"@type\":\"BreadcrumbList\",\"@id\":\"https:\/\/mon-taux.com\/blog\/2011\/08\/17\/170811-le-franc-suisse-restera-fort\/#breadcrumb\",\"itemListElement\":[{\"@type\":\"ListItem\",\"position\":1,\"name\":\"Accueil\",\"item\":\"https:\/\/mon-taux.com\/blog\/\"},{\"@type\":\"ListItem\",\"position\":2,\"name\":\"17\/08\/11- Le Franc Suisse restera fort\"}]},{\"@type\":\"WebSite\",\"@id\":\"https:\/\/mon-taux.com\/blog\/#website\",\"url\":\"https:\/\/mon-taux.com\/blog\/\",\"name\":\"Mon-taux.com - Blog des experts en frontaliers\",\"description\":\"\",\"publisher\":{\"@id\":\"https:\/\/mon-taux.com\/blog\/#organization\"},\"potentialAction\":[{\"@type\":\"SearchAction\",\"target\":{\"@type\":\"EntryPoint\",\"urlTemplate\":\"https:\/\/mon-taux.com\/blog\/?s={search_term_string}\"},\"query-input\":{\"@type\":\"PropertyValueSpecification\",\"valueRequired\":true,\"valueName\":\"search_term_string\"}}],\"inLanguage\":\"fr-FR\"},{\"@type\":\"Organization\",\"@id\":\"https:\/\/mon-taux.com\/blog\/#organization\",\"name\":\"Mon-taux.com\",\"url\":\"https:\/\/mon-taux.com\/blog\/\",\"logo\":{\"@type\":\"ImageObject\",\"inLanguage\":\"fr-FR\",\"@id\":\"https:\/\/mon-taux.com\/blog\/#\/schema\/logo\/image\/\",\"url\":\"https:\/\/mon-taux.com\/blog\/wp-content\/uploads\/2020\/08\/montaux-new-logo-e1596462820847.png\",\"contentUrl\":\"https:\/\/mon-taux.com\/blog\/wp-content\/uploads\/2020\/08\/montaux-new-logo-e1596462820847.png\",\"width\":300,\"height\":172,\"caption\":\"Mon-taux.com\"},\"image\":{\"@id\":\"https:\/\/mon-taux.com\/blog\/#\/schema\/logo\/image\/\"},\"sameAs\":[\"https:\/\/www.facebook.com\/MonTauxCom.ComparateurFrontalier\",\"https:\/\/x.com\/MonTauxCom\",\"https:\/\/www.youtube.com\/channel\/UCyft978dCKAgV8DglhSW6gg\"]},{\"@type\":\"Person\",\"@id\":\"https:\/\/mon-taux.com\/blog\/#\/schema\/person\/bfe88bfabe109e312d4cd786a3dfe66f\",\"name\":\"montaux\",\"image\":{\"@type\":\"ImageObject\",\"inLanguage\":\"fr-FR\",\"@id\":\"https:\/\/mon-taux.com\/blog\/#\/schema\/person\/image\/\",\"url\":\"https:\/\/mon-taux.com\/blog\/wp-content\/uploads\/2020\/08\/favicon2-150x150.png\",\"contentUrl\":\"https:\/\/mon-taux.com\/blog\/wp-content\/uploads\/2020\/08\/favicon2-150x150.png\",\"caption\":\"montaux\"},\"sameAs\":[\"https:\/\/mon-taux.com\"],\"url\":\"https:\/\/mon-taux.com\/blog\/author\/montaux\/\"}]}<\/script>\n<!-- \/ Yoast SEO plugin. -->","yoast_head_json":{"title":"17\/08\/11- Le Franc Suisse restera fort - Mon-taux.com - Blog des experts en frontaliers","robots":{"index":"index","follow":"follow","max-snippet":"max-snippet:-1","max-image-preview":"max-image-preview:large","max-video-preview":"max-video-preview:-1"},"canonical":"https:\/\/mon-taux.com\/blog\/2011\/08\/17\/170811-le-franc-suisse-restera-fort\/","og_locale":"fr_FR","og_type":"article","og_title":"17\/08\/11- Le Franc Suisse restera fort - Mon-taux.com - Blog des experts en frontaliers","og_description":"&nbsp; Au risque de nous r\u00e9p\u00e9ter de semaine en semaine, le Franc Suisse continue de battre de nouveau record. Pour le plus grand bonheur des frontaliers mais au grand d\u00e9sespoir des entreprises helv\u00e9tiques exportatrices et celles actives dans le\u00a0 tourisme. Plomb\u00e9s par 30 ann\u00e9es de d\u00e9penses publiques non maitris\u00e9es, une grande partie des pays europ\u00e9ens [&hellip;]","og_url":"https:\/\/mon-taux.com\/blog\/2011\/08\/17\/170811-le-franc-suisse-restera-fort\/","og_site_name":"Mon-taux.com - Blog des experts en frontaliers","article_publisher":"https:\/\/www.facebook.com\/MonTauxCom.ComparateurFrontalier","article_published_time":"2011-08-17T13:51:59+00:00","author":"montaux","twitter_card":"summary_large_image","twitter_creator":"@MonTauxCom","twitter_site":"@MonTauxCom","twitter_misc":{"\u00c9crit par":"montaux","Dur\u00e9e de lecture estim\u00e9e":"1 minute"},"schema":{"@context":"https:\/\/schema.org","@graph":[{"@type":"Article","@id":"https:\/\/mon-taux.com\/blog\/2011\/08\/17\/170811-le-franc-suisse-restera-fort\/#article","isPartOf":{"@id":"https:\/\/mon-taux.com\/blog\/2011\/08\/17\/170811-le-franc-suisse-restera-fort\/"},"author":{"name":"montaux","@id":"https:\/\/mon-taux.com\/blog\/#\/schema\/person\/bfe88bfabe109e312d4cd786a3dfe66f"},"headline":"17\/08\/11- Le Franc Suisse restera fort","datePublished":"2011-08-17T13:51:59+00:00","mainEntityOfPage":{"@id":"https:\/\/mon-taux.com\/blog\/2011\/08\/17\/170811-le-franc-suisse-restera-fort\/"},"wordCount":207,"publisher":{"@id":"https:\/\/mon-taux.com\/blog\/#organization"},"image":{"@id":"https:\/\/mon-taux.com\/blog\/2011\/08\/17\/170811-le-franc-suisse-restera-fort\/#primaryimage"},"thumbnailUrl":"","articleSection":["historique taux de change"],"inLanguage":"fr-FR"},{"@type":"WebPage","@id":"https:\/\/mon-taux.com\/blog\/2011\/08\/17\/170811-le-franc-suisse-restera-fort\/","url":"https:\/\/mon-taux.com\/blog\/2011\/08\/17\/170811-le-franc-suisse-restera-fort\/","name":"17\/08\/11- Le Franc Suisse restera fort - Mon-taux.com - Blog des experts en frontaliers","isPartOf":{"@id":"https:\/\/mon-taux.com\/blog\/#website"},"primaryImageOfPage":{"@id":"https:\/\/mon-taux.com\/blog\/2011\/08\/17\/170811-le-franc-suisse-restera-fort\/#primaryimage"},"image":{"@id":"https:\/\/mon-taux.com\/blog\/2011\/08\/17\/170811-le-franc-suisse-restera-fort\/#primaryimage"},"thumbnailUrl":"","datePublished":"2011-08-17T13:51:59+00:00","breadcrumb":{"@id":"https:\/\/mon-taux.com\/blog\/2011\/08\/17\/170811-le-franc-suisse-restera-fort\/#breadcrumb"},"inLanguage":"fr-FR","potentialAction":[{"@type":"ReadAction","target":["https:\/\/mon-taux.com\/blog\/2011\/08\/17\/170811-le-franc-suisse-restera-fort\/"]}]},{"@type":"ImageObject","inLanguage":"fr-FR","@id":"https:\/\/mon-taux.com\/blog\/2011\/08\/17\/170811-le-franc-suisse-restera-fort\/#primaryimage","url":"","contentUrl":""},{"@type":"BreadcrumbList","@id":"https:\/\/mon-taux.com\/blog\/2011\/08\/17\/170811-le-franc-suisse-restera-fort\/#breadcrumb","itemListElement":[{"@type":"ListItem","position":1,"name":"Accueil","item":"https:\/\/mon-taux.com\/blog\/"},{"@type":"ListItem","position":2,"name":"17\/08\/11- Le Franc Suisse restera fort"}]},{"@type":"WebSite","@id":"https:\/\/mon-taux.com\/blog\/#website","url":"https:\/\/mon-taux.com\/blog\/","name":"Mon-taux.com - Blog des experts en frontaliers","description":"","publisher":{"@id":"https:\/\/mon-taux.com\/blog\/#organization"},"potentialAction":[{"@type":"SearchAction","target":{"@type":"EntryPoint","urlTemplate":"https:\/\/mon-taux.com\/blog\/?s={search_term_string}"},"query-input":{"@type":"PropertyValueSpecification","valueRequired":true,"valueName":"search_term_string"}}],"inLanguage":"fr-FR"},{"@type":"Organization","@id":"https:\/\/mon-taux.com\/blog\/#organization","name":"Mon-taux.com","url":"https:\/\/mon-taux.com\/blog\/","logo":{"@type":"ImageObject","inLanguage":"fr-FR","@id":"https:\/\/mon-taux.com\/blog\/#\/schema\/logo\/image\/","url":"https:\/\/mon-taux.com\/blog\/wp-content\/uploads\/2020\/08\/montaux-new-logo-e1596462820847.png","contentUrl":"https:\/\/mon-taux.com\/blog\/wp-content\/uploads\/2020\/08\/montaux-new-logo-e1596462820847.png","width":300,"height":172,"caption":"Mon-taux.com"},"image":{"@id":"https:\/\/mon-taux.com\/blog\/#\/schema\/logo\/image\/"},"sameAs":["https:\/\/www.facebook.com\/MonTauxCom.ComparateurFrontalier","https:\/\/x.com\/MonTauxCom","https:\/\/www.youtube.com\/channel\/UCyft978dCKAgV8DglhSW6gg"]},{"@type":"Person","@id":"https:\/\/mon-taux.com\/blog\/#\/schema\/person\/bfe88bfabe109e312d4cd786a3dfe66f","name":"montaux","image":{"@type":"ImageObject","inLanguage":"fr-FR","@id":"https:\/\/mon-taux.com\/blog\/#\/schema\/person\/image\/","url":"https:\/\/mon-taux.com\/blog\/wp-content\/uploads\/2020\/08\/favicon2-150x150.png","contentUrl":"https:\/\/mon-taux.com\/blog\/wp-content\/uploads\/2020\/08\/favicon2-150x150.png","caption":"montaux"},"sameAs":["https:\/\/mon-taux.com"],"url":"https:\/\/mon-taux.com\/blog\/author\/montaux\/"}]}},"_links":{"self":[{"href":"https:\/\/mon-taux.com\/blog\/wp-json\/wp\/v2\/posts\/3217","targetHints":{"allow":["GET"]}}],"collection":[{"href":"https:\/\/mon-taux.com\/blog\/wp-json\/wp\/v2\/posts"}],"about":[{"href":"https:\/\/mon-taux.com\/blog\/wp-json\/wp\/v2\/types\/post"}],"author":[{"embeddable":true,"href":"https:\/\/mon-taux.com\/blog\/wp-json\/wp\/v2\/users\/2"}],"replies":[{"embeddable":true,"href":"https:\/\/mon-taux.com\/blog\/wp-json\/wp\/v2\/comments?post=3217"}],"version-history":[{"count":0,"href":"https:\/\/mon-taux.com\/blog\/wp-json\/wp\/v2\/posts\/3217\/revisions"}],"wp:featuredmedia":[{"embeddable":true,"href":"https:\/\/mon-taux.com\/blog\/wp-json\/"}],"wp:attachment":[{"href":"https:\/\/mon-taux.com\/blog\/wp-json\/wp\/v2\/media?parent=3217"}],"wp:term":[{"taxonomy":"category","embeddable":true,"href":"https:\/\/mon-taux.com\/blog\/wp-json\/wp\/v2\/categories?post=3217"},{"taxonomy":"post_tag","embeddable":true,"href":"https:\/\/mon-taux.com\/blog\/wp-json\/wp\/v2\/tags?post=3217"}],"curies":[{"name":"wp","href":"https:\/\/api.w.org\/{rel}","templated":true}]}}