{"id":31073,"date":"2020-03-03T09:53:30","date_gmt":"2020-03-03T08:53:30","guid":{"rendered":"http:\/\/www.mon-taux.com\/?p=13686"},"modified":"2020-03-03T09:53:30","modified_gmt":"2020-03-03T08:53:30","slug":"02032020-evolution-mitigee-du-cours-eurofranc-suisse","status":"publish","type":"post","link":"https:\/\/mon-taux.com\/blog\/2020\/03\/03\/02032020-evolution-mitigee-du-cours-eurofranc-suisse\/","title":{"rendered":"02\/03\/2020 &#8211; \u00c9volution mitig\u00e9e du cours euro\/franc suisse"},"content":{"rendered":"<p dir=\"ltr\" style=\"text-align: left;\"><span style=\"font-size: medium;\">Ce matin, l\u2019euro retrouve un peu d\u2019\u00e9clat apr\u00e8s avoir touch\u00e9 des plus bas depuis 2017. Le ralentissement brutal de l\u2019\u00e9conomie mondiale li\u00e9 \u00e0 l\u2019\u00e9pid\u00e9mie du coronavirus pousse les investisseurs vers des valeurs refuges ce qui profite au franc suisse. Dans le contexte actuel, il est difficile \u00e0 court terme, d\u2019envisager un rebond de la monnaie unique. L\u2019annonce, ces derni\u00e8res heures, de l\u2019intervention des banques centrales pour soutenir l\u2019\u00e9conomie vise \u00e0 rassurer les march\u00e9s et profite \u00e0 l\u2019euro. Cela explique la l\u00e9g\u00e8re reprise de ce matin.<\/span><\/p>\n<p>&nbsp;<\/p>\n<p dir=\"ltr\"><span style=\"font-size: medium;\">Malgr\u00e9 tout, l\u2019analyse du march\u00e9 laisse penser que le franc suisse devrait poursuivre sa hausse face \u00e0 l\u2019euro.\u00a0<\/span><\/p>\n<p dir=\"ltr\" style=\"text-align: left;\"><span style=\"font-size: medium;\">Analyse <a href=\"http:\/\/change-prive.com\/\" target=\"_blank\" rel=\"noopener noreferrer\">Change-priv\u00e9.com<\/a><\/span><\/p>\n<p dir=\"ltr\" style=\"text-align: left;\"><a href=\"http:\/\/change-prive.com\/\"><img loading=\"lazy\" decoding=\"async\" title=\"Change-priveLogo\" src=\"http:\/\/www.mon-taux.com\/site\/wp-content\/uploads\/2018\/10\/Change-priveLogo.png\" alt=\"\" width=\"191\" height=\"30\" \/><\/a><\/p>\n<p dir=\"ltr\"><a href=\"https:\/\/mon-taux-de-change.com\/wp-content\/uploads\/2020\/03\/korona1.jpg\"><img loading=\"lazy\" decoding=\"async\" class=\" size-full wp-image-13691 aligncenter\" title=\"korona\" src=\"https:\/\/mon-taux-de-change.com\/wp-content\/uploads\/2020\/03\/korona1.jpg\" alt=\"\" width=\"600\" height=\"400\" \/><\/a><\/p>\n<p style=\"text-align: center;\">\n","protected":false},"excerpt":{"rendered":"<p>Ce matin, l\u2019euro retrouve un peu d\u2019\u00e9clat apr\u00e8s avoir touch\u00e9 des plus bas depuis 2017. Le ralentissement brutal de l\u2019\u00e9conomie mondiale li\u00e9 \u00e0 l\u2019\u00e9pid\u00e9mie du coronavirus pousse les investisseurs vers des valeurs refuges ce qui profite au franc suisse. Dans le contexte actuel, il est difficile \u00e0 court terme, d\u2019envisager un rebond de la monnaie [&hellip;]<\/p>\n","protected":false},"author":4,"featured_media":31094,"comment_status":"open","ping_status":"open","sticky":false,"template":"","format":"standard","meta":{"footnotes":""},"categories":[33],"tags":[36],"class_list":{"0":"post-31073","1":"post","2":"type-post","3":"status-publish","4":"format-standard","5":"has-post-thumbnail","7":"category-taux-de-change-actualites","8":"tag-covid-19","9":"czr-hentry"},"yoast_head":"<!-- This site is optimized with the Yoast SEO plugin v25.8 - https:\/\/yoast.com\/wordpress\/plugins\/seo\/ -->\n<title>02\/03\/2020 - \u00c9volution mitig\u00e9e du cours euro\/franc suisse - Mon-taux.com - Blog des experts en frontaliers<\/title>\n<meta name=\"robots\" content=\"index, follow, max-snippet:-1, max-image-preview:large, max-video-preview:-1\" \/>\n<link rel=\"canonical\" href=\"https:\/\/mon-taux.com\/blog\/2020\/03\/03\/02032020-evolution-mitigee-du-cours-eurofranc-suisse\/\" \/>\n<meta property=\"og:locale\" content=\"fr_FR\" \/>\n<meta property=\"og:type\" content=\"article\" \/>\n<meta property=\"og:title\" content=\"02\/03\/2020 - \u00c9volution mitig\u00e9e du cours euro\/franc suisse - Mon-taux.com - Blog des experts en frontaliers\" \/>\n<meta property=\"og:description\" content=\"Ce matin, l\u2019euro retrouve un peu d\u2019\u00e9clat apr\u00e8s avoir touch\u00e9 des plus bas depuis 2017. Le ralentissement brutal de l\u2019\u00e9conomie mondiale li\u00e9 \u00e0 l\u2019\u00e9pid\u00e9mie du coronavirus pousse les investisseurs vers des valeurs refuges ce qui profite au franc suisse. Dans le contexte actuel, il est difficile \u00e0 court terme, d\u2019envisager un rebond de la monnaie [&hellip;]\" \/>\n<meta property=\"og:url\" content=\"https:\/\/mon-taux.com\/blog\/2020\/03\/03\/02032020-evolution-mitigee-du-cours-eurofranc-suisse\/\" \/>\n<meta property=\"og:site_name\" content=\"Mon-taux.com - Blog des experts en frontaliers\" \/>\n<meta property=\"article:publisher\" content=\"https:\/\/www.facebook.com\/MonTauxCom.ComparateurFrontalier\" \/>\n<meta property=\"article:published_time\" content=\"2020-03-03T08:53:30+00:00\" \/>\n<meta property=\"og:image\" content=\"https:\/\/mon-taux.com\/blog\/wp-content\/uploads\/2020\/03\/korona1-1.jpg\" \/>\n\t<meta property=\"og:image:width\" content=\"600\" \/>\n\t<meta property=\"og:image:height\" content=\"400\" \/>\n\t<meta property=\"og:image:type\" content=\"image\/jpeg\" \/>\n<meta name=\"author\" content=\"Christophe Change-Priv\u00e9\" \/>\n<meta name=\"twitter:card\" content=\"summary_large_image\" \/>\n<meta name=\"twitter:creator\" content=\"@MonTauxCom\" \/>\n<meta name=\"twitter:site\" content=\"@MonTauxCom\" \/>\n<meta name=\"twitter:label1\" content=\"\u00c9crit par\" \/>\n\t<meta name=\"twitter:data1\" content=\"Christophe Change-Priv\u00e9\" \/>\n\t<meta name=\"twitter:label2\" content=\"Dur\u00e9e de lecture estim\u00e9e\" \/>\n\t<meta name=\"twitter:data2\" content=\"1 minute\" \/>\n<script type=\"application\/ld+json\" class=\"yoast-schema-graph\">{\"@context\":\"https:\/\/schema.org\",\"@graph\":[{\"@type\":\"Article\",\"@id\":\"https:\/\/mon-taux.com\/blog\/2020\/03\/03\/02032020-evolution-mitigee-du-cours-eurofranc-suisse\/#article\",\"isPartOf\":{\"@id\":\"https:\/\/mon-taux.com\/blog\/2020\/03\/03\/02032020-evolution-mitigee-du-cours-eurofranc-suisse\/\"},\"author\":{\"name\":\"Christophe Change-Priv\u00e9\",\"@id\":\"https:\/\/mon-taux.com\/blog\/#\/schema\/person\/cb4fec805169c3bf98a4b8f828b932a0\"},\"headline\":\"02\/03\/2020 &#8211; \u00c9volution mitig\u00e9e du cours euro\/franc suisse\",\"datePublished\":\"2020-03-03T08:53:30+00:00\",\"mainEntityOfPage\":{\"@id\":\"https:\/\/mon-taux.com\/blog\/2020\/03\/03\/02032020-evolution-mitigee-du-cours-eurofranc-suisse\/\"},\"wordCount\":127,\"commentCount\":0,\"publisher\":{\"@id\":\"https:\/\/mon-taux.com\/blog\/#organization\"},\"image\":{\"@id\":\"https:\/\/mon-taux.com\/blog\/2020\/03\/03\/02032020-evolution-mitigee-du-cours-eurofranc-suisse\/#primaryimage\"},\"thumbnailUrl\":\"https:\/\/mon-taux.com\/blog\/wp-content\/uploads\/2020\/03\/korona1-1.jpg\",\"keywords\":[\"Covid-19\"],\"articleSection\":[\"Change\"],\"inLanguage\":\"fr-FR\",\"potentialAction\":[{\"@type\":\"CommentAction\",\"name\":\"Comment\",\"target\":[\"https:\/\/mon-taux.com\/blog\/2020\/03\/03\/02032020-evolution-mitigee-du-cours-eurofranc-suisse\/#respond\"]}]},{\"@type\":\"WebPage\",\"@id\":\"https:\/\/mon-taux.com\/blog\/2020\/03\/03\/02032020-evolution-mitigee-du-cours-eurofranc-suisse\/\",\"url\":\"https:\/\/mon-taux.com\/blog\/2020\/03\/03\/02032020-evolution-mitigee-du-cours-eurofranc-suisse\/\",\"name\":\"02\/03\/2020 - \u00c9volution mitig\u00e9e du cours euro\/franc suisse - Mon-taux.com - Blog des experts en frontaliers\",\"isPartOf\":{\"@id\":\"https:\/\/mon-taux.com\/blog\/#website\"},\"primaryImageOfPage\":{\"@id\":\"https:\/\/mon-taux.com\/blog\/2020\/03\/03\/02032020-evolution-mitigee-du-cours-eurofranc-suisse\/#primaryimage\"},\"image\":{\"@id\":\"https:\/\/mon-taux.com\/blog\/2020\/03\/03\/02032020-evolution-mitigee-du-cours-eurofranc-suisse\/#primaryimage\"},\"thumbnailUrl\":\"https:\/\/mon-taux.com\/blog\/wp-content\/uploads\/2020\/03\/korona1-1.jpg\",\"datePublished\":\"2020-03-03T08:53:30+00:00\",\"breadcrumb\":{\"@id\":\"https:\/\/mon-taux.com\/blog\/2020\/03\/03\/02032020-evolution-mitigee-du-cours-eurofranc-suisse\/#breadcrumb\"},\"inLanguage\":\"fr-FR\",\"potentialAction\":[{\"@type\":\"ReadAction\",\"target\":[\"https:\/\/mon-taux.com\/blog\/2020\/03\/03\/02032020-evolution-mitigee-du-cours-eurofranc-suisse\/\"]}]},{\"@type\":\"ImageObject\",\"inLanguage\":\"fr-FR\",\"@id\":\"https:\/\/mon-taux.com\/blog\/2020\/03\/03\/02032020-evolution-mitigee-du-cours-eurofranc-suisse\/#primaryimage\",\"url\":\"https:\/\/mon-taux.com\/blog\/wp-content\/uploads\/2020\/03\/korona1-1.jpg\",\"contentUrl\":\"https:\/\/mon-taux.com\/blog\/wp-content\/uploads\/2020\/03\/korona1-1.jpg\",\"width\":600,\"height\":400},{\"@type\":\"BreadcrumbList\",\"@id\":\"https:\/\/mon-taux.com\/blog\/2020\/03\/03\/02032020-evolution-mitigee-du-cours-eurofranc-suisse\/#breadcrumb\",\"itemListElement\":[{\"@type\":\"ListItem\",\"position\":1,\"name\":\"Accueil\",\"item\":\"https:\/\/mon-taux.com\/blog\/\"},{\"@type\":\"ListItem\",\"position\":2,\"name\":\"02\/03\/2020 &#8211; \u00c9volution mitig\u00e9e du cours euro\/franc suisse\"}]},{\"@type\":\"WebSite\",\"@id\":\"https:\/\/mon-taux.com\/blog\/#website\",\"url\":\"https:\/\/mon-taux.com\/blog\/\",\"name\":\"Mon-taux.com - Blog des experts en frontaliers\",\"description\":\"\",\"publisher\":{\"@id\":\"https:\/\/mon-taux.com\/blog\/#organization\"},\"potentialAction\":[{\"@type\":\"SearchAction\",\"target\":{\"@type\":\"EntryPoint\",\"urlTemplate\":\"https:\/\/mon-taux.com\/blog\/?s={search_term_string}\"},\"query-input\":{\"@type\":\"PropertyValueSpecification\",\"valueRequired\":true,\"valueName\":\"search_term_string\"}}],\"inLanguage\":\"fr-FR\"},{\"@type\":\"Organization\",\"@id\":\"https:\/\/mon-taux.com\/blog\/#organization\",\"name\":\"Mon-taux.com\",\"url\":\"https:\/\/mon-taux.com\/blog\/\",\"logo\":{\"@type\":\"ImageObject\",\"inLanguage\":\"fr-FR\",\"@id\":\"https:\/\/mon-taux.com\/blog\/#\/schema\/logo\/image\/\",\"url\":\"https:\/\/mon-taux.com\/blog\/wp-content\/uploads\/2020\/08\/montaux-new-logo-e1596462820847.png\",\"contentUrl\":\"https:\/\/mon-taux.com\/blog\/wp-content\/uploads\/2020\/08\/montaux-new-logo-e1596462820847.png\",\"width\":300,\"height\":172,\"caption\":\"Mon-taux.com\"},\"image\":{\"@id\":\"https:\/\/mon-taux.com\/blog\/#\/schema\/logo\/image\/\"},\"sameAs\":[\"https:\/\/www.facebook.com\/MonTauxCom.ComparateurFrontalier\",\"https:\/\/x.com\/MonTauxCom\",\"https:\/\/www.youtube.com\/channel\/UCyft978dCKAgV8DglhSW6gg\"]},{\"@type\":\"Person\",\"@id\":\"https:\/\/mon-taux.com\/blog\/#\/schema\/person\/cb4fec805169c3bf98a4b8f828b932a0\",\"name\":\"Christophe Change-Priv\u00e9\",\"image\":{\"@type\":\"ImageObject\",\"inLanguage\":\"fr-FR\",\"@id\":\"https:\/\/mon-taux.com\/blog\/#\/schema\/person\/image\/\",\"url\":\"https:\/\/mon-taux.com\/blog\/wp-content\/uploads\/2020\/08\/christophe-150x150.jpg\",\"contentUrl\":\"https:\/\/mon-taux.com\/blog\/wp-content\/uploads\/2020\/08\/christophe-150x150.jpg\",\"caption\":\"Christophe Change-Priv\u00e9\"},\"description\":\"Apr\u00e8s une formation dans l'univers de l'informatique, je suis entr\u00e9 dans l'univers pour y gravir tout les \u00e9chelons. J'ai \u00e9t\u00e9 conseiller pro puis responsable d'agence au Cr\u00e9dit Agricole des Savoie. J'ai eu l'opportunit\u00e9 de franchir la fronti\u00e8re pour int\u00e9grer UBS ou j'ai exerc\u00e9 le m\u00e9tier de conseiller hypoth\u00e9caire avant d'int\u00e9grer la Banque Conatonale de Gen\u00e8ve ( BCGE) ou j'ai \u00e9t\u00e9 Chef d'agence, puis responsable du d\u00e9partement Financement des PME, cr\u00e9dit personnel et leasing. En qualit\u00e9 de membre de direction, je repr\u00e9sentais la division Grand Public au sein Comit\u00e9 des Cr\u00e9dit de la banque. En 2010, j'ai franchi le cap pou cr\u00e9er Mon-taux.com.\",\"sameAs\":[\"https:\/\/mon-taux.com\/experts-frontaliers\/change-prive\/\"],\"url\":\"https:\/\/mon-taux.com\/blog\/author\/christophemon-taux-com\/\"}]}<\/script>\n<!-- \/ Yoast SEO plugin. -->","yoast_head_json":{"title":"02\/03\/2020 - \u00c9volution mitig\u00e9e du cours euro\/franc suisse - Mon-taux.com - Blog des experts en frontaliers","robots":{"index":"index","follow":"follow","max-snippet":"max-snippet:-1","max-image-preview":"max-image-preview:large","max-video-preview":"max-video-preview:-1"},"canonical":"https:\/\/mon-taux.com\/blog\/2020\/03\/03\/02032020-evolution-mitigee-du-cours-eurofranc-suisse\/","og_locale":"fr_FR","og_type":"article","og_title":"02\/03\/2020 - \u00c9volution mitig\u00e9e du cours euro\/franc suisse - Mon-taux.com - Blog des experts en frontaliers","og_description":"Ce matin, l\u2019euro retrouve un peu d\u2019\u00e9clat apr\u00e8s avoir touch\u00e9 des plus bas depuis 2017. Le ralentissement brutal de l\u2019\u00e9conomie mondiale li\u00e9 \u00e0 l\u2019\u00e9pid\u00e9mie du coronavirus pousse les investisseurs vers des valeurs refuges ce qui profite au franc suisse. Dans le contexte actuel, il est difficile \u00e0 court terme, d\u2019envisager un rebond de la monnaie [&hellip;]","og_url":"https:\/\/mon-taux.com\/blog\/2020\/03\/03\/02032020-evolution-mitigee-du-cours-eurofranc-suisse\/","og_site_name":"Mon-taux.com - Blog des experts en frontaliers","article_publisher":"https:\/\/www.facebook.com\/MonTauxCom.ComparateurFrontalier","article_published_time":"2020-03-03T08:53:30+00:00","og_image":[{"width":600,"height":400,"url":"https:\/\/mon-taux.com\/blog\/wp-content\/uploads\/2020\/03\/korona1-1.jpg","type":"image\/jpeg"}],"author":"Christophe Change-Priv\u00e9","twitter_card":"summary_large_image","twitter_creator":"@MonTauxCom","twitter_site":"@MonTauxCom","twitter_misc":{"\u00c9crit par":"Christophe Change-Priv\u00e9","Dur\u00e9e de lecture estim\u00e9e":"1 minute"},"schema":{"@context":"https:\/\/schema.org","@graph":[{"@type":"Article","@id":"https:\/\/mon-taux.com\/blog\/2020\/03\/03\/02032020-evolution-mitigee-du-cours-eurofranc-suisse\/#article","isPartOf":{"@id":"https:\/\/mon-taux.com\/blog\/2020\/03\/03\/02032020-evolution-mitigee-du-cours-eurofranc-suisse\/"},"author":{"name":"Christophe Change-Priv\u00e9","@id":"https:\/\/mon-taux.com\/blog\/#\/schema\/person\/cb4fec805169c3bf98a4b8f828b932a0"},"headline":"02\/03\/2020 &#8211; \u00c9volution mitig\u00e9e du cours euro\/franc suisse","datePublished":"2020-03-03T08:53:30+00:00","mainEntityOfPage":{"@id":"https:\/\/mon-taux.com\/blog\/2020\/03\/03\/02032020-evolution-mitigee-du-cours-eurofranc-suisse\/"},"wordCount":127,"commentCount":0,"publisher":{"@id":"https:\/\/mon-taux.com\/blog\/#organization"},"image":{"@id":"https:\/\/mon-taux.com\/blog\/2020\/03\/03\/02032020-evolution-mitigee-du-cours-eurofranc-suisse\/#primaryimage"},"thumbnailUrl":"https:\/\/mon-taux.com\/blog\/wp-content\/uploads\/2020\/03\/korona1-1.jpg","keywords":["Covid-19"],"articleSection":["Change"],"inLanguage":"fr-FR","potentialAction":[{"@type":"CommentAction","name":"Comment","target":["https:\/\/mon-taux.com\/blog\/2020\/03\/03\/02032020-evolution-mitigee-du-cours-eurofranc-suisse\/#respond"]}]},{"@type":"WebPage","@id":"https:\/\/mon-taux.com\/blog\/2020\/03\/03\/02032020-evolution-mitigee-du-cours-eurofranc-suisse\/","url":"https:\/\/mon-taux.com\/blog\/2020\/03\/03\/02032020-evolution-mitigee-du-cours-eurofranc-suisse\/","name":"02\/03\/2020 - \u00c9volution mitig\u00e9e du cours euro\/franc suisse - Mon-taux.com - Blog des experts en frontaliers","isPartOf":{"@id":"https:\/\/mon-taux.com\/blog\/#website"},"primaryImageOfPage":{"@id":"https:\/\/mon-taux.com\/blog\/2020\/03\/03\/02032020-evolution-mitigee-du-cours-eurofranc-suisse\/#primaryimage"},"image":{"@id":"https:\/\/mon-taux.com\/blog\/2020\/03\/03\/02032020-evolution-mitigee-du-cours-eurofranc-suisse\/#primaryimage"},"thumbnailUrl":"https:\/\/mon-taux.com\/blog\/wp-content\/uploads\/2020\/03\/korona1-1.jpg","datePublished":"2020-03-03T08:53:30+00:00","breadcrumb":{"@id":"https:\/\/mon-taux.com\/blog\/2020\/03\/03\/02032020-evolution-mitigee-du-cours-eurofranc-suisse\/#breadcrumb"},"inLanguage":"fr-FR","potentialAction":[{"@type":"ReadAction","target":["https:\/\/mon-taux.com\/blog\/2020\/03\/03\/02032020-evolution-mitigee-du-cours-eurofranc-suisse\/"]}]},{"@type":"ImageObject","inLanguage":"fr-FR","@id":"https:\/\/mon-taux.com\/blog\/2020\/03\/03\/02032020-evolution-mitigee-du-cours-eurofranc-suisse\/#primaryimage","url":"https:\/\/mon-taux.com\/blog\/wp-content\/uploads\/2020\/03\/korona1-1.jpg","contentUrl":"https:\/\/mon-taux.com\/blog\/wp-content\/uploads\/2020\/03\/korona1-1.jpg","width":600,"height":400},{"@type":"BreadcrumbList","@id":"https:\/\/mon-taux.com\/blog\/2020\/03\/03\/02032020-evolution-mitigee-du-cours-eurofranc-suisse\/#breadcrumb","itemListElement":[{"@type":"ListItem","position":1,"name":"Accueil","item":"https:\/\/mon-taux.com\/blog\/"},{"@type":"ListItem","position":2,"name":"02\/03\/2020 &#8211; \u00c9volution mitig\u00e9e du cours euro\/franc suisse"}]},{"@type":"WebSite","@id":"https:\/\/mon-taux.com\/blog\/#website","url":"https:\/\/mon-taux.com\/blog\/","name":"Mon-taux.com - Blog des experts en frontaliers","description":"","publisher":{"@id":"https:\/\/mon-taux.com\/blog\/#organization"},"potentialAction":[{"@type":"SearchAction","target":{"@type":"EntryPoint","urlTemplate":"https:\/\/mon-taux.com\/blog\/?s={search_term_string}"},"query-input":{"@type":"PropertyValueSpecification","valueRequired":true,"valueName":"search_term_string"}}],"inLanguage":"fr-FR"},{"@type":"Organization","@id":"https:\/\/mon-taux.com\/blog\/#organization","name":"Mon-taux.com","url":"https:\/\/mon-taux.com\/blog\/","logo":{"@type":"ImageObject","inLanguage":"fr-FR","@id":"https:\/\/mon-taux.com\/blog\/#\/schema\/logo\/image\/","url":"https:\/\/mon-taux.com\/blog\/wp-content\/uploads\/2020\/08\/montaux-new-logo-e1596462820847.png","contentUrl":"https:\/\/mon-taux.com\/blog\/wp-content\/uploads\/2020\/08\/montaux-new-logo-e1596462820847.png","width":300,"height":172,"caption":"Mon-taux.com"},"image":{"@id":"https:\/\/mon-taux.com\/blog\/#\/schema\/logo\/image\/"},"sameAs":["https:\/\/www.facebook.com\/MonTauxCom.ComparateurFrontalier","https:\/\/x.com\/MonTauxCom","https:\/\/www.youtube.com\/channel\/UCyft978dCKAgV8DglhSW6gg"]},{"@type":"Person","@id":"https:\/\/mon-taux.com\/blog\/#\/schema\/person\/cb4fec805169c3bf98a4b8f828b932a0","name":"Christophe Change-Priv\u00e9","image":{"@type":"ImageObject","inLanguage":"fr-FR","@id":"https:\/\/mon-taux.com\/blog\/#\/schema\/person\/image\/","url":"https:\/\/mon-taux.com\/blog\/wp-content\/uploads\/2020\/08\/christophe-150x150.jpg","contentUrl":"https:\/\/mon-taux.com\/blog\/wp-content\/uploads\/2020\/08\/christophe-150x150.jpg","caption":"Christophe Change-Priv\u00e9"},"description":"Apr\u00e8s une formation dans l'univers de l'informatique, je suis entr\u00e9 dans l'univers pour y gravir tout les \u00e9chelons. J'ai \u00e9t\u00e9 conseiller pro puis responsable d'agence au Cr\u00e9dit Agricole des Savoie. J'ai eu l'opportunit\u00e9 de franchir la fronti\u00e8re pour int\u00e9grer UBS ou j'ai exerc\u00e9 le m\u00e9tier de conseiller hypoth\u00e9caire avant d'int\u00e9grer la Banque Conatonale de Gen\u00e8ve ( BCGE) ou j'ai \u00e9t\u00e9 Chef d'agence, puis responsable du d\u00e9partement Financement des PME, cr\u00e9dit personnel et leasing. En qualit\u00e9 de membre de direction, je repr\u00e9sentais la division Grand Public au sein Comit\u00e9 des Cr\u00e9dit de la banque. En 2010, j'ai franchi le cap pou cr\u00e9er Mon-taux.com.","sameAs":["https:\/\/mon-taux.com\/experts-frontaliers\/change-prive\/"],"url":"https:\/\/mon-taux.com\/blog\/author\/christophemon-taux-com\/"}]}},"_links":{"self":[{"href":"https:\/\/mon-taux.com\/blog\/wp-json\/wp\/v2\/posts\/31073","targetHints":{"allow":["GET"]}}],"collection":[{"href":"https:\/\/mon-taux.com\/blog\/wp-json\/wp\/v2\/posts"}],"about":[{"href":"https:\/\/mon-taux.com\/blog\/wp-json\/wp\/v2\/types\/post"}],"author":[{"embeddable":true,"href":"https:\/\/mon-taux.com\/blog\/wp-json\/wp\/v2\/users\/4"}],"replies":[{"embeddable":true,"href":"https:\/\/mon-taux.com\/blog\/wp-json\/wp\/v2\/comments?post=31073"}],"version-history":[{"count":0,"href":"https:\/\/mon-taux.com\/blog\/wp-json\/wp\/v2\/posts\/31073\/revisions"}],"wp:featuredmedia":[{"embeddable":true,"href":"https:\/\/mon-taux.com\/blog\/wp-json\/wp\/v2\/media\/31094"}],"wp:attachment":[{"href":"https:\/\/mon-taux.com\/blog\/wp-json\/wp\/v2\/media?parent=31073"}],"wp:term":[{"taxonomy":"category","embeddable":true,"href":"https:\/\/mon-taux.com\/blog\/wp-json\/wp\/v2\/categories?post=31073"},{"taxonomy":"post_tag","embeddable":true,"href":"https:\/\/mon-taux.com\/blog\/wp-json\/wp\/v2\/tags?post=31073"}],"curies":[{"name":"wp","href":"https:\/\/api.w.org\/{rel}","templated":true}]}}