{"id":3058,"date":"2011-07-11T11:30:22","date_gmt":"2011-07-11T09:30:22","guid":{"rendered":"https:\/\/mon-taux-de-change.com\/?p=3058"},"modified":"2011-07-11T11:30:22","modified_gmt":"2011-07-11T09:30:22","slug":"110711-les-difficultes-des-etats-unis-et-de-leuro-font-grimper-le-franc-suisse","status":"publish","type":"post","link":"https:\/\/mon-taux.com\/blog\/2011\/07\/11\/110711-les-difficultes-des-etats-unis-et-de-leuro-font-grimper-le-franc-suisse\/","title":{"rendered":"11\/07\/11 &#8211; Les difficult\u00e9s des Etats-Unis et de l\u2019Euro font grimper le franc suisse"},"content":{"rendered":"<p style=\"text-align: justify;\"><span style=\"font-size: small;\">Comme nous l\u2019avions pr\u00e9vu la semaine pass\u00e9e, le cours Euro\/Chf a \u00e9t\u00e9 tr\u00e8s volatile avec un pic\u00a0 \u00e0 1,2346 dans la foul\u00e9e de l\u2019annonce de la hausse des taux de la zone Euro, avant un retour sous les 1,19 en fin de semaine avec le retour des probl\u00e8mes de dette pour les pays europ\u00e9ens.<\/span><\/p>\n<p style=\"text-align: justify;\"><span style=\"font-size: small;\">Le franc suisse devrait profiter une nouvelle fois des situations difficiles que traversent les Etats-Unis et l\u2019Europe. Aux USA, l\u2019\u00e9conomie am\u00e9ricaine ne cr\u00e9e pas autant d\u2019emploi que pr\u00e9vu et le tr\u00e9sor am\u00e9ricain sera en d\u00e9faut de paiement si aucun accord n\u2019est trouv\u00e9 au niveau politique pour remonter le plafond de la dette.<\/span><\/p>\n<p style=\"text-align: justify;\"><span style=\"font-size: small;\">En Europe, plusieurs pays sont maintenant consid\u00e9r\u00e9s en situation de quasi-faillite par les agences de notation. Les plans de sauvetage se succ\u00e8dent mais aucun n\u2019est \u00e0 la hauteur de la situation.<\/span><\/p>\n<p style=\"text-align: justify;\"><span style=\"font-size: small;\">Si les europ\u00e9ens veulent parler d\u2019une seule voix, de nombreux points divergeants subsistent en eux. Dans ces conditions le Franc Suisse sera \u00e0 nouveau tr\u00e8s recherch\u00e9 et pour cette semaine, le cours Euro\/Chf devrait fluctuer entre 1,16 et 1,20.<\/span><\/p>\n<p style=\"text-align: justify;\">\n","protected":false},"excerpt":{"rendered":"<p>Comme nous l\u2019avions pr\u00e9vu la semaine pass\u00e9e, le cours Euro\/Chf a \u00e9t\u00e9 tr\u00e8s volatile avec un pic\u00a0 \u00e0 1,2346 dans la foul\u00e9e de l\u2019annonce de la hausse des taux de la zone Euro, avant un retour sous les 1,19 en fin de semaine avec le retour des probl\u00e8mes de dette pour les pays europ\u00e9ens. Le [&hellip;]<\/p>\n","protected":false},"author":2,"featured_media":0,"comment_status":"closed","ping_status":"open","sticky":false,"template":"","format":"standard","meta":{"footnotes":""},"categories":[14],"tags":[],"class_list":{"0":"post-3058","1":"post","2":"type-post","3":"status-publish","4":"format-standard","6":"category-historique-taux-de-change","7":"czr-hentry"},"yoast_head":"<!-- This site is optimized with the Yoast SEO plugin v25.8 - https:\/\/yoast.com\/wordpress\/plugins\/seo\/ -->\n<title>11\/07\/11 - Les difficult\u00e9s des Etats-Unis et de l\u2019Euro font grimper le franc suisse - Mon-taux.com - Blog des experts en frontaliers<\/title>\n<meta name=\"robots\" content=\"index, follow, max-snippet:-1, max-image-preview:large, max-video-preview:-1\" \/>\n<link rel=\"canonical\" href=\"https:\/\/mon-taux.com\/blog\/2011\/07\/11\/110711-les-difficultes-des-etats-unis-et-de-leuro-font-grimper-le-franc-suisse\/\" \/>\n<meta property=\"og:locale\" content=\"fr_FR\" \/>\n<meta property=\"og:type\" content=\"article\" \/>\n<meta property=\"og:title\" content=\"11\/07\/11 - Les difficult\u00e9s des Etats-Unis et de l\u2019Euro font grimper le franc suisse - Mon-taux.com - Blog des experts en frontaliers\" \/>\n<meta property=\"og:description\" content=\"Comme nous l\u2019avions pr\u00e9vu la semaine pass\u00e9e, le cours Euro\/Chf a \u00e9t\u00e9 tr\u00e8s volatile avec un pic\u00a0 \u00e0 1,2346 dans la foul\u00e9e de l\u2019annonce de la hausse des taux de la zone Euro, avant un retour sous les 1,19 en fin de semaine avec le retour des probl\u00e8mes de dette pour les pays europ\u00e9ens. Le [&hellip;]\" \/>\n<meta property=\"og:url\" content=\"https:\/\/mon-taux.com\/blog\/2011\/07\/11\/110711-les-difficultes-des-etats-unis-et-de-leuro-font-grimper-le-franc-suisse\/\" \/>\n<meta property=\"og:site_name\" content=\"Mon-taux.com - Blog des experts en frontaliers\" \/>\n<meta property=\"article:publisher\" content=\"https:\/\/www.facebook.com\/MonTauxCom.ComparateurFrontalier\" \/>\n<meta property=\"article:published_time\" content=\"2011-07-11T09:30:22+00:00\" \/>\n<meta name=\"author\" content=\"montaux\" \/>\n<meta name=\"twitter:card\" content=\"summary_large_image\" \/>\n<meta name=\"twitter:creator\" content=\"@MonTauxCom\" \/>\n<meta name=\"twitter:site\" content=\"@MonTauxCom\" \/>\n<meta name=\"twitter:label1\" content=\"\u00c9crit par\" \/>\n\t<meta name=\"twitter:data1\" content=\"montaux\" \/>\n\t<meta name=\"twitter:label2\" content=\"Dur\u00e9e de lecture estim\u00e9e\" \/>\n\t<meta name=\"twitter:data2\" content=\"1 minute\" \/>\n<script type=\"application\/ld+json\" class=\"yoast-schema-graph\">{\"@context\":\"https:\/\/schema.org\",\"@graph\":[{\"@type\":\"Article\",\"@id\":\"https:\/\/mon-taux.com\/blog\/2011\/07\/11\/110711-les-difficultes-des-etats-unis-et-de-leuro-font-grimper-le-franc-suisse\/#article\",\"isPartOf\":{\"@id\":\"https:\/\/mon-taux.com\/blog\/2011\/07\/11\/110711-les-difficultes-des-etats-unis-et-de-leuro-font-grimper-le-franc-suisse\/\"},\"author\":{\"name\":\"montaux\",\"@id\":\"https:\/\/mon-taux.com\/blog\/#\/schema\/person\/bfe88bfabe109e312d4cd786a3dfe66f\"},\"headline\":\"11\/07\/11 &#8211; Les difficult\u00e9s des Etats-Unis et de l\u2019Euro font grimper le franc suisse\",\"datePublished\":\"2011-07-11T09:30:22+00:00\",\"mainEntityOfPage\":{\"@id\":\"https:\/\/mon-taux.com\/blog\/2011\/07\/11\/110711-les-difficultes-des-etats-unis-et-de-leuro-font-grimper-le-franc-suisse\/\"},\"wordCount\":211,\"publisher\":{\"@id\":\"https:\/\/mon-taux.com\/blog\/#organization\"},\"articleSection\":[\"historique taux de change\"],\"inLanguage\":\"fr-FR\"},{\"@type\":\"WebPage\",\"@id\":\"https:\/\/mon-taux.com\/blog\/2011\/07\/11\/110711-les-difficultes-des-etats-unis-et-de-leuro-font-grimper-le-franc-suisse\/\",\"url\":\"https:\/\/mon-taux.com\/blog\/2011\/07\/11\/110711-les-difficultes-des-etats-unis-et-de-leuro-font-grimper-le-franc-suisse\/\",\"name\":\"11\/07\/11 - Les difficult\u00e9s des Etats-Unis et de l\u2019Euro font grimper le franc suisse - Mon-taux.com - Blog des experts en frontaliers\",\"isPartOf\":{\"@id\":\"https:\/\/mon-taux.com\/blog\/#website\"},\"datePublished\":\"2011-07-11T09:30:22+00:00\",\"breadcrumb\":{\"@id\":\"https:\/\/mon-taux.com\/blog\/2011\/07\/11\/110711-les-difficultes-des-etats-unis-et-de-leuro-font-grimper-le-franc-suisse\/#breadcrumb\"},\"inLanguage\":\"fr-FR\",\"potentialAction\":[{\"@type\":\"ReadAction\",\"target\":[\"https:\/\/mon-taux.com\/blog\/2011\/07\/11\/110711-les-difficultes-des-etats-unis-et-de-leuro-font-grimper-le-franc-suisse\/\"]}]},{\"@type\":\"BreadcrumbList\",\"@id\":\"https:\/\/mon-taux.com\/blog\/2011\/07\/11\/110711-les-difficultes-des-etats-unis-et-de-leuro-font-grimper-le-franc-suisse\/#breadcrumb\",\"itemListElement\":[{\"@type\":\"ListItem\",\"position\":1,\"name\":\"Accueil\",\"item\":\"https:\/\/mon-taux.com\/blog\/\"},{\"@type\":\"ListItem\",\"position\":2,\"name\":\"11\/07\/11 &#8211; Les difficult\u00e9s des Etats-Unis et de l\u2019Euro font grimper le franc suisse\"}]},{\"@type\":\"WebSite\",\"@id\":\"https:\/\/mon-taux.com\/blog\/#website\",\"url\":\"https:\/\/mon-taux.com\/blog\/\",\"name\":\"Mon-taux.com - Blog des experts en frontaliers\",\"description\":\"\",\"publisher\":{\"@id\":\"https:\/\/mon-taux.com\/blog\/#organization\"},\"potentialAction\":[{\"@type\":\"SearchAction\",\"target\":{\"@type\":\"EntryPoint\",\"urlTemplate\":\"https:\/\/mon-taux.com\/blog\/?s={search_term_string}\"},\"query-input\":{\"@type\":\"PropertyValueSpecification\",\"valueRequired\":true,\"valueName\":\"search_term_string\"}}],\"inLanguage\":\"fr-FR\"},{\"@type\":\"Organization\",\"@id\":\"https:\/\/mon-taux.com\/blog\/#organization\",\"name\":\"Mon-taux.com\",\"url\":\"https:\/\/mon-taux.com\/blog\/\",\"logo\":{\"@type\":\"ImageObject\",\"inLanguage\":\"fr-FR\",\"@id\":\"https:\/\/mon-taux.com\/blog\/#\/schema\/logo\/image\/\",\"url\":\"https:\/\/mon-taux.com\/blog\/wp-content\/uploads\/2020\/08\/montaux-new-logo-e1596462820847.png\",\"contentUrl\":\"https:\/\/mon-taux.com\/blog\/wp-content\/uploads\/2020\/08\/montaux-new-logo-e1596462820847.png\",\"width\":300,\"height\":172,\"caption\":\"Mon-taux.com\"},\"image\":{\"@id\":\"https:\/\/mon-taux.com\/blog\/#\/schema\/logo\/image\/\"},\"sameAs\":[\"https:\/\/www.facebook.com\/MonTauxCom.ComparateurFrontalier\",\"https:\/\/x.com\/MonTauxCom\",\"https:\/\/www.youtube.com\/channel\/UCyft978dCKAgV8DglhSW6gg\"]},{\"@type\":\"Person\",\"@id\":\"https:\/\/mon-taux.com\/blog\/#\/schema\/person\/bfe88bfabe109e312d4cd786a3dfe66f\",\"name\":\"montaux\",\"image\":{\"@type\":\"ImageObject\",\"inLanguage\":\"fr-FR\",\"@id\":\"https:\/\/mon-taux.com\/blog\/#\/schema\/person\/image\/\",\"url\":\"https:\/\/mon-taux.com\/blog\/wp-content\/uploads\/2020\/08\/favicon2-150x150.png\",\"contentUrl\":\"https:\/\/mon-taux.com\/blog\/wp-content\/uploads\/2020\/08\/favicon2-150x150.png\",\"caption\":\"montaux\"},\"sameAs\":[\"https:\/\/mon-taux.com\"],\"url\":\"https:\/\/mon-taux.com\/blog\/author\/montaux\/\"}]}<\/script>\n<!-- \/ Yoast SEO plugin. -->","yoast_head_json":{"title":"11\/07\/11 - Les difficult\u00e9s des Etats-Unis et de l\u2019Euro font grimper le franc suisse - Mon-taux.com - Blog des experts en frontaliers","robots":{"index":"index","follow":"follow","max-snippet":"max-snippet:-1","max-image-preview":"max-image-preview:large","max-video-preview":"max-video-preview:-1"},"canonical":"https:\/\/mon-taux.com\/blog\/2011\/07\/11\/110711-les-difficultes-des-etats-unis-et-de-leuro-font-grimper-le-franc-suisse\/","og_locale":"fr_FR","og_type":"article","og_title":"11\/07\/11 - Les difficult\u00e9s des Etats-Unis et de l\u2019Euro font grimper le franc suisse - Mon-taux.com - Blog des experts en frontaliers","og_description":"Comme nous l\u2019avions pr\u00e9vu la semaine pass\u00e9e, le cours Euro\/Chf a \u00e9t\u00e9 tr\u00e8s volatile avec un pic\u00a0 \u00e0 1,2346 dans la foul\u00e9e de l\u2019annonce de la hausse des taux de la zone Euro, avant un retour sous les 1,19 en fin de semaine avec le retour des probl\u00e8mes de dette pour les pays europ\u00e9ens. Le [&hellip;]","og_url":"https:\/\/mon-taux.com\/blog\/2011\/07\/11\/110711-les-difficultes-des-etats-unis-et-de-leuro-font-grimper-le-franc-suisse\/","og_site_name":"Mon-taux.com - Blog des experts en frontaliers","article_publisher":"https:\/\/www.facebook.com\/MonTauxCom.ComparateurFrontalier","article_published_time":"2011-07-11T09:30:22+00:00","author":"montaux","twitter_card":"summary_large_image","twitter_creator":"@MonTauxCom","twitter_site":"@MonTauxCom","twitter_misc":{"\u00c9crit par":"montaux","Dur\u00e9e de lecture estim\u00e9e":"1 minute"},"schema":{"@context":"https:\/\/schema.org","@graph":[{"@type":"Article","@id":"https:\/\/mon-taux.com\/blog\/2011\/07\/11\/110711-les-difficultes-des-etats-unis-et-de-leuro-font-grimper-le-franc-suisse\/#article","isPartOf":{"@id":"https:\/\/mon-taux.com\/blog\/2011\/07\/11\/110711-les-difficultes-des-etats-unis-et-de-leuro-font-grimper-le-franc-suisse\/"},"author":{"name":"montaux","@id":"https:\/\/mon-taux.com\/blog\/#\/schema\/person\/bfe88bfabe109e312d4cd786a3dfe66f"},"headline":"11\/07\/11 &#8211; Les difficult\u00e9s des Etats-Unis et de l\u2019Euro font grimper le franc suisse","datePublished":"2011-07-11T09:30:22+00:00","mainEntityOfPage":{"@id":"https:\/\/mon-taux.com\/blog\/2011\/07\/11\/110711-les-difficultes-des-etats-unis-et-de-leuro-font-grimper-le-franc-suisse\/"},"wordCount":211,"publisher":{"@id":"https:\/\/mon-taux.com\/blog\/#organization"},"articleSection":["historique taux de change"],"inLanguage":"fr-FR"},{"@type":"WebPage","@id":"https:\/\/mon-taux.com\/blog\/2011\/07\/11\/110711-les-difficultes-des-etats-unis-et-de-leuro-font-grimper-le-franc-suisse\/","url":"https:\/\/mon-taux.com\/blog\/2011\/07\/11\/110711-les-difficultes-des-etats-unis-et-de-leuro-font-grimper-le-franc-suisse\/","name":"11\/07\/11 - Les difficult\u00e9s des Etats-Unis et de l\u2019Euro font grimper le franc suisse - Mon-taux.com - Blog des experts en frontaliers","isPartOf":{"@id":"https:\/\/mon-taux.com\/blog\/#website"},"datePublished":"2011-07-11T09:30:22+00:00","breadcrumb":{"@id":"https:\/\/mon-taux.com\/blog\/2011\/07\/11\/110711-les-difficultes-des-etats-unis-et-de-leuro-font-grimper-le-franc-suisse\/#breadcrumb"},"inLanguage":"fr-FR","potentialAction":[{"@type":"ReadAction","target":["https:\/\/mon-taux.com\/blog\/2011\/07\/11\/110711-les-difficultes-des-etats-unis-et-de-leuro-font-grimper-le-franc-suisse\/"]}]},{"@type":"BreadcrumbList","@id":"https:\/\/mon-taux.com\/blog\/2011\/07\/11\/110711-les-difficultes-des-etats-unis-et-de-leuro-font-grimper-le-franc-suisse\/#breadcrumb","itemListElement":[{"@type":"ListItem","position":1,"name":"Accueil","item":"https:\/\/mon-taux.com\/blog\/"},{"@type":"ListItem","position":2,"name":"11\/07\/11 &#8211; Les difficult\u00e9s des Etats-Unis et de l\u2019Euro font grimper le franc suisse"}]},{"@type":"WebSite","@id":"https:\/\/mon-taux.com\/blog\/#website","url":"https:\/\/mon-taux.com\/blog\/","name":"Mon-taux.com - Blog des experts en frontaliers","description":"","publisher":{"@id":"https:\/\/mon-taux.com\/blog\/#organization"},"potentialAction":[{"@type":"SearchAction","target":{"@type":"EntryPoint","urlTemplate":"https:\/\/mon-taux.com\/blog\/?s={search_term_string}"},"query-input":{"@type":"PropertyValueSpecification","valueRequired":true,"valueName":"search_term_string"}}],"inLanguage":"fr-FR"},{"@type":"Organization","@id":"https:\/\/mon-taux.com\/blog\/#organization","name":"Mon-taux.com","url":"https:\/\/mon-taux.com\/blog\/","logo":{"@type":"ImageObject","inLanguage":"fr-FR","@id":"https:\/\/mon-taux.com\/blog\/#\/schema\/logo\/image\/","url":"https:\/\/mon-taux.com\/blog\/wp-content\/uploads\/2020\/08\/montaux-new-logo-e1596462820847.png","contentUrl":"https:\/\/mon-taux.com\/blog\/wp-content\/uploads\/2020\/08\/montaux-new-logo-e1596462820847.png","width":300,"height":172,"caption":"Mon-taux.com"},"image":{"@id":"https:\/\/mon-taux.com\/blog\/#\/schema\/logo\/image\/"},"sameAs":["https:\/\/www.facebook.com\/MonTauxCom.ComparateurFrontalier","https:\/\/x.com\/MonTauxCom","https:\/\/www.youtube.com\/channel\/UCyft978dCKAgV8DglhSW6gg"]},{"@type":"Person","@id":"https:\/\/mon-taux.com\/blog\/#\/schema\/person\/bfe88bfabe109e312d4cd786a3dfe66f","name":"montaux","image":{"@type":"ImageObject","inLanguage":"fr-FR","@id":"https:\/\/mon-taux.com\/blog\/#\/schema\/person\/image\/","url":"https:\/\/mon-taux.com\/blog\/wp-content\/uploads\/2020\/08\/favicon2-150x150.png","contentUrl":"https:\/\/mon-taux.com\/blog\/wp-content\/uploads\/2020\/08\/favicon2-150x150.png","caption":"montaux"},"sameAs":["https:\/\/mon-taux.com"],"url":"https:\/\/mon-taux.com\/blog\/author\/montaux\/"}]}},"_links":{"self":[{"href":"https:\/\/mon-taux.com\/blog\/wp-json\/wp\/v2\/posts\/3058","targetHints":{"allow":["GET"]}}],"collection":[{"href":"https:\/\/mon-taux.com\/blog\/wp-json\/wp\/v2\/posts"}],"about":[{"href":"https:\/\/mon-taux.com\/blog\/wp-json\/wp\/v2\/types\/post"}],"author":[{"embeddable":true,"href":"https:\/\/mon-taux.com\/blog\/wp-json\/wp\/v2\/users\/2"}],"replies":[{"embeddable":true,"href":"https:\/\/mon-taux.com\/blog\/wp-json\/wp\/v2\/comments?post=3058"}],"version-history":[{"count":0,"href":"https:\/\/mon-taux.com\/blog\/wp-json\/wp\/v2\/posts\/3058\/revisions"}],"wp:attachment":[{"href":"https:\/\/mon-taux.com\/blog\/wp-json\/wp\/v2\/media?parent=3058"}],"wp:term":[{"taxonomy":"category","embeddable":true,"href":"https:\/\/mon-taux.com\/blog\/wp-json\/wp\/v2\/categories?post=3058"},{"taxonomy":"post_tag","embeddable":true,"href":"https:\/\/mon-taux.com\/blog\/wp-json\/wp\/v2\/tags?post=3058"}],"curies":[{"name":"wp","href":"https:\/\/api.w.org\/{rel}","templated":true}]}}