{"id":2863,"date":"2011-06-20T12:35:02","date_gmt":"2011-06-20T10:35:02","guid":{"rendered":"https:\/\/mon-taux-de-change.com\/?p=2863"},"modified":"2011-06-20T12:35:02","modified_gmt":"2011-06-20T10:35:02","slug":"le-franc-suisse-passe-sous-la-barre-des-1-20","status":"publish","type":"post","link":"https:\/\/mon-taux.com\/blog\/2011\/06\/20\/le-franc-suisse-passe-sous-la-barre-des-1-20\/","title":{"rendered":"20\/06\/11 &#8211; Le Franc Suisse passe sous la barre des 1.20"},"content":{"rendered":"<p style=\"text-align: justify;\"><span style=\"font-size: small;\">Un nouveau record historique a \u00e9t\u00e9 franchi la semaine derni\u00e8re pour le cours \u00a0\u20acuro\/Chf avec un cours \u00e0 1.1947. Le franc \u00a0suisse est tr\u00e8s recherch\u00e9 face aux autres monnaies, notamment face \u00e0 l\u2019euro dans un contexte de dette grecque dont l\u2019issue reste particuli\u00e8rement incertaine. Vendredi, l\u2019intervention conjointe de Nicolas Sarkozy et d\u2019 Angela Merkel a permis de rassurer les march\u00e9s et faire remonter le cours au-del\u00e0 des 1,21. L\u2019\u00e9volution du cours \u20acuro\/Chf\u00a0 dans les prochains jours sera tr\u00e8s influenc\u00e9e par la solution retenue pour r\u00e9gler la crise grecque. Si une solution rapide et cr\u00e9dible devait \u00eatre adopt\u00e9e, nous pourrions assister \u00e0 un retour rapide vers les 1,24. A d\u00e9faut, nous n\u2019excluons pas un retour sous les 1,20.<\/span><\/p>\n<p style=\"text-align: justify;\"><span style=\"font-size: small;\">C\u2019est encore tr\u00e8s bon \u00e0 la veille des vacances pour les frontaliers. Nous maintenons nos encouragements \u00e0 profiter de cette augmentation du pouvoir d\u2019achat pour constituer de l\u2019\u00e9pargne en perspective de jours moins favorables. Les situations peuvent \u00e9voluer tr\u00e8s rapidement et n\u2019oublions pas qu\u2019il y a encore 36 mois, il \u00e9tait plus opportun de faire ses courses en Suisse plut\u00f4t qu\u2019en France \u2026\u2026 La roue tourne vite en termes de change.<\/span><\/p>\n<p style=\"text-align: justify;\">\n","protected":false},"excerpt":{"rendered":"<p>Un nouveau record historique a \u00e9t\u00e9 franchi la semaine derni\u00e8re pour le cours \u00a0\u20acuro\/Chf avec un cours \u00e0 1.1947. Le franc \u00a0suisse est tr\u00e8s recherch\u00e9 face aux autres monnaies, notamment face \u00e0 l\u2019euro dans un contexte de dette grecque dont l\u2019issue reste particuli\u00e8rement incertaine. Vendredi, l\u2019intervention conjointe de Nicolas Sarkozy et d\u2019 Angela Merkel a [&hellip;]<\/p>\n","protected":false},"author":2,"featured_media":0,"comment_status":"closed","ping_status":"open","sticky":false,"template":"","format":"standard","meta":{"footnotes":""},"categories":[14],"tags":[19],"class_list":{"0":"post-2863","1":"post","2":"type-post","3":"status-publish","4":"format-standard","6":"category-historique-taux-de-change","7":"tag-wow","8":"czr-hentry"},"yoast_head":"<!-- This site is optimized with the Yoast SEO plugin v25.8 - https:\/\/yoast.com\/wordpress\/plugins\/seo\/ -->\n<title>20\/06\/11 - Le Franc Suisse passe sous la barre des 1.20 - Mon-taux.com - Blog des experts en frontaliers<\/title>\n<meta name=\"robots\" content=\"index, follow, max-snippet:-1, max-image-preview:large, max-video-preview:-1\" \/>\n<link rel=\"canonical\" href=\"https:\/\/mon-taux.com\/blog\/2011\/06\/20\/le-franc-suisse-passe-sous-la-barre-des-1-20\/\" \/>\n<meta property=\"og:locale\" content=\"fr_FR\" \/>\n<meta property=\"og:type\" content=\"article\" \/>\n<meta property=\"og:title\" content=\"20\/06\/11 - Le Franc Suisse passe sous la barre des 1.20 - Mon-taux.com - Blog des experts en frontaliers\" \/>\n<meta property=\"og:description\" content=\"Un nouveau record historique a \u00e9t\u00e9 franchi la semaine derni\u00e8re pour le cours \u00a0\u20acuro\/Chf avec un cours \u00e0 1.1947. Le franc \u00a0suisse est tr\u00e8s recherch\u00e9 face aux autres monnaies, notamment face \u00e0 l\u2019euro dans un contexte de dette grecque dont l\u2019issue reste particuli\u00e8rement incertaine. Vendredi, l\u2019intervention conjointe de Nicolas Sarkozy et d\u2019 Angela Merkel a [&hellip;]\" \/>\n<meta property=\"og:url\" content=\"https:\/\/mon-taux.com\/blog\/2011\/06\/20\/le-franc-suisse-passe-sous-la-barre-des-1-20\/\" \/>\n<meta property=\"og:site_name\" content=\"Mon-taux.com - Blog des experts en frontaliers\" \/>\n<meta property=\"article:publisher\" content=\"https:\/\/www.facebook.com\/MonTauxCom.ComparateurFrontalier\" \/>\n<meta property=\"article:published_time\" content=\"2011-06-20T10:35:02+00:00\" \/>\n<meta name=\"author\" content=\"montaux\" \/>\n<meta name=\"twitter:card\" content=\"summary_large_image\" \/>\n<meta name=\"twitter:creator\" content=\"@MonTauxCom\" \/>\n<meta name=\"twitter:site\" content=\"@MonTauxCom\" \/>\n<meta name=\"twitter:label1\" content=\"\u00c9crit par\" \/>\n\t<meta name=\"twitter:data1\" content=\"montaux\" \/>\n\t<meta name=\"twitter:label2\" content=\"Dur\u00e9e de lecture estim\u00e9e\" \/>\n\t<meta name=\"twitter:data2\" content=\"1 minute\" \/>\n<script type=\"application\/ld+json\" class=\"yoast-schema-graph\">{\"@context\":\"https:\/\/schema.org\",\"@graph\":[{\"@type\":\"Article\",\"@id\":\"https:\/\/mon-taux.com\/blog\/2011\/06\/20\/le-franc-suisse-passe-sous-la-barre-des-1-20\/#article\",\"isPartOf\":{\"@id\":\"https:\/\/mon-taux.com\/blog\/2011\/06\/20\/le-franc-suisse-passe-sous-la-barre-des-1-20\/\"},\"author\":{\"name\":\"montaux\",\"@id\":\"https:\/\/mon-taux.com\/blog\/#\/schema\/person\/bfe88bfabe109e312d4cd786a3dfe66f\"},\"headline\":\"20\/06\/11 &#8211; Le Franc Suisse passe sous la barre des 1.20\",\"datePublished\":\"2011-06-20T10:35:02+00:00\",\"mainEntityOfPage\":{\"@id\":\"https:\/\/mon-taux.com\/blog\/2011\/06\/20\/le-franc-suisse-passe-sous-la-barre-des-1-20\/\"},\"wordCount\":212,\"publisher\":{\"@id\":\"https:\/\/mon-taux.com\/blog\/#organization\"},\"keywords\":[\"Wow Change\"],\"articleSection\":[\"historique taux de change\"],\"inLanguage\":\"fr-FR\"},{\"@type\":\"WebPage\",\"@id\":\"https:\/\/mon-taux.com\/blog\/2011\/06\/20\/le-franc-suisse-passe-sous-la-barre-des-1-20\/\",\"url\":\"https:\/\/mon-taux.com\/blog\/2011\/06\/20\/le-franc-suisse-passe-sous-la-barre-des-1-20\/\",\"name\":\"20\/06\/11 - Le Franc Suisse passe sous la barre des 1.20 - Mon-taux.com - Blog des experts en frontaliers\",\"isPartOf\":{\"@id\":\"https:\/\/mon-taux.com\/blog\/#website\"},\"datePublished\":\"2011-06-20T10:35:02+00:00\",\"breadcrumb\":{\"@id\":\"https:\/\/mon-taux.com\/blog\/2011\/06\/20\/le-franc-suisse-passe-sous-la-barre-des-1-20\/#breadcrumb\"},\"inLanguage\":\"fr-FR\",\"potentialAction\":[{\"@type\":\"ReadAction\",\"target\":[\"https:\/\/mon-taux.com\/blog\/2011\/06\/20\/le-franc-suisse-passe-sous-la-barre-des-1-20\/\"]}]},{\"@type\":\"BreadcrumbList\",\"@id\":\"https:\/\/mon-taux.com\/blog\/2011\/06\/20\/le-franc-suisse-passe-sous-la-barre-des-1-20\/#breadcrumb\",\"itemListElement\":[{\"@type\":\"ListItem\",\"position\":1,\"name\":\"Accueil\",\"item\":\"https:\/\/mon-taux.com\/blog\/\"},{\"@type\":\"ListItem\",\"position\":2,\"name\":\"20\/06\/11 &#8211; Le Franc Suisse passe sous la barre des 1.20\"}]},{\"@type\":\"WebSite\",\"@id\":\"https:\/\/mon-taux.com\/blog\/#website\",\"url\":\"https:\/\/mon-taux.com\/blog\/\",\"name\":\"Mon-taux.com - Blog des experts en frontaliers\",\"description\":\"\",\"publisher\":{\"@id\":\"https:\/\/mon-taux.com\/blog\/#organization\"},\"potentialAction\":[{\"@type\":\"SearchAction\",\"target\":{\"@type\":\"EntryPoint\",\"urlTemplate\":\"https:\/\/mon-taux.com\/blog\/?s={search_term_string}\"},\"query-input\":{\"@type\":\"PropertyValueSpecification\",\"valueRequired\":true,\"valueName\":\"search_term_string\"}}],\"inLanguage\":\"fr-FR\"},{\"@type\":\"Organization\",\"@id\":\"https:\/\/mon-taux.com\/blog\/#organization\",\"name\":\"Mon-taux.com\",\"url\":\"https:\/\/mon-taux.com\/blog\/\",\"logo\":{\"@type\":\"ImageObject\",\"inLanguage\":\"fr-FR\",\"@id\":\"https:\/\/mon-taux.com\/blog\/#\/schema\/logo\/image\/\",\"url\":\"https:\/\/mon-taux.com\/blog\/wp-content\/uploads\/2020\/08\/montaux-new-logo-e1596462820847.png\",\"contentUrl\":\"https:\/\/mon-taux.com\/blog\/wp-content\/uploads\/2020\/08\/montaux-new-logo-e1596462820847.png\",\"width\":300,\"height\":172,\"caption\":\"Mon-taux.com\"},\"image\":{\"@id\":\"https:\/\/mon-taux.com\/blog\/#\/schema\/logo\/image\/\"},\"sameAs\":[\"https:\/\/www.facebook.com\/MonTauxCom.ComparateurFrontalier\",\"https:\/\/x.com\/MonTauxCom\",\"https:\/\/www.youtube.com\/channel\/UCyft978dCKAgV8DglhSW6gg\"]},{\"@type\":\"Person\",\"@id\":\"https:\/\/mon-taux.com\/blog\/#\/schema\/person\/bfe88bfabe109e312d4cd786a3dfe66f\",\"name\":\"montaux\",\"image\":{\"@type\":\"ImageObject\",\"inLanguage\":\"fr-FR\",\"@id\":\"https:\/\/mon-taux.com\/blog\/#\/schema\/person\/image\/\",\"url\":\"https:\/\/mon-taux.com\/blog\/wp-content\/uploads\/2020\/08\/favicon2-150x150.png\",\"contentUrl\":\"https:\/\/mon-taux.com\/blog\/wp-content\/uploads\/2020\/08\/favicon2-150x150.png\",\"caption\":\"montaux\"},\"sameAs\":[\"https:\/\/mon-taux.com\"],\"url\":\"https:\/\/mon-taux.com\/blog\/author\/montaux\/\"}]}<\/script>\n<!-- \/ Yoast SEO plugin. -->","yoast_head_json":{"title":"20\/06\/11 - Le Franc Suisse passe sous la barre des 1.20 - Mon-taux.com - Blog des experts en frontaliers","robots":{"index":"index","follow":"follow","max-snippet":"max-snippet:-1","max-image-preview":"max-image-preview:large","max-video-preview":"max-video-preview:-1"},"canonical":"https:\/\/mon-taux.com\/blog\/2011\/06\/20\/le-franc-suisse-passe-sous-la-barre-des-1-20\/","og_locale":"fr_FR","og_type":"article","og_title":"20\/06\/11 - Le Franc Suisse passe sous la barre des 1.20 - Mon-taux.com - Blog des experts en frontaliers","og_description":"Un nouveau record historique a \u00e9t\u00e9 franchi la semaine derni\u00e8re pour le cours \u00a0\u20acuro\/Chf avec un cours \u00e0 1.1947. Le franc \u00a0suisse est tr\u00e8s recherch\u00e9 face aux autres monnaies, notamment face \u00e0 l\u2019euro dans un contexte de dette grecque dont l\u2019issue reste particuli\u00e8rement incertaine. Vendredi, l\u2019intervention conjointe de Nicolas Sarkozy et d\u2019 Angela Merkel a [&hellip;]","og_url":"https:\/\/mon-taux.com\/blog\/2011\/06\/20\/le-franc-suisse-passe-sous-la-barre-des-1-20\/","og_site_name":"Mon-taux.com - Blog des experts en frontaliers","article_publisher":"https:\/\/www.facebook.com\/MonTauxCom.ComparateurFrontalier","article_published_time":"2011-06-20T10:35:02+00:00","author":"montaux","twitter_card":"summary_large_image","twitter_creator":"@MonTauxCom","twitter_site":"@MonTauxCom","twitter_misc":{"\u00c9crit par":"montaux","Dur\u00e9e de lecture estim\u00e9e":"1 minute"},"schema":{"@context":"https:\/\/schema.org","@graph":[{"@type":"Article","@id":"https:\/\/mon-taux.com\/blog\/2011\/06\/20\/le-franc-suisse-passe-sous-la-barre-des-1-20\/#article","isPartOf":{"@id":"https:\/\/mon-taux.com\/blog\/2011\/06\/20\/le-franc-suisse-passe-sous-la-barre-des-1-20\/"},"author":{"name":"montaux","@id":"https:\/\/mon-taux.com\/blog\/#\/schema\/person\/bfe88bfabe109e312d4cd786a3dfe66f"},"headline":"20\/06\/11 &#8211; Le Franc Suisse passe sous la barre des 1.20","datePublished":"2011-06-20T10:35:02+00:00","mainEntityOfPage":{"@id":"https:\/\/mon-taux.com\/blog\/2011\/06\/20\/le-franc-suisse-passe-sous-la-barre-des-1-20\/"},"wordCount":212,"publisher":{"@id":"https:\/\/mon-taux.com\/blog\/#organization"},"keywords":["Wow Change"],"articleSection":["historique taux de change"],"inLanguage":"fr-FR"},{"@type":"WebPage","@id":"https:\/\/mon-taux.com\/blog\/2011\/06\/20\/le-franc-suisse-passe-sous-la-barre-des-1-20\/","url":"https:\/\/mon-taux.com\/blog\/2011\/06\/20\/le-franc-suisse-passe-sous-la-barre-des-1-20\/","name":"20\/06\/11 - Le Franc Suisse passe sous la barre des 1.20 - Mon-taux.com - Blog des experts en frontaliers","isPartOf":{"@id":"https:\/\/mon-taux.com\/blog\/#website"},"datePublished":"2011-06-20T10:35:02+00:00","breadcrumb":{"@id":"https:\/\/mon-taux.com\/blog\/2011\/06\/20\/le-franc-suisse-passe-sous-la-barre-des-1-20\/#breadcrumb"},"inLanguage":"fr-FR","potentialAction":[{"@type":"ReadAction","target":["https:\/\/mon-taux.com\/blog\/2011\/06\/20\/le-franc-suisse-passe-sous-la-barre-des-1-20\/"]}]},{"@type":"BreadcrumbList","@id":"https:\/\/mon-taux.com\/blog\/2011\/06\/20\/le-franc-suisse-passe-sous-la-barre-des-1-20\/#breadcrumb","itemListElement":[{"@type":"ListItem","position":1,"name":"Accueil","item":"https:\/\/mon-taux.com\/blog\/"},{"@type":"ListItem","position":2,"name":"20\/06\/11 &#8211; Le Franc Suisse passe sous la barre des 1.20"}]},{"@type":"WebSite","@id":"https:\/\/mon-taux.com\/blog\/#website","url":"https:\/\/mon-taux.com\/blog\/","name":"Mon-taux.com - Blog des experts en frontaliers","description":"","publisher":{"@id":"https:\/\/mon-taux.com\/blog\/#organization"},"potentialAction":[{"@type":"SearchAction","target":{"@type":"EntryPoint","urlTemplate":"https:\/\/mon-taux.com\/blog\/?s={search_term_string}"},"query-input":{"@type":"PropertyValueSpecification","valueRequired":true,"valueName":"search_term_string"}}],"inLanguage":"fr-FR"},{"@type":"Organization","@id":"https:\/\/mon-taux.com\/blog\/#organization","name":"Mon-taux.com","url":"https:\/\/mon-taux.com\/blog\/","logo":{"@type":"ImageObject","inLanguage":"fr-FR","@id":"https:\/\/mon-taux.com\/blog\/#\/schema\/logo\/image\/","url":"https:\/\/mon-taux.com\/blog\/wp-content\/uploads\/2020\/08\/montaux-new-logo-e1596462820847.png","contentUrl":"https:\/\/mon-taux.com\/blog\/wp-content\/uploads\/2020\/08\/montaux-new-logo-e1596462820847.png","width":300,"height":172,"caption":"Mon-taux.com"},"image":{"@id":"https:\/\/mon-taux.com\/blog\/#\/schema\/logo\/image\/"},"sameAs":["https:\/\/www.facebook.com\/MonTauxCom.ComparateurFrontalier","https:\/\/x.com\/MonTauxCom","https:\/\/www.youtube.com\/channel\/UCyft978dCKAgV8DglhSW6gg"]},{"@type":"Person","@id":"https:\/\/mon-taux.com\/blog\/#\/schema\/person\/bfe88bfabe109e312d4cd786a3dfe66f","name":"montaux","image":{"@type":"ImageObject","inLanguage":"fr-FR","@id":"https:\/\/mon-taux.com\/blog\/#\/schema\/person\/image\/","url":"https:\/\/mon-taux.com\/blog\/wp-content\/uploads\/2020\/08\/favicon2-150x150.png","contentUrl":"https:\/\/mon-taux.com\/blog\/wp-content\/uploads\/2020\/08\/favicon2-150x150.png","caption":"montaux"},"sameAs":["https:\/\/mon-taux.com"],"url":"https:\/\/mon-taux.com\/blog\/author\/montaux\/"}]}},"_links":{"self":[{"href":"https:\/\/mon-taux.com\/blog\/wp-json\/wp\/v2\/posts\/2863","targetHints":{"allow":["GET"]}}],"collection":[{"href":"https:\/\/mon-taux.com\/blog\/wp-json\/wp\/v2\/posts"}],"about":[{"href":"https:\/\/mon-taux.com\/blog\/wp-json\/wp\/v2\/types\/post"}],"author":[{"embeddable":true,"href":"https:\/\/mon-taux.com\/blog\/wp-json\/wp\/v2\/users\/2"}],"replies":[{"embeddable":true,"href":"https:\/\/mon-taux.com\/blog\/wp-json\/wp\/v2\/comments?post=2863"}],"version-history":[{"count":0,"href":"https:\/\/mon-taux.com\/blog\/wp-json\/wp\/v2\/posts\/2863\/revisions"}],"wp:attachment":[{"href":"https:\/\/mon-taux.com\/blog\/wp-json\/wp\/v2\/media?parent=2863"}],"wp:term":[{"taxonomy":"category","embeddable":true,"href":"https:\/\/mon-taux.com\/blog\/wp-json\/wp\/v2\/categories?post=2863"},{"taxonomy":"post_tag","embeddable":true,"href":"https:\/\/mon-taux.com\/blog\/wp-json\/wp\/v2\/tags?post=2863"}],"curies":[{"name":"wp","href":"https:\/\/api.w.org\/{rel}","templated":true}]}}