{"id":2577,"date":"2011-05-18T15:44:11","date_gmt":"2011-05-18T13:44:11","guid":{"rendered":"https:\/\/mon-taux-de-change.com\/?p=2577"},"modified":"2011-05-18T15:44:11","modified_gmt":"2011-05-18T13:44:11","slug":"assurance-sante-frontaliere-lamal","status":"publish","type":"post","link":"https:\/\/mon-taux.com\/blog\/2011\/05\/18\/assurance-sante-frontaliere-lamal\/","title":{"rendered":"Assurance sant\u00e9 frontali\u00e8re LAMal"},"content":{"rendered":"<table style=\"text-align: justify; width: 959px; height: 1109px; border: 0pt solid #efeff0;\" border=\"0\">\n<tbody>\n<tr style=\"background-color: #3f8ded;\">\n<td>\n<p style=\"text-align: center;\"><span style=\"font-size: medium;\"><span style=\"color: #ffffff;\"><strong><a name=\"LAMAL\"><\/a>I &#8211; LE R\u00c9GIME SUISSE <\/strong><strong>LAMal ( L&#8217;Assurance MALadie obligatoire)<\/strong><\/span><\/span><\/p>\n<\/td>\n<\/tr>\n<tr style=\"background-color: #f6f6f6;\">\n<td>\n<p style=\"text-align: justify;\"><span style=\"font-size: small;\">L&#8217;assurance maladie obligatoire (<strong>LAMal<\/strong>) pour <strong>frontalier <\/strong>est une des solutions possibles pour les <strong>travailleurs frontaliers<\/strong>.<\/span><\/p>\n<p><span style=\"font-size: small;\">Les modalit\u00e9s et couvertures de ces assurances sont r\u00e9gies par la loi f\u00e9d\u00e9rale sur l&#8217;assurance maladie.<\/span><br \/>\n<span style=\"font-size: small;\">Son fonctionnement est identique \u00e0 celui de l&#8217;assurance maladie obligatoire pour les r\u00e9sidents, mais il n&#8217;y a pas de syst\u00e8me de franchises, ni de mod\u00e8les d&#8217;assurance.<\/span><br \/>\n<span style=\"font-size: small;\">Elle ne d\u00e9pend pas de votre \u00e9tat de sant\u00e9 (les caisses maladie ne pourront pas refuser de vous assurer, m\u00eame si vous \u00eates en mauvaise sant\u00e9).<\/span><\/td>\n<\/tr>\n<tr style=\"background-color: #3f8ded;\">\n<td style=\"text-align: center;\"><span style=\"font-size: small;\"><span style=\"color: #ffffff;\"><strong>Principe de couverture<\/strong><\/span><\/span><\/td>\n<\/tr>\n<tr style=\"background-color: #f6f6f6;\">\n<td><span style=\"font-size: small;\">L<strong>&#8216;assurance maladie obligatoire pour frontalier <\/strong>est une assurance <strong>individuelle <\/strong>et doit \u00eatre souscrite par le travailleur.<\/span><br \/>\n<span style=\"font-size: small;\">Chaque membre de votre famille devra souscrire une assurance maladie obligatoire, sauf ceux qui sont d\u00e9j\u00e0 obligatoirement assur\u00e9s dans leur pays d&#8217;origine. Ainsi, si vous travaillez en Suisse et votre femme en France, elle ne sera pas oblig\u00e9e de souscrire une assurance maladie obligatoire pour frontalier, car elle sera d\u00e9j\u00e0 obligatoirement assur\u00e9e au r\u00e9gime d&#8217;assurance maladie en France.<\/span><\/td>\n<\/tr>\n<tr style=\"background-color: #3f8ded;\">\n<td style=\"text-align: center;\"><span style=\"color: #ffffff;\"><span style=\"font-size: small;\"><strong>Couverture m\u00e9dicale des soins<\/strong><\/span><\/span><\/td>\n<\/tr>\n<tr style=\"background-color: #f6f6f6;\">\n<td><span style=\"text-decoration: underline;\"><span style=\"font-size: small;\"><img loading=\"lazy\" decoding=\"async\" class=\"alignnone size-full wp-image-1560\" src=\"https:\/\/mon-taux-de-change.com\/wp-content\/uploads\/2011\/01\/drapeau_suisse1-e1293987321948.gif\" alt=\"\" width=\"51\" height=\"30\" \/> <img loading=\"lazy\" decoding=\"async\" class=\"alignleft size-full wp-image-31324\" src=\"https:\/\/mon-taux-de-change.com\/wp-content\/uploads\/2011\/05\/Lamal-frontalier1.jpg\" alt=\"\" width=\"310\" height=\"190\" srcset=\"https:\/\/mon-taux.com\/blog\/wp-content\/uploads\/2011\/05\/Lamal-frontalier1.jpg 310w, https:\/\/mon-taux.com\/blog\/wp-content\/uploads\/2011\/05\/Lamal-frontalier1-300x184.jpg 300w\" sizes=\"auto, (max-width: 310px) 100vw, 310px\" \/>E<\/span><span style=\"font-size: small;\">n Suiss<\/span><\/span><span style=\"text-decoration: underline;\"><span style=\"font-size: small;\">e &#8211; libre acc\u00e8s pour tous type de soins :<\/span><\/span><\/p>\n<p style=\"padding-left: 30px;\"><span style=\"font-size: small;\">&#8211; <a href=\"#soins urgents\">Soins urgents <\/a><\/span><a href=\"#soins urgents\"><span style=\"color: #888888;\"><span style=\"text-decoration: underline;\">*<\/span><\/span><\/a><\/p>\n<p style=\"padding-left: 30px;\"><span style=\"font-size: small;\">&#8211; <a href=\"#soins n\u00e9cessaires\">Soins n\u00e9cessaires <\/a><\/span><a href=\"#soins n\u00e9cessaires\"><span style=\"color: #888888;\"><span style=\"text-decoration: underline;\">*<\/span><\/span><\/a><\/p>\n<p style=\"padding-left: 30px;\"><span style=\"font-size: small;\">&#8211; <a href=\"#soins programm\u00e9s\">Soins programm\u00e9s <\/a><\/span><a href=\"#soins programm\u00e9s\"><span style=\"color: #888888;\"><span style=\"text-decoration: underline;\">*<\/span><\/span><\/a><span style=\"font-size: small;\"><br \/>\n<\/span><\/p>\n<p><span style=\"text-decoration: underline;\"><span style=\"font-size: small;\">Proc\u00e9dure :<\/span><\/span><br \/>\n<span style=\"font-size: small;\">Vous demandez le remboursement des soins directement aupr\u00e8s de la caisse suisse au sein de laquelle vous cotisez.<\/span><br \/>\n<span style=\"font-size: small;\">Ce remboursement s\u2019effectue en fonction de la r\u00e9glementation suisse.<\/span><br \/>\n<span style=\"font-size: small;\">Le montant de la franchise n\u2019est pas rembours\u00e9, donc les premiers 300 CHF d\u00e9pens\u00e9s ne seront pas rembours\u00e9s.<\/span><br \/>\n<span style=\"font-size: small;\">Pour le reste des d\u00e9penses les remboursements se font \u00e0 90 % des frais engag\u00e9s.<\/span><br \/>\n<span style=\"font-size: small;\">La quote part (10% des co\u00fbts qui d\u00e9passent<\/span><span style=\"font-size: small;\"> la franchise) reste \u00e0 la charge de l\u2019assur\u00e9. Elle est plafonn\u00e9e \u00e0 700 Francs suisse par adulte.<\/span><br \/>\n<span style=\"font-size: small;\">Pour les enfants, aucune franchise n&#8217;est exig\u00e9e et le montant maximum de la quote part est r\u00e9duite de moiti\u00e9 (350 CHF).<\/span><br \/>\n<span style=\"font-size: small;\">\u00a0<\/span><br \/>\n<span style=\"text-decoration: underline;\"><img loading=\"lazy\" decoding=\"async\" class=\"alignnone size-full wp-image-1561\" src=\"https:\/\/mon-taux-de-change.com\/wp-content\/uploads\/2011\/01\/drapeau-fran\u00e7ais-e1293987352645.jpeg\" alt=\"\" width=\"45\" height=\"30\" \/><span style=\"font-size: small;\"> En Franc<\/span><\/span><span style=\"text-decoration: underline;\"><span style=\"font-size: small;\">e &#8211;<\/span><\/span><span style=\"text-decoration: underline;\"><span style=\"font-size: small;\"> libre acc\u00e8s pour tous type de soins :<\/span><\/span><\/p>\n<p style=\"padding-left: 30px;\"><span style=\"font-size: small;\">&#8211; <a href=\"#soins urgents\"> Soins urgents <\/a><\/span><a href=\"#soins urgents\"><span style=\"color: #888888;\"><span style=\"text-decoration: underline;\">*<\/span><\/span><\/a><span style=\"font-size: small;\"><br \/>\n<\/span><\/p>\n<p style=\"padding-left: 30px;\"><span style=\"font-size: small;\">&#8211; <a href=\"#soins n\u00e9cessaires\">Soins n\u00e9cessaires <\/a><\/span><a href=\"#soins n\u00e9cessaires\"><span style=\"color: #888888;\"><span style=\"text-decoration: underline;\">*<\/span><\/span><\/a><span style=\"font-size: small;\"><br \/>\n<\/span><\/p>\n<p style=\"padding-left: 30px;\"><span style=\"font-size: small;\">&#8211; <a href=\"#soins programm\u00e9s\"> Soins programm\u00e9s <\/a><\/span><a href=\"#soins programm\u00e9s\"><span style=\"color: #888888;\"><span style=\"text-decoration: underline;\">*<\/span><\/span><\/a><span style=\"font-size: small;\"><br \/>\n<\/span><\/p>\n<p><span style=\"text-decoration: underline;\"><span style=\"font-size: small;\">Proc\u00e9dure :<\/span><\/span><br \/>\n<span style=\"font-size: small;\">Vous devez demander \u00e0 votre caisse suisse de vous d\u00e9livrer le formulaire E 106 qui vous permettra de b\u00e9n\u00e9ficier des prestations en nature du r\u00e9gime g\u00e9n\u00e9ral de s\u00e9curit\u00e9 sociale fran\u00e7ais.<\/span><br \/>\n<span style=\"font-size: small;\">Vous adresserez ce formulaire \u00e0 la CPAM de votre lieu de r\u00e9sidence (T\u00e9l : 3646).<\/span><br \/>\n<span style=\"font-size: small;\">Les prestations sont servies par la CPAM en fonction des bases l\u00e9gales de remboursement. Vous b\u00e9n\u00e9ficierez du tiers payant en cas d\u2019hospitalisation.<\/span><br \/>\n<span style=\"font-size: small;\">La CPAM \u00e9dite une liste des m\u00e9dicaments, soins et actes m\u00e9dicaux faisant l&#8217;objet d&#8217;une couverture. Vous ne serez rembours\u00e9 que sur cette base.<\/span><\/td>\n<\/tr>\n<tr style=\"background-color: #3f8ded;\">\n<td style=\"text-align: center;\"><span style=\"color: #ffffff;\"><span style=\"font-size: small;\"><strong>Couverture g\u00e9ographique<\/strong><\/span><\/span><\/td>\n<\/tr>\n<tr style=\"background-color: #f6f6f6;\">\n<td><span style=\"font-size: small;\">Vous pourrez b\u00e9n\u00e9ficier des soins en Suisse et en France, dans la mesure o\u00f9 ils font partie de la couverture m\u00e9dicale des soins.<\/span><\/td>\n<\/tr>\n<tr style=\"background-color: #3f8ded;\">\n<td style=\"text-align: center;\"><span style=\"color: #ffffff;\"><span style=\"font-size: small;\"><strong>Co\u00fbt<\/strong><\/span><\/span><\/td>\n<\/tr>\n<tr style=\"background-color: #f6f6f6;\">\n<td><span style=\"font-size: small;\">Celle-ci d\u00e9pend de votre \u00e2ge et de votre pays de r\u00e9sidence. Dans la mesure o\u00f9 la couverture maladie est la m\u00eame dans toutes les caisses, la s\u00e9lection de la caisse la moins ch\u00e8re ne vous p\u00e9nalisera donc pas.<\/span><\/td>\n<\/tr>\n<tr style=\"background-color: #3f8ded; text-align: center;\">\n<td><span style=\"color: #ffffff;\"><span style=\"font-size: small;\"><strong>Conditions d&#8217;adh\u00e9sion<\/strong><\/span><\/span><\/td>\n<\/tr>\n<tr style=\"background-color: #f6f6f6;\">\n<td><span style=\"font-size: small;\">Aucune<\/span><\/td>\n<\/tr>\n<tr style=\"background-color: #f6f6f6;\">\n<td>\n<p style=\"text-align: center;\"><span style=\"font-size: small;\"><span style=\"color: #0000ff;\">La couverture m\u00e9dicale propos\u00e9e par l\u2019assurance obligatoire apporte tr\u00e8s peu de couverture.<\/span><\/span><\/p>\n<p style=\"text-align: center;\"><span style=\"font-size: small;\"><span style=\"color: #0000ff;\"> \u00ab Mon-taux.com \u00bb vous recommande de souscrire une assurance compl\u00e9mentaire ou une mutuelle qui viendra compl\u00e9ter la couverture.<\/span><\/span><\/p>\n<\/td>\n<\/tr>\n<\/tbody>\n<\/table>\n","protected":false},"excerpt":{"rendered":"<p>I &#8211; LE R\u00c9GIME SUISSE LAMal ( L&#8217;Assurance MALadie obligatoire) L&#8217;assurance maladie obligatoire (LAMal) pour frontalier est une des solutions possibles pour les travailleurs frontaliers. Les modalit\u00e9s et couvertures de ces assurances sont r\u00e9gies par la loi f\u00e9d\u00e9rale sur l&#8217;assurance maladie. Son fonctionnement est identique \u00e0 celui de l&#8217;assurance maladie obligatoire pour les r\u00e9sidents, mais [&hellip;]<\/p>\n","protected":false},"author":2,"featured_media":31324,"comment_status":"closed","ping_status":"open","sticky":false,"template":"","format":"standard","meta":{"footnotes":""},"categories":[8],"tags":[18],"class_list":{"0":"post-2577","1":"post","2":"type-post","3":"status-publish","4":"format-standard","5":"has-post-thumbnail","7":"category-assurances","8":"tag-lamal","9":"czr-hentry"},"yoast_head":"<!-- This site is optimized with the Yoast SEO plugin v25.8 - https:\/\/yoast.com\/wordpress\/plugins\/seo\/ -->\n<title>Assurance sant\u00e9 frontali\u00e8re LAMal - Mon-taux.com - Blog des experts en frontaliers<\/title>\n<meta name=\"robots\" content=\"index, follow, max-snippet:-1, max-image-preview:large, max-video-preview:-1\" \/>\n<link rel=\"canonical\" href=\"https:\/\/mon-taux.com\/blog\/2011\/05\/18\/assurance-sante-frontaliere-lamal\/\" \/>\n<meta property=\"og:locale\" content=\"fr_FR\" \/>\n<meta property=\"og:type\" content=\"article\" \/>\n<meta property=\"og:title\" content=\"Assurance sant\u00e9 frontali\u00e8re LAMal - Mon-taux.com - Blog des experts en frontaliers\" \/>\n<meta property=\"og:description\" content=\"I &#8211; LE R\u00c9GIME SUISSE LAMal ( L&#8217;Assurance MALadie obligatoire) L&#8217;assurance maladie obligatoire (LAMal) pour frontalier est une des solutions possibles pour les travailleurs frontaliers. Les modalit\u00e9s et couvertures de ces assurances sont r\u00e9gies par la loi f\u00e9d\u00e9rale sur l&#8217;assurance maladie. Son fonctionnement est identique \u00e0 celui de l&#8217;assurance maladie obligatoire pour les r\u00e9sidents, mais [&hellip;]\" \/>\n<meta property=\"og:url\" content=\"https:\/\/mon-taux.com\/blog\/2011\/05\/18\/assurance-sante-frontaliere-lamal\/\" \/>\n<meta property=\"og:site_name\" content=\"Mon-taux.com - Blog des experts en frontaliers\" \/>\n<meta property=\"article:publisher\" content=\"https:\/\/www.facebook.com\/MonTauxCom.ComparateurFrontalier\" \/>\n<meta property=\"article:published_time\" content=\"2011-05-18T13:44:11+00:00\" \/>\n<meta property=\"og:image\" content=\"https:\/\/mon-taux.com\/blog\/wp-content\/uploads\/2011\/05\/Lamal-frontalier1.jpg\" \/>\n\t<meta property=\"og:image:width\" content=\"310\" \/>\n\t<meta property=\"og:image:height\" content=\"190\" \/>\n\t<meta property=\"og:image:type\" content=\"image\/jpeg\" \/>\n<meta name=\"author\" content=\"montaux\" \/>\n<meta name=\"twitter:card\" content=\"summary_large_image\" \/>\n<meta name=\"twitter:creator\" content=\"@MonTauxCom\" \/>\n<meta name=\"twitter:site\" content=\"@MonTauxCom\" \/>\n<meta name=\"twitter:label1\" content=\"\u00c9crit par\" \/>\n\t<meta name=\"twitter:data1\" content=\"montaux\" \/>\n\t<meta name=\"twitter:label2\" content=\"Dur\u00e9e de lecture estim\u00e9e\" \/>\n\t<meta name=\"twitter:data2\" content=\"3 minutes\" \/>\n<script type=\"application\/ld+json\" class=\"yoast-schema-graph\">{\"@context\":\"https:\/\/schema.org\",\"@graph\":[{\"@type\":\"Article\",\"@id\":\"https:\/\/mon-taux.com\/blog\/2011\/05\/18\/assurance-sante-frontaliere-lamal\/#article\",\"isPartOf\":{\"@id\":\"https:\/\/mon-taux.com\/blog\/2011\/05\/18\/assurance-sante-frontaliere-lamal\/\"},\"author\":{\"name\":\"montaux\",\"@id\":\"https:\/\/mon-taux.com\/blog\/#\/schema\/person\/bfe88bfabe109e312d4cd786a3dfe66f\"},\"headline\":\"Assurance sant\u00e9 frontali\u00e8re LAMal\",\"datePublished\":\"2011-05-18T13:44:11+00:00\",\"mainEntityOfPage\":{\"@id\":\"https:\/\/mon-taux.com\/blog\/2011\/05\/18\/assurance-sante-frontaliere-lamal\/\"},\"wordCount\":585,\"publisher\":{\"@id\":\"https:\/\/mon-taux.com\/blog\/#organization\"},\"image\":{\"@id\":\"https:\/\/mon-taux.com\/blog\/2011\/05\/18\/assurance-sante-frontaliere-lamal\/#primaryimage\"},\"thumbnailUrl\":\"https:\/\/mon-taux.com\/blog\/wp-content\/uploads\/2011\/05\/Lamal-frontalier1.jpg\",\"keywords\":[\"LAMAL\"],\"articleSection\":[\"Assurances Sant\u00e9\"],\"inLanguage\":\"fr-FR\"},{\"@type\":\"WebPage\",\"@id\":\"https:\/\/mon-taux.com\/blog\/2011\/05\/18\/assurance-sante-frontaliere-lamal\/\",\"url\":\"https:\/\/mon-taux.com\/blog\/2011\/05\/18\/assurance-sante-frontaliere-lamal\/\",\"name\":\"Assurance sant\u00e9 frontali\u00e8re LAMal - Mon-taux.com - Blog des experts en frontaliers\",\"isPartOf\":{\"@id\":\"https:\/\/mon-taux.com\/blog\/#website\"},\"primaryImageOfPage\":{\"@id\":\"https:\/\/mon-taux.com\/blog\/2011\/05\/18\/assurance-sante-frontaliere-lamal\/#primaryimage\"},\"image\":{\"@id\":\"https:\/\/mon-taux.com\/blog\/2011\/05\/18\/assurance-sante-frontaliere-lamal\/#primaryimage\"},\"thumbnailUrl\":\"https:\/\/mon-taux.com\/blog\/wp-content\/uploads\/2011\/05\/Lamal-frontalier1.jpg\",\"datePublished\":\"2011-05-18T13:44:11+00:00\",\"breadcrumb\":{\"@id\":\"https:\/\/mon-taux.com\/blog\/2011\/05\/18\/assurance-sante-frontaliere-lamal\/#breadcrumb\"},\"inLanguage\":\"fr-FR\",\"potentialAction\":[{\"@type\":\"ReadAction\",\"target\":[\"https:\/\/mon-taux.com\/blog\/2011\/05\/18\/assurance-sante-frontaliere-lamal\/\"]}]},{\"@type\":\"ImageObject\",\"inLanguage\":\"fr-FR\",\"@id\":\"https:\/\/mon-taux.com\/blog\/2011\/05\/18\/assurance-sante-frontaliere-lamal\/#primaryimage\",\"url\":\"https:\/\/mon-taux.com\/blog\/wp-content\/uploads\/2011\/05\/Lamal-frontalier1.jpg\",\"contentUrl\":\"https:\/\/mon-taux.com\/blog\/wp-content\/uploads\/2011\/05\/Lamal-frontalier1.jpg\",\"width\":310,\"height\":190},{\"@type\":\"BreadcrumbList\",\"@id\":\"https:\/\/mon-taux.com\/blog\/2011\/05\/18\/assurance-sante-frontaliere-lamal\/#breadcrumb\",\"itemListElement\":[{\"@type\":\"ListItem\",\"position\":1,\"name\":\"Accueil\",\"item\":\"https:\/\/mon-taux.com\/blog\/\"},{\"@type\":\"ListItem\",\"position\":2,\"name\":\"Assurance sant\u00e9 frontali\u00e8re LAMal\"}]},{\"@type\":\"WebSite\",\"@id\":\"https:\/\/mon-taux.com\/blog\/#website\",\"url\":\"https:\/\/mon-taux.com\/blog\/\",\"name\":\"Mon-taux.com - Blog des experts en frontaliers\",\"description\":\"\",\"publisher\":{\"@id\":\"https:\/\/mon-taux.com\/blog\/#organization\"},\"potentialAction\":[{\"@type\":\"SearchAction\",\"target\":{\"@type\":\"EntryPoint\",\"urlTemplate\":\"https:\/\/mon-taux.com\/blog\/?s={search_term_string}\"},\"query-input\":{\"@type\":\"PropertyValueSpecification\",\"valueRequired\":true,\"valueName\":\"search_term_string\"}}],\"inLanguage\":\"fr-FR\"},{\"@type\":\"Organization\",\"@id\":\"https:\/\/mon-taux.com\/blog\/#organization\",\"name\":\"Mon-taux.com\",\"url\":\"https:\/\/mon-taux.com\/blog\/\",\"logo\":{\"@type\":\"ImageObject\",\"inLanguage\":\"fr-FR\",\"@id\":\"https:\/\/mon-taux.com\/blog\/#\/schema\/logo\/image\/\",\"url\":\"https:\/\/mon-taux.com\/blog\/wp-content\/uploads\/2020\/08\/montaux-new-logo-e1596462820847.png\",\"contentUrl\":\"https:\/\/mon-taux.com\/blog\/wp-content\/uploads\/2020\/08\/montaux-new-logo-e1596462820847.png\",\"width\":300,\"height\":172,\"caption\":\"Mon-taux.com\"},\"image\":{\"@id\":\"https:\/\/mon-taux.com\/blog\/#\/schema\/logo\/image\/\"},\"sameAs\":[\"https:\/\/www.facebook.com\/MonTauxCom.ComparateurFrontalier\",\"https:\/\/x.com\/MonTauxCom\",\"https:\/\/www.youtube.com\/channel\/UCyft978dCKAgV8DglhSW6gg\"]},{\"@type\":\"Person\",\"@id\":\"https:\/\/mon-taux.com\/blog\/#\/schema\/person\/bfe88bfabe109e312d4cd786a3dfe66f\",\"name\":\"montaux\",\"image\":{\"@type\":\"ImageObject\",\"inLanguage\":\"fr-FR\",\"@id\":\"https:\/\/mon-taux.com\/blog\/#\/schema\/person\/image\/\",\"url\":\"https:\/\/mon-taux.com\/blog\/wp-content\/uploads\/2020\/08\/favicon2-150x150.png\",\"contentUrl\":\"https:\/\/mon-taux.com\/blog\/wp-content\/uploads\/2020\/08\/favicon2-150x150.png\",\"caption\":\"montaux\"},\"sameAs\":[\"https:\/\/mon-taux.com\"],\"url\":\"https:\/\/mon-taux.com\/blog\/author\/montaux\/\"}]}<\/script>\n<!-- \/ Yoast SEO plugin. -->","yoast_head_json":{"title":"Assurance sant\u00e9 frontali\u00e8re LAMal - Mon-taux.com - Blog des experts en frontaliers","robots":{"index":"index","follow":"follow","max-snippet":"max-snippet:-1","max-image-preview":"max-image-preview:large","max-video-preview":"max-video-preview:-1"},"canonical":"https:\/\/mon-taux.com\/blog\/2011\/05\/18\/assurance-sante-frontaliere-lamal\/","og_locale":"fr_FR","og_type":"article","og_title":"Assurance sant\u00e9 frontali\u00e8re LAMal - Mon-taux.com - Blog des experts en frontaliers","og_description":"I &#8211; LE R\u00c9GIME SUISSE LAMal ( L&#8217;Assurance MALadie obligatoire) L&#8217;assurance maladie obligatoire (LAMal) pour frontalier est une des solutions possibles pour les travailleurs frontaliers. Les modalit\u00e9s et couvertures de ces assurances sont r\u00e9gies par la loi f\u00e9d\u00e9rale sur l&#8217;assurance maladie. Son fonctionnement est identique \u00e0 celui de l&#8217;assurance maladie obligatoire pour les r\u00e9sidents, mais [&hellip;]","og_url":"https:\/\/mon-taux.com\/blog\/2011\/05\/18\/assurance-sante-frontaliere-lamal\/","og_site_name":"Mon-taux.com - Blog des experts en frontaliers","article_publisher":"https:\/\/www.facebook.com\/MonTauxCom.ComparateurFrontalier","article_published_time":"2011-05-18T13:44:11+00:00","og_image":[{"width":310,"height":190,"url":"https:\/\/mon-taux.com\/blog\/wp-content\/uploads\/2011\/05\/Lamal-frontalier1.jpg","type":"image\/jpeg"}],"author":"montaux","twitter_card":"summary_large_image","twitter_creator":"@MonTauxCom","twitter_site":"@MonTauxCom","twitter_misc":{"\u00c9crit par":"montaux","Dur\u00e9e de lecture estim\u00e9e":"3 minutes"},"schema":{"@context":"https:\/\/schema.org","@graph":[{"@type":"Article","@id":"https:\/\/mon-taux.com\/blog\/2011\/05\/18\/assurance-sante-frontaliere-lamal\/#article","isPartOf":{"@id":"https:\/\/mon-taux.com\/blog\/2011\/05\/18\/assurance-sante-frontaliere-lamal\/"},"author":{"name":"montaux","@id":"https:\/\/mon-taux.com\/blog\/#\/schema\/person\/bfe88bfabe109e312d4cd786a3dfe66f"},"headline":"Assurance sant\u00e9 frontali\u00e8re LAMal","datePublished":"2011-05-18T13:44:11+00:00","mainEntityOfPage":{"@id":"https:\/\/mon-taux.com\/blog\/2011\/05\/18\/assurance-sante-frontaliere-lamal\/"},"wordCount":585,"publisher":{"@id":"https:\/\/mon-taux.com\/blog\/#organization"},"image":{"@id":"https:\/\/mon-taux.com\/blog\/2011\/05\/18\/assurance-sante-frontaliere-lamal\/#primaryimage"},"thumbnailUrl":"https:\/\/mon-taux.com\/blog\/wp-content\/uploads\/2011\/05\/Lamal-frontalier1.jpg","keywords":["LAMAL"],"articleSection":["Assurances Sant\u00e9"],"inLanguage":"fr-FR"},{"@type":"WebPage","@id":"https:\/\/mon-taux.com\/blog\/2011\/05\/18\/assurance-sante-frontaliere-lamal\/","url":"https:\/\/mon-taux.com\/blog\/2011\/05\/18\/assurance-sante-frontaliere-lamal\/","name":"Assurance sant\u00e9 frontali\u00e8re LAMal - Mon-taux.com - Blog des experts en frontaliers","isPartOf":{"@id":"https:\/\/mon-taux.com\/blog\/#website"},"primaryImageOfPage":{"@id":"https:\/\/mon-taux.com\/blog\/2011\/05\/18\/assurance-sante-frontaliere-lamal\/#primaryimage"},"image":{"@id":"https:\/\/mon-taux.com\/blog\/2011\/05\/18\/assurance-sante-frontaliere-lamal\/#primaryimage"},"thumbnailUrl":"https:\/\/mon-taux.com\/blog\/wp-content\/uploads\/2011\/05\/Lamal-frontalier1.jpg","datePublished":"2011-05-18T13:44:11+00:00","breadcrumb":{"@id":"https:\/\/mon-taux.com\/blog\/2011\/05\/18\/assurance-sante-frontaliere-lamal\/#breadcrumb"},"inLanguage":"fr-FR","potentialAction":[{"@type":"ReadAction","target":["https:\/\/mon-taux.com\/blog\/2011\/05\/18\/assurance-sante-frontaliere-lamal\/"]}]},{"@type":"ImageObject","inLanguage":"fr-FR","@id":"https:\/\/mon-taux.com\/blog\/2011\/05\/18\/assurance-sante-frontaliere-lamal\/#primaryimage","url":"https:\/\/mon-taux.com\/blog\/wp-content\/uploads\/2011\/05\/Lamal-frontalier1.jpg","contentUrl":"https:\/\/mon-taux.com\/blog\/wp-content\/uploads\/2011\/05\/Lamal-frontalier1.jpg","width":310,"height":190},{"@type":"BreadcrumbList","@id":"https:\/\/mon-taux.com\/blog\/2011\/05\/18\/assurance-sante-frontaliere-lamal\/#breadcrumb","itemListElement":[{"@type":"ListItem","position":1,"name":"Accueil","item":"https:\/\/mon-taux.com\/blog\/"},{"@type":"ListItem","position":2,"name":"Assurance sant\u00e9 frontali\u00e8re LAMal"}]},{"@type":"WebSite","@id":"https:\/\/mon-taux.com\/blog\/#website","url":"https:\/\/mon-taux.com\/blog\/","name":"Mon-taux.com - Blog des experts en frontaliers","description":"","publisher":{"@id":"https:\/\/mon-taux.com\/blog\/#organization"},"potentialAction":[{"@type":"SearchAction","target":{"@type":"EntryPoint","urlTemplate":"https:\/\/mon-taux.com\/blog\/?s={search_term_string}"},"query-input":{"@type":"PropertyValueSpecification","valueRequired":true,"valueName":"search_term_string"}}],"inLanguage":"fr-FR"},{"@type":"Organization","@id":"https:\/\/mon-taux.com\/blog\/#organization","name":"Mon-taux.com","url":"https:\/\/mon-taux.com\/blog\/","logo":{"@type":"ImageObject","inLanguage":"fr-FR","@id":"https:\/\/mon-taux.com\/blog\/#\/schema\/logo\/image\/","url":"https:\/\/mon-taux.com\/blog\/wp-content\/uploads\/2020\/08\/montaux-new-logo-e1596462820847.png","contentUrl":"https:\/\/mon-taux.com\/blog\/wp-content\/uploads\/2020\/08\/montaux-new-logo-e1596462820847.png","width":300,"height":172,"caption":"Mon-taux.com"},"image":{"@id":"https:\/\/mon-taux.com\/blog\/#\/schema\/logo\/image\/"},"sameAs":["https:\/\/www.facebook.com\/MonTauxCom.ComparateurFrontalier","https:\/\/x.com\/MonTauxCom","https:\/\/www.youtube.com\/channel\/UCyft978dCKAgV8DglhSW6gg"]},{"@type":"Person","@id":"https:\/\/mon-taux.com\/blog\/#\/schema\/person\/bfe88bfabe109e312d4cd786a3dfe66f","name":"montaux","image":{"@type":"ImageObject","inLanguage":"fr-FR","@id":"https:\/\/mon-taux.com\/blog\/#\/schema\/person\/image\/","url":"https:\/\/mon-taux.com\/blog\/wp-content\/uploads\/2020\/08\/favicon2-150x150.png","contentUrl":"https:\/\/mon-taux.com\/blog\/wp-content\/uploads\/2020\/08\/favicon2-150x150.png","caption":"montaux"},"sameAs":["https:\/\/mon-taux.com"],"url":"https:\/\/mon-taux.com\/blog\/author\/montaux\/"}]}},"_links":{"self":[{"href":"https:\/\/mon-taux.com\/blog\/wp-json\/wp\/v2\/posts\/2577","targetHints":{"allow":["GET"]}}],"collection":[{"href":"https:\/\/mon-taux.com\/blog\/wp-json\/wp\/v2\/posts"}],"about":[{"href":"https:\/\/mon-taux.com\/blog\/wp-json\/wp\/v2\/types\/post"}],"author":[{"embeddable":true,"href":"https:\/\/mon-taux.com\/blog\/wp-json\/wp\/v2\/users\/2"}],"replies":[{"embeddable":true,"href":"https:\/\/mon-taux.com\/blog\/wp-json\/wp\/v2\/comments?post=2577"}],"version-history":[{"count":0,"href":"https:\/\/mon-taux.com\/blog\/wp-json\/wp\/v2\/posts\/2577\/revisions"}],"wp:featuredmedia":[{"embeddable":true,"href":"https:\/\/mon-taux.com\/blog\/wp-json\/wp\/v2\/media\/31324"}],"wp:attachment":[{"href":"https:\/\/mon-taux.com\/blog\/wp-json\/wp\/v2\/media?parent=2577"}],"wp:term":[{"taxonomy":"category","embeddable":true,"href":"https:\/\/mon-taux.com\/blog\/wp-json\/wp\/v2\/categories?post=2577"},{"taxonomy":"post_tag","embeddable":true,"href":"https:\/\/mon-taux.com\/blog\/wp-json\/wp\/v2\/tags?post=2577"}],"curies":[{"name":"wp","href":"https:\/\/api.w.org\/{rel}","templated":true}]}}