{"id":2192,"date":"2011-04-04T13:10:45","date_gmt":"2011-04-04T11:10:45","guid":{"rendered":"https:\/\/mon-taux-de-change.com\/?p=2192"},"modified":"2011-04-04T13:10:45","modified_gmt":"2011-04-04T11:10:45","slug":"et-leuro-remonta","status":"publish","type":"post","link":"https:\/\/mon-taux.com\/blog\/2011\/04\/04\/et-leuro-remonta\/","title":{"rendered":"04\/04\/11 &#8211; Et l\u2019Euro remonta !"},"content":{"rendered":"<p>&nbsp;<\/p>\n<table border=\"0\">\n<tbody>\n<tr>\n<td><img loading=\"lazy\" decoding=\"async\" class=\"alignnone size-full wp-image-5337\" src=\"https:\/\/mon-taux-de-change.com\/wp-content\/uploads\/2011\/04\/Capture-d\u2019\u00e9cran-2012-04-02-\u00e0-14.13.15.png\" alt=\"\" width=\"196\" height=\"154\" \/><\/td>\n<td><span style=\"font-size: small;\">La hausse annonc\u00e9e des taux europ\u00e9ens est en grande partie responsable de cette situation, d\u2019autant que dans le m\u00eame temps la pression retombe un peu au Moyen-Orient et au Japon. Le <strong>Franc Suisse<\/strong> qui avait\u00a0 pleinement\u00a0 jou\u00e9 son r\u00f4le de valeur refuge se voit aujourd\u2019hui quelque peu d\u00e9laiss\u00e9\u00a0 par les investisseurs. L\u2019<strong>\u20acuro<\/strong> est remont\u00e9 la semaine\u00a0 derni\u00e8re en passant de 1.2850 \u00e0 1.3169\u00a0!<\/span><br \/>\n<span style=\"font-size: small;\">Pour la semaine \u00e0 venir, nous pensons que l\u2019Euro va poursuivre sa hausse et pr\u00e9voyons des fluctuations entre 1.30 et 1.33.<\/span><br \/>\n<span style=\"font-size: small;\">Pour les frontaliers, un retour du cours autour des 1.30 repr\u00e9sentera une opportunit\u00e9 \u00e0 saisir. \u00a0La hausse combin\u00e9e des <strong>taux des<\/strong> <strong>pr\u00eats en devise<\/strong> et du <strong> change <\/strong>pourrait \u00e0 terme, mod\u00e9rer la demande sur le march\u00e9 de l\u2019immobilier.<\/span><\/td>\n<\/tr>\n<\/tbody>\n<\/table>\n<p>&nbsp;<\/p>\n","protected":false},"excerpt":{"rendered":"<p>&nbsp; La hausse annonc\u00e9e des taux europ\u00e9ens est en grande partie responsable de cette situation, d\u2019autant que dans le m\u00eame temps la pression retombe un peu au Moyen-Orient et au Japon. Le Franc Suisse qui avait\u00a0 pleinement\u00a0 jou\u00e9 son r\u00f4le de valeur refuge se voit aujourd\u2019hui quelque peu d\u00e9laiss\u00e9\u00a0 par les investisseurs. L\u2019\u20acuro est remont\u00e9 [&hellip;]<\/p>\n","protected":false},"author":2,"featured_media":2193,"comment_status":"closed","ping_status":"open","sticky":false,"template":"","format":"standard","meta":{"footnotes":""},"categories":[14],"tags":[19],"class_list":{"0":"post-2192","1":"post","2":"type-post","3":"status-publish","4":"format-standard","5":"has-post-thumbnail","7":"category-historique-taux-de-change","8":"tag-wow","9":"czr-hentry"},"yoast_head":"<!-- This site is optimized with the Yoast SEO plugin v25.8 - https:\/\/yoast.com\/wordpress\/plugins\/seo\/ -->\n<title>04\/04\/11 - Et l\u2019Euro remonta ! - Mon-taux.com - Blog des experts en frontaliers<\/title>\n<meta name=\"robots\" content=\"index, follow, max-snippet:-1, max-image-preview:large, max-video-preview:-1\" \/>\n<link rel=\"canonical\" href=\"https:\/\/mon-taux.com\/blog\/2011\/04\/04\/et-leuro-remonta\/\" \/>\n<meta property=\"og:locale\" content=\"fr_FR\" \/>\n<meta property=\"og:type\" content=\"article\" \/>\n<meta property=\"og:title\" content=\"04\/04\/11 - Et l\u2019Euro remonta ! - Mon-taux.com - Blog des experts en frontaliers\" \/>\n<meta property=\"og:description\" content=\"&nbsp; La hausse annonc\u00e9e des taux europ\u00e9ens est en grande partie responsable de cette situation, d\u2019autant que dans le m\u00eame temps la pression retombe un peu au Moyen-Orient et au Japon. Le Franc Suisse qui avait\u00a0 pleinement\u00a0 jou\u00e9 son r\u00f4le de valeur refuge se voit aujourd\u2019hui quelque peu d\u00e9laiss\u00e9\u00a0 par les investisseurs. L\u2019\u20acuro est remont\u00e9 [&hellip;]\" \/>\n<meta property=\"og:url\" content=\"https:\/\/mon-taux.com\/blog\/2011\/04\/04\/et-leuro-remonta\/\" \/>\n<meta property=\"og:site_name\" content=\"Mon-taux.com - Blog des experts en frontaliers\" \/>\n<meta property=\"article:publisher\" content=\"https:\/\/www.facebook.com\/MonTauxCom.ComparateurFrontalier\" \/>\n<meta property=\"article:published_time\" content=\"2011-04-04T11:10:45+00:00\" \/>\n<meta name=\"author\" content=\"montaux\" \/>\n<meta name=\"twitter:card\" content=\"summary_large_image\" \/>\n<meta name=\"twitter:creator\" content=\"@MonTauxCom\" \/>\n<meta name=\"twitter:site\" content=\"@MonTauxCom\" \/>\n<meta name=\"twitter:label1\" content=\"\u00c9crit par\" \/>\n\t<meta name=\"twitter:data1\" content=\"montaux\" \/>\n\t<meta name=\"twitter:label2\" content=\"Dur\u00e9e de lecture estim\u00e9e\" \/>\n\t<meta name=\"twitter:data2\" content=\"1 minute\" \/>\n<script type=\"application\/ld+json\" class=\"yoast-schema-graph\">{\"@context\":\"https:\/\/schema.org\",\"@graph\":[{\"@type\":\"Article\",\"@id\":\"https:\/\/mon-taux.com\/blog\/2011\/04\/04\/et-leuro-remonta\/#article\",\"isPartOf\":{\"@id\":\"https:\/\/mon-taux.com\/blog\/2011\/04\/04\/et-leuro-remonta\/\"},\"author\":{\"name\":\"montaux\",\"@id\":\"https:\/\/mon-taux.com\/blog\/#\/schema\/person\/bfe88bfabe109e312d4cd786a3dfe66f\"},\"headline\":\"04\/04\/11 &#8211; Et l\u2019Euro remonta !\",\"datePublished\":\"2011-04-04T11:10:45+00:00\",\"mainEntityOfPage\":{\"@id\":\"https:\/\/mon-taux.com\/blog\/2011\/04\/04\/et-leuro-remonta\/\"},\"wordCount\":136,\"publisher\":{\"@id\":\"https:\/\/mon-taux.com\/blog\/#organization\"},\"image\":{\"@id\":\"https:\/\/mon-taux.com\/blog\/2011\/04\/04\/et-leuro-remonta\/#primaryimage\"},\"thumbnailUrl\":\"\",\"keywords\":[\"Wow Change\"],\"articleSection\":[\"historique taux de change\"],\"inLanguage\":\"fr-FR\"},{\"@type\":\"WebPage\",\"@id\":\"https:\/\/mon-taux.com\/blog\/2011\/04\/04\/et-leuro-remonta\/\",\"url\":\"https:\/\/mon-taux.com\/blog\/2011\/04\/04\/et-leuro-remonta\/\",\"name\":\"04\/04\/11 - Et l\u2019Euro remonta ! - Mon-taux.com - Blog des experts en frontaliers\",\"isPartOf\":{\"@id\":\"https:\/\/mon-taux.com\/blog\/#website\"},\"primaryImageOfPage\":{\"@id\":\"https:\/\/mon-taux.com\/blog\/2011\/04\/04\/et-leuro-remonta\/#primaryimage\"},\"image\":{\"@id\":\"https:\/\/mon-taux.com\/blog\/2011\/04\/04\/et-leuro-remonta\/#primaryimage\"},\"thumbnailUrl\":\"\",\"datePublished\":\"2011-04-04T11:10:45+00:00\",\"breadcrumb\":{\"@id\":\"https:\/\/mon-taux.com\/blog\/2011\/04\/04\/et-leuro-remonta\/#breadcrumb\"},\"inLanguage\":\"fr-FR\",\"potentialAction\":[{\"@type\":\"ReadAction\",\"target\":[\"https:\/\/mon-taux.com\/blog\/2011\/04\/04\/et-leuro-remonta\/\"]}]},{\"@type\":\"ImageObject\",\"inLanguage\":\"fr-FR\",\"@id\":\"https:\/\/mon-taux.com\/blog\/2011\/04\/04\/et-leuro-remonta\/#primaryimage\",\"url\":\"\",\"contentUrl\":\"\"},{\"@type\":\"BreadcrumbList\",\"@id\":\"https:\/\/mon-taux.com\/blog\/2011\/04\/04\/et-leuro-remonta\/#breadcrumb\",\"itemListElement\":[{\"@type\":\"ListItem\",\"position\":1,\"name\":\"Accueil\",\"item\":\"https:\/\/mon-taux.com\/blog\/\"},{\"@type\":\"ListItem\",\"position\":2,\"name\":\"04\/04\/11 &#8211; Et l\u2019Euro remonta !\"}]},{\"@type\":\"WebSite\",\"@id\":\"https:\/\/mon-taux.com\/blog\/#website\",\"url\":\"https:\/\/mon-taux.com\/blog\/\",\"name\":\"Mon-taux.com - Blog des experts en frontaliers\",\"description\":\"\",\"publisher\":{\"@id\":\"https:\/\/mon-taux.com\/blog\/#organization\"},\"potentialAction\":[{\"@type\":\"SearchAction\",\"target\":{\"@type\":\"EntryPoint\",\"urlTemplate\":\"https:\/\/mon-taux.com\/blog\/?s={search_term_string}\"},\"query-input\":{\"@type\":\"PropertyValueSpecification\",\"valueRequired\":true,\"valueName\":\"search_term_string\"}}],\"inLanguage\":\"fr-FR\"},{\"@type\":\"Organization\",\"@id\":\"https:\/\/mon-taux.com\/blog\/#organization\",\"name\":\"Mon-taux.com\",\"url\":\"https:\/\/mon-taux.com\/blog\/\",\"logo\":{\"@type\":\"ImageObject\",\"inLanguage\":\"fr-FR\",\"@id\":\"https:\/\/mon-taux.com\/blog\/#\/schema\/logo\/image\/\",\"url\":\"https:\/\/mon-taux.com\/blog\/wp-content\/uploads\/2020\/08\/montaux-new-logo-e1596462820847.png\",\"contentUrl\":\"https:\/\/mon-taux.com\/blog\/wp-content\/uploads\/2020\/08\/montaux-new-logo-e1596462820847.png\",\"width\":300,\"height\":172,\"caption\":\"Mon-taux.com\"},\"image\":{\"@id\":\"https:\/\/mon-taux.com\/blog\/#\/schema\/logo\/image\/\"},\"sameAs\":[\"https:\/\/www.facebook.com\/MonTauxCom.ComparateurFrontalier\",\"https:\/\/x.com\/MonTauxCom\",\"https:\/\/www.youtube.com\/channel\/UCyft978dCKAgV8DglhSW6gg\"]},{\"@type\":\"Person\",\"@id\":\"https:\/\/mon-taux.com\/blog\/#\/schema\/person\/bfe88bfabe109e312d4cd786a3dfe66f\",\"name\":\"montaux\",\"image\":{\"@type\":\"ImageObject\",\"inLanguage\":\"fr-FR\",\"@id\":\"https:\/\/mon-taux.com\/blog\/#\/schema\/person\/image\/\",\"url\":\"https:\/\/mon-taux.com\/blog\/wp-content\/uploads\/2020\/08\/favicon2-150x150.png\",\"contentUrl\":\"https:\/\/mon-taux.com\/blog\/wp-content\/uploads\/2020\/08\/favicon2-150x150.png\",\"caption\":\"montaux\"},\"sameAs\":[\"https:\/\/mon-taux.com\"],\"url\":\"https:\/\/mon-taux.com\/blog\/author\/montaux\/\"}]}<\/script>\n<!-- \/ Yoast SEO plugin. -->","yoast_head_json":{"title":"04\/04\/11 - Et l\u2019Euro remonta ! - Mon-taux.com - Blog des experts en frontaliers","robots":{"index":"index","follow":"follow","max-snippet":"max-snippet:-1","max-image-preview":"max-image-preview:large","max-video-preview":"max-video-preview:-1"},"canonical":"https:\/\/mon-taux.com\/blog\/2011\/04\/04\/et-leuro-remonta\/","og_locale":"fr_FR","og_type":"article","og_title":"04\/04\/11 - Et l\u2019Euro remonta ! - Mon-taux.com - Blog des experts en frontaliers","og_description":"&nbsp; La hausse annonc\u00e9e des taux europ\u00e9ens est en grande partie responsable de cette situation, d\u2019autant que dans le m\u00eame temps la pression retombe un peu au Moyen-Orient et au Japon. Le Franc Suisse qui avait\u00a0 pleinement\u00a0 jou\u00e9 son r\u00f4le de valeur refuge se voit aujourd\u2019hui quelque peu d\u00e9laiss\u00e9\u00a0 par les investisseurs. L\u2019\u20acuro est remont\u00e9 [&hellip;]","og_url":"https:\/\/mon-taux.com\/blog\/2011\/04\/04\/et-leuro-remonta\/","og_site_name":"Mon-taux.com - Blog des experts en frontaliers","article_publisher":"https:\/\/www.facebook.com\/MonTauxCom.ComparateurFrontalier","article_published_time":"2011-04-04T11:10:45+00:00","author":"montaux","twitter_card":"summary_large_image","twitter_creator":"@MonTauxCom","twitter_site":"@MonTauxCom","twitter_misc":{"\u00c9crit par":"montaux","Dur\u00e9e de lecture estim\u00e9e":"1 minute"},"schema":{"@context":"https:\/\/schema.org","@graph":[{"@type":"Article","@id":"https:\/\/mon-taux.com\/blog\/2011\/04\/04\/et-leuro-remonta\/#article","isPartOf":{"@id":"https:\/\/mon-taux.com\/blog\/2011\/04\/04\/et-leuro-remonta\/"},"author":{"name":"montaux","@id":"https:\/\/mon-taux.com\/blog\/#\/schema\/person\/bfe88bfabe109e312d4cd786a3dfe66f"},"headline":"04\/04\/11 &#8211; Et l\u2019Euro remonta !","datePublished":"2011-04-04T11:10:45+00:00","mainEntityOfPage":{"@id":"https:\/\/mon-taux.com\/blog\/2011\/04\/04\/et-leuro-remonta\/"},"wordCount":136,"publisher":{"@id":"https:\/\/mon-taux.com\/blog\/#organization"},"image":{"@id":"https:\/\/mon-taux.com\/blog\/2011\/04\/04\/et-leuro-remonta\/#primaryimage"},"thumbnailUrl":"","keywords":["Wow Change"],"articleSection":["historique taux de change"],"inLanguage":"fr-FR"},{"@type":"WebPage","@id":"https:\/\/mon-taux.com\/blog\/2011\/04\/04\/et-leuro-remonta\/","url":"https:\/\/mon-taux.com\/blog\/2011\/04\/04\/et-leuro-remonta\/","name":"04\/04\/11 - Et l\u2019Euro remonta ! - Mon-taux.com - Blog des experts en frontaliers","isPartOf":{"@id":"https:\/\/mon-taux.com\/blog\/#website"},"primaryImageOfPage":{"@id":"https:\/\/mon-taux.com\/blog\/2011\/04\/04\/et-leuro-remonta\/#primaryimage"},"image":{"@id":"https:\/\/mon-taux.com\/blog\/2011\/04\/04\/et-leuro-remonta\/#primaryimage"},"thumbnailUrl":"","datePublished":"2011-04-04T11:10:45+00:00","breadcrumb":{"@id":"https:\/\/mon-taux.com\/blog\/2011\/04\/04\/et-leuro-remonta\/#breadcrumb"},"inLanguage":"fr-FR","potentialAction":[{"@type":"ReadAction","target":["https:\/\/mon-taux.com\/blog\/2011\/04\/04\/et-leuro-remonta\/"]}]},{"@type":"ImageObject","inLanguage":"fr-FR","@id":"https:\/\/mon-taux.com\/blog\/2011\/04\/04\/et-leuro-remonta\/#primaryimage","url":"","contentUrl":""},{"@type":"BreadcrumbList","@id":"https:\/\/mon-taux.com\/blog\/2011\/04\/04\/et-leuro-remonta\/#breadcrumb","itemListElement":[{"@type":"ListItem","position":1,"name":"Accueil","item":"https:\/\/mon-taux.com\/blog\/"},{"@type":"ListItem","position":2,"name":"04\/04\/11 &#8211; Et l\u2019Euro remonta !"}]},{"@type":"WebSite","@id":"https:\/\/mon-taux.com\/blog\/#website","url":"https:\/\/mon-taux.com\/blog\/","name":"Mon-taux.com - Blog des experts en frontaliers","description":"","publisher":{"@id":"https:\/\/mon-taux.com\/blog\/#organization"},"potentialAction":[{"@type":"SearchAction","target":{"@type":"EntryPoint","urlTemplate":"https:\/\/mon-taux.com\/blog\/?s={search_term_string}"},"query-input":{"@type":"PropertyValueSpecification","valueRequired":true,"valueName":"search_term_string"}}],"inLanguage":"fr-FR"},{"@type":"Organization","@id":"https:\/\/mon-taux.com\/blog\/#organization","name":"Mon-taux.com","url":"https:\/\/mon-taux.com\/blog\/","logo":{"@type":"ImageObject","inLanguage":"fr-FR","@id":"https:\/\/mon-taux.com\/blog\/#\/schema\/logo\/image\/","url":"https:\/\/mon-taux.com\/blog\/wp-content\/uploads\/2020\/08\/montaux-new-logo-e1596462820847.png","contentUrl":"https:\/\/mon-taux.com\/blog\/wp-content\/uploads\/2020\/08\/montaux-new-logo-e1596462820847.png","width":300,"height":172,"caption":"Mon-taux.com"},"image":{"@id":"https:\/\/mon-taux.com\/blog\/#\/schema\/logo\/image\/"},"sameAs":["https:\/\/www.facebook.com\/MonTauxCom.ComparateurFrontalier","https:\/\/x.com\/MonTauxCom","https:\/\/www.youtube.com\/channel\/UCyft978dCKAgV8DglhSW6gg"]},{"@type":"Person","@id":"https:\/\/mon-taux.com\/blog\/#\/schema\/person\/bfe88bfabe109e312d4cd786a3dfe66f","name":"montaux","image":{"@type":"ImageObject","inLanguage":"fr-FR","@id":"https:\/\/mon-taux.com\/blog\/#\/schema\/person\/image\/","url":"https:\/\/mon-taux.com\/blog\/wp-content\/uploads\/2020\/08\/favicon2-150x150.png","contentUrl":"https:\/\/mon-taux.com\/blog\/wp-content\/uploads\/2020\/08\/favicon2-150x150.png","caption":"montaux"},"sameAs":["https:\/\/mon-taux.com"],"url":"https:\/\/mon-taux.com\/blog\/author\/montaux\/"}]}},"_links":{"self":[{"href":"https:\/\/mon-taux.com\/blog\/wp-json\/wp\/v2\/posts\/2192","targetHints":{"allow":["GET"]}}],"collection":[{"href":"https:\/\/mon-taux.com\/blog\/wp-json\/wp\/v2\/posts"}],"about":[{"href":"https:\/\/mon-taux.com\/blog\/wp-json\/wp\/v2\/types\/post"}],"author":[{"embeddable":true,"href":"https:\/\/mon-taux.com\/blog\/wp-json\/wp\/v2\/users\/2"}],"replies":[{"embeddable":true,"href":"https:\/\/mon-taux.com\/blog\/wp-json\/wp\/v2\/comments?post=2192"}],"version-history":[{"count":0,"href":"https:\/\/mon-taux.com\/blog\/wp-json\/wp\/v2\/posts\/2192\/revisions"}],"wp:featuredmedia":[{"embeddable":true,"href":"https:\/\/mon-taux.com\/blog\/wp-json\/"}],"wp:attachment":[{"href":"https:\/\/mon-taux.com\/blog\/wp-json\/wp\/v2\/media?parent=2192"}],"wp:term":[{"taxonomy":"category","embeddable":true,"href":"https:\/\/mon-taux.com\/blog\/wp-json\/wp\/v2\/categories?post=2192"},{"taxonomy":"post_tag","embeddable":true,"href":"https:\/\/mon-taux.com\/blog\/wp-json\/wp\/v2\/tags?post=2192"}],"curies":[{"name":"wp","href":"https:\/\/api.w.org\/{rel}","templated":true}]}}