{"id":2048,"date":"2011-03-07T11:34:30","date_gmt":"2011-03-07T10:34:30","guid":{"rendered":"https:\/\/mon-taux-de-change.com\/?p=2048"},"modified":"2011-03-07T11:34:30","modified_gmt":"2011-03-07T10:34:30","slug":"la-probable-hausse-des-taux-de-leuro-stoppe-le-franc-suisse","status":"publish","type":"post","link":"https:\/\/mon-taux.com\/blog\/2011\/03\/07\/la-probable-hausse-des-taux-de-leuro-stoppe-le-franc-suisse\/","title":{"rendered":"07\/03\/11 &#8211; La probable hausse des taux de l\u2019\u20acuro stoppe le Franc Suisse"},"content":{"rendered":"<p style=\"text-align: justify;\">La semaine derni\u00e8re a \u00e9t\u00e9 marqu\u00e9e par un retour en forme de l\u2019euro suite aux mises en garde de la Banque Centrale Europ\u00e9enne sur un prochain rel\u00e8vement de ses taux d\u2019int\u00e9r\u00eats. Cette annonce a eu pour effet de faire remonter le cours euro\/chf au-del\u00e0 des 1.30. L\u2019\u00e9volution des soul\u00e8vements populaires au Maghreb et au Moyen-Orient va g\u00e9n\u00e9rer d\u2019importantes variations dans les prochains jours sur le CHF.<\/p>\n<p style=\"text-align: justify;\">Pour la semaine \u00e0 venir, nous estimons des variations dans les limites de 1.26 \u00e0 1.31.<\/p>\n<p style=\"text-align: justify;\">Pas de panique pour les <strong>frontaliers<\/strong>, la remont\u00e9e brutale de l\u2019euro la semaine pass\u00e9e ne devrait pas alt\u00e9rer un franc suisse qui va rester \u00e9lev\u00e9 dans les prochaines semaines.<\/p>\n<p style=\"text-align: justify;\">Pour ceux qui financent avec un <strong>pr\u00eat en devise<\/strong> une construction ou qui ach\u00e8tent un appartement en VEFA, la <strong>couverture du change<\/strong> reste vivement recommand\u00e9e.<\/p>\n","protected":false},"excerpt":{"rendered":"<p>La semaine derni\u00e8re a \u00e9t\u00e9 marqu\u00e9e par un retour en forme de l\u2019euro suite aux mises en garde de la Banque Centrale Europ\u00e9enne sur un prochain rel\u00e8vement de ses taux d\u2019int\u00e9r\u00eats. Cette annonce a eu pour effet de faire remonter le cours euro\/chf au-del\u00e0 des 1.30. L\u2019\u00e9volution des soul\u00e8vements populaires au Maghreb et au Moyen-Orient [&hellip;]<\/p>\n","protected":false},"author":2,"featured_media":2127,"comment_status":"closed","ping_status":"open","sticky":false,"template":"","format":"standard","meta":{"footnotes":""},"categories":[14],"tags":[],"class_list":{"0":"post-2048","1":"post","2":"type-post","3":"status-publish","4":"format-standard","5":"has-post-thumbnail","7":"category-historique-taux-de-change","8":"czr-hentry"},"yoast_head":"<!-- This site is optimized with the Yoast SEO plugin v25.8 - https:\/\/yoast.com\/wordpress\/plugins\/seo\/ -->\n<title>07\/03\/11 - La probable hausse des taux de l\u2019\u20acuro stoppe le Franc Suisse - Mon-taux.com - Blog des experts en frontaliers<\/title>\n<meta name=\"robots\" content=\"index, follow, max-snippet:-1, max-image-preview:large, max-video-preview:-1\" \/>\n<link rel=\"canonical\" href=\"https:\/\/mon-taux.com\/blog\/2011\/03\/07\/la-probable-hausse-des-taux-de-leuro-stoppe-le-franc-suisse\/\" \/>\n<meta property=\"og:locale\" content=\"fr_FR\" \/>\n<meta property=\"og:type\" content=\"article\" \/>\n<meta property=\"og:title\" content=\"07\/03\/11 - La probable hausse des taux de l\u2019\u20acuro stoppe le Franc Suisse - Mon-taux.com - Blog des experts en frontaliers\" \/>\n<meta property=\"og:description\" content=\"La semaine derni\u00e8re a \u00e9t\u00e9 marqu\u00e9e par un retour en forme de l\u2019euro suite aux mises en garde de la Banque Centrale Europ\u00e9enne sur un prochain rel\u00e8vement de ses taux d\u2019int\u00e9r\u00eats. Cette annonce a eu pour effet de faire remonter le cours euro\/chf au-del\u00e0 des 1.30. L\u2019\u00e9volution des soul\u00e8vements populaires au Maghreb et au Moyen-Orient [&hellip;]\" \/>\n<meta property=\"og:url\" content=\"https:\/\/mon-taux.com\/blog\/2011\/03\/07\/la-probable-hausse-des-taux-de-leuro-stoppe-le-franc-suisse\/\" \/>\n<meta property=\"og:site_name\" content=\"Mon-taux.com - Blog des experts en frontaliers\" \/>\n<meta property=\"article:publisher\" content=\"https:\/\/www.facebook.com\/MonTauxCom.ComparateurFrontalier\" \/>\n<meta property=\"article:published_time\" content=\"2011-03-07T10:34:30+00:00\" \/>\n<meta name=\"author\" content=\"montaux\" \/>\n<meta name=\"twitter:card\" content=\"summary_large_image\" \/>\n<meta name=\"twitter:creator\" content=\"@MonTauxCom\" \/>\n<meta name=\"twitter:site\" content=\"@MonTauxCom\" \/>\n<meta name=\"twitter:label1\" content=\"\u00c9crit par\" \/>\n\t<meta name=\"twitter:data1\" content=\"montaux\" \/>\n\t<meta name=\"twitter:label2\" content=\"Dur\u00e9e de lecture estim\u00e9e\" \/>\n\t<meta name=\"twitter:data2\" content=\"1 minute\" \/>\n<script type=\"application\/ld+json\" class=\"yoast-schema-graph\">{\"@context\":\"https:\/\/schema.org\",\"@graph\":[{\"@type\":\"Article\",\"@id\":\"https:\/\/mon-taux.com\/blog\/2011\/03\/07\/la-probable-hausse-des-taux-de-leuro-stoppe-le-franc-suisse\/#article\",\"isPartOf\":{\"@id\":\"https:\/\/mon-taux.com\/blog\/2011\/03\/07\/la-probable-hausse-des-taux-de-leuro-stoppe-le-franc-suisse\/\"},\"author\":{\"name\":\"montaux\",\"@id\":\"https:\/\/mon-taux.com\/blog\/#\/schema\/person\/bfe88bfabe109e312d4cd786a3dfe66f\"},\"headline\":\"07\/03\/11 &#8211; La probable hausse des taux de l\u2019\u20acuro stoppe le Franc Suisse\",\"datePublished\":\"2011-03-07T10:34:30+00:00\",\"mainEntityOfPage\":{\"@id\":\"https:\/\/mon-taux.com\/blog\/2011\/03\/07\/la-probable-hausse-des-taux-de-leuro-stoppe-le-franc-suisse\/\"},\"wordCount\":165,\"publisher\":{\"@id\":\"https:\/\/mon-taux.com\/blog\/#organization\"},\"image\":{\"@id\":\"https:\/\/mon-taux.com\/blog\/2011\/03\/07\/la-probable-hausse-des-taux-de-leuro-stoppe-le-franc-suisse\/#primaryimage\"},\"thumbnailUrl\":\"\",\"articleSection\":[\"historique taux de change\"],\"inLanguage\":\"fr-FR\"},{\"@type\":\"WebPage\",\"@id\":\"https:\/\/mon-taux.com\/blog\/2011\/03\/07\/la-probable-hausse-des-taux-de-leuro-stoppe-le-franc-suisse\/\",\"url\":\"https:\/\/mon-taux.com\/blog\/2011\/03\/07\/la-probable-hausse-des-taux-de-leuro-stoppe-le-franc-suisse\/\",\"name\":\"07\/03\/11 - La probable hausse des taux de l\u2019\u20acuro stoppe le Franc Suisse - Mon-taux.com - Blog des experts en frontaliers\",\"isPartOf\":{\"@id\":\"https:\/\/mon-taux.com\/blog\/#website\"},\"primaryImageOfPage\":{\"@id\":\"https:\/\/mon-taux.com\/blog\/2011\/03\/07\/la-probable-hausse-des-taux-de-leuro-stoppe-le-franc-suisse\/#primaryimage\"},\"image\":{\"@id\":\"https:\/\/mon-taux.com\/blog\/2011\/03\/07\/la-probable-hausse-des-taux-de-leuro-stoppe-le-franc-suisse\/#primaryimage\"},\"thumbnailUrl\":\"\",\"datePublished\":\"2011-03-07T10:34:30+00:00\",\"breadcrumb\":{\"@id\":\"https:\/\/mon-taux.com\/blog\/2011\/03\/07\/la-probable-hausse-des-taux-de-leuro-stoppe-le-franc-suisse\/#breadcrumb\"},\"inLanguage\":\"fr-FR\",\"potentialAction\":[{\"@type\":\"ReadAction\",\"target\":[\"https:\/\/mon-taux.com\/blog\/2011\/03\/07\/la-probable-hausse-des-taux-de-leuro-stoppe-le-franc-suisse\/\"]}]},{\"@type\":\"ImageObject\",\"inLanguage\":\"fr-FR\",\"@id\":\"https:\/\/mon-taux.com\/blog\/2011\/03\/07\/la-probable-hausse-des-taux-de-leuro-stoppe-le-franc-suisse\/#primaryimage\",\"url\":\"\",\"contentUrl\":\"\"},{\"@type\":\"BreadcrumbList\",\"@id\":\"https:\/\/mon-taux.com\/blog\/2011\/03\/07\/la-probable-hausse-des-taux-de-leuro-stoppe-le-franc-suisse\/#breadcrumb\",\"itemListElement\":[{\"@type\":\"ListItem\",\"position\":1,\"name\":\"Accueil\",\"item\":\"https:\/\/mon-taux.com\/blog\/\"},{\"@type\":\"ListItem\",\"position\":2,\"name\":\"07\/03\/11 &#8211; La probable hausse des taux de l\u2019\u20acuro stoppe le Franc Suisse\"}]},{\"@type\":\"WebSite\",\"@id\":\"https:\/\/mon-taux.com\/blog\/#website\",\"url\":\"https:\/\/mon-taux.com\/blog\/\",\"name\":\"Mon-taux.com - Blog des experts en frontaliers\",\"description\":\"\",\"publisher\":{\"@id\":\"https:\/\/mon-taux.com\/blog\/#organization\"},\"potentialAction\":[{\"@type\":\"SearchAction\",\"target\":{\"@type\":\"EntryPoint\",\"urlTemplate\":\"https:\/\/mon-taux.com\/blog\/?s={search_term_string}\"},\"query-input\":{\"@type\":\"PropertyValueSpecification\",\"valueRequired\":true,\"valueName\":\"search_term_string\"}}],\"inLanguage\":\"fr-FR\"},{\"@type\":\"Organization\",\"@id\":\"https:\/\/mon-taux.com\/blog\/#organization\",\"name\":\"Mon-taux.com\",\"url\":\"https:\/\/mon-taux.com\/blog\/\",\"logo\":{\"@type\":\"ImageObject\",\"inLanguage\":\"fr-FR\",\"@id\":\"https:\/\/mon-taux.com\/blog\/#\/schema\/logo\/image\/\",\"url\":\"https:\/\/mon-taux.com\/blog\/wp-content\/uploads\/2020\/08\/montaux-new-logo-e1596462820847.png\",\"contentUrl\":\"https:\/\/mon-taux.com\/blog\/wp-content\/uploads\/2020\/08\/montaux-new-logo-e1596462820847.png\",\"width\":300,\"height\":172,\"caption\":\"Mon-taux.com\"},\"image\":{\"@id\":\"https:\/\/mon-taux.com\/blog\/#\/schema\/logo\/image\/\"},\"sameAs\":[\"https:\/\/www.facebook.com\/MonTauxCom.ComparateurFrontalier\",\"https:\/\/x.com\/MonTauxCom\",\"https:\/\/www.youtube.com\/channel\/UCyft978dCKAgV8DglhSW6gg\"]},{\"@type\":\"Person\",\"@id\":\"https:\/\/mon-taux.com\/blog\/#\/schema\/person\/bfe88bfabe109e312d4cd786a3dfe66f\",\"name\":\"montaux\",\"image\":{\"@type\":\"ImageObject\",\"inLanguage\":\"fr-FR\",\"@id\":\"https:\/\/mon-taux.com\/blog\/#\/schema\/person\/image\/\",\"url\":\"https:\/\/mon-taux.com\/blog\/wp-content\/uploads\/2020\/08\/favicon2-150x150.png\",\"contentUrl\":\"https:\/\/mon-taux.com\/blog\/wp-content\/uploads\/2020\/08\/favicon2-150x150.png\",\"caption\":\"montaux\"},\"sameAs\":[\"https:\/\/mon-taux.com\"],\"url\":\"https:\/\/mon-taux.com\/blog\/author\/montaux\/\"}]}<\/script>\n<!-- \/ Yoast SEO plugin. -->","yoast_head_json":{"title":"07\/03\/11 - La probable hausse des taux de l\u2019\u20acuro stoppe le Franc Suisse - Mon-taux.com - Blog des experts en frontaliers","robots":{"index":"index","follow":"follow","max-snippet":"max-snippet:-1","max-image-preview":"max-image-preview:large","max-video-preview":"max-video-preview:-1"},"canonical":"https:\/\/mon-taux.com\/blog\/2011\/03\/07\/la-probable-hausse-des-taux-de-leuro-stoppe-le-franc-suisse\/","og_locale":"fr_FR","og_type":"article","og_title":"07\/03\/11 - La probable hausse des taux de l\u2019\u20acuro stoppe le Franc Suisse - Mon-taux.com - Blog des experts en frontaliers","og_description":"La semaine derni\u00e8re a \u00e9t\u00e9 marqu\u00e9e par un retour en forme de l\u2019euro suite aux mises en garde de la Banque Centrale Europ\u00e9enne sur un prochain rel\u00e8vement de ses taux d\u2019int\u00e9r\u00eats. Cette annonce a eu pour effet de faire remonter le cours euro\/chf au-del\u00e0 des 1.30. L\u2019\u00e9volution des soul\u00e8vements populaires au Maghreb et au Moyen-Orient [&hellip;]","og_url":"https:\/\/mon-taux.com\/blog\/2011\/03\/07\/la-probable-hausse-des-taux-de-leuro-stoppe-le-franc-suisse\/","og_site_name":"Mon-taux.com - Blog des experts en frontaliers","article_publisher":"https:\/\/www.facebook.com\/MonTauxCom.ComparateurFrontalier","article_published_time":"2011-03-07T10:34:30+00:00","author":"montaux","twitter_card":"summary_large_image","twitter_creator":"@MonTauxCom","twitter_site":"@MonTauxCom","twitter_misc":{"\u00c9crit par":"montaux","Dur\u00e9e de lecture estim\u00e9e":"1 minute"},"schema":{"@context":"https:\/\/schema.org","@graph":[{"@type":"Article","@id":"https:\/\/mon-taux.com\/blog\/2011\/03\/07\/la-probable-hausse-des-taux-de-leuro-stoppe-le-franc-suisse\/#article","isPartOf":{"@id":"https:\/\/mon-taux.com\/blog\/2011\/03\/07\/la-probable-hausse-des-taux-de-leuro-stoppe-le-franc-suisse\/"},"author":{"name":"montaux","@id":"https:\/\/mon-taux.com\/blog\/#\/schema\/person\/bfe88bfabe109e312d4cd786a3dfe66f"},"headline":"07\/03\/11 &#8211; La probable hausse des taux de l\u2019\u20acuro stoppe le Franc Suisse","datePublished":"2011-03-07T10:34:30+00:00","mainEntityOfPage":{"@id":"https:\/\/mon-taux.com\/blog\/2011\/03\/07\/la-probable-hausse-des-taux-de-leuro-stoppe-le-franc-suisse\/"},"wordCount":165,"publisher":{"@id":"https:\/\/mon-taux.com\/blog\/#organization"},"image":{"@id":"https:\/\/mon-taux.com\/blog\/2011\/03\/07\/la-probable-hausse-des-taux-de-leuro-stoppe-le-franc-suisse\/#primaryimage"},"thumbnailUrl":"","articleSection":["historique taux de change"],"inLanguage":"fr-FR"},{"@type":"WebPage","@id":"https:\/\/mon-taux.com\/blog\/2011\/03\/07\/la-probable-hausse-des-taux-de-leuro-stoppe-le-franc-suisse\/","url":"https:\/\/mon-taux.com\/blog\/2011\/03\/07\/la-probable-hausse-des-taux-de-leuro-stoppe-le-franc-suisse\/","name":"07\/03\/11 - La probable hausse des taux de l\u2019\u20acuro stoppe le Franc Suisse - Mon-taux.com - Blog des experts en frontaliers","isPartOf":{"@id":"https:\/\/mon-taux.com\/blog\/#website"},"primaryImageOfPage":{"@id":"https:\/\/mon-taux.com\/blog\/2011\/03\/07\/la-probable-hausse-des-taux-de-leuro-stoppe-le-franc-suisse\/#primaryimage"},"image":{"@id":"https:\/\/mon-taux.com\/blog\/2011\/03\/07\/la-probable-hausse-des-taux-de-leuro-stoppe-le-franc-suisse\/#primaryimage"},"thumbnailUrl":"","datePublished":"2011-03-07T10:34:30+00:00","breadcrumb":{"@id":"https:\/\/mon-taux.com\/blog\/2011\/03\/07\/la-probable-hausse-des-taux-de-leuro-stoppe-le-franc-suisse\/#breadcrumb"},"inLanguage":"fr-FR","potentialAction":[{"@type":"ReadAction","target":["https:\/\/mon-taux.com\/blog\/2011\/03\/07\/la-probable-hausse-des-taux-de-leuro-stoppe-le-franc-suisse\/"]}]},{"@type":"ImageObject","inLanguage":"fr-FR","@id":"https:\/\/mon-taux.com\/blog\/2011\/03\/07\/la-probable-hausse-des-taux-de-leuro-stoppe-le-franc-suisse\/#primaryimage","url":"","contentUrl":""},{"@type":"BreadcrumbList","@id":"https:\/\/mon-taux.com\/blog\/2011\/03\/07\/la-probable-hausse-des-taux-de-leuro-stoppe-le-franc-suisse\/#breadcrumb","itemListElement":[{"@type":"ListItem","position":1,"name":"Accueil","item":"https:\/\/mon-taux.com\/blog\/"},{"@type":"ListItem","position":2,"name":"07\/03\/11 &#8211; La probable hausse des taux de l\u2019\u20acuro stoppe le Franc Suisse"}]},{"@type":"WebSite","@id":"https:\/\/mon-taux.com\/blog\/#website","url":"https:\/\/mon-taux.com\/blog\/","name":"Mon-taux.com - Blog des experts en frontaliers","description":"","publisher":{"@id":"https:\/\/mon-taux.com\/blog\/#organization"},"potentialAction":[{"@type":"SearchAction","target":{"@type":"EntryPoint","urlTemplate":"https:\/\/mon-taux.com\/blog\/?s={search_term_string}"},"query-input":{"@type":"PropertyValueSpecification","valueRequired":true,"valueName":"search_term_string"}}],"inLanguage":"fr-FR"},{"@type":"Organization","@id":"https:\/\/mon-taux.com\/blog\/#organization","name":"Mon-taux.com","url":"https:\/\/mon-taux.com\/blog\/","logo":{"@type":"ImageObject","inLanguage":"fr-FR","@id":"https:\/\/mon-taux.com\/blog\/#\/schema\/logo\/image\/","url":"https:\/\/mon-taux.com\/blog\/wp-content\/uploads\/2020\/08\/montaux-new-logo-e1596462820847.png","contentUrl":"https:\/\/mon-taux.com\/blog\/wp-content\/uploads\/2020\/08\/montaux-new-logo-e1596462820847.png","width":300,"height":172,"caption":"Mon-taux.com"},"image":{"@id":"https:\/\/mon-taux.com\/blog\/#\/schema\/logo\/image\/"},"sameAs":["https:\/\/www.facebook.com\/MonTauxCom.ComparateurFrontalier","https:\/\/x.com\/MonTauxCom","https:\/\/www.youtube.com\/channel\/UCyft978dCKAgV8DglhSW6gg"]},{"@type":"Person","@id":"https:\/\/mon-taux.com\/blog\/#\/schema\/person\/bfe88bfabe109e312d4cd786a3dfe66f","name":"montaux","image":{"@type":"ImageObject","inLanguage":"fr-FR","@id":"https:\/\/mon-taux.com\/blog\/#\/schema\/person\/image\/","url":"https:\/\/mon-taux.com\/blog\/wp-content\/uploads\/2020\/08\/favicon2-150x150.png","contentUrl":"https:\/\/mon-taux.com\/blog\/wp-content\/uploads\/2020\/08\/favicon2-150x150.png","caption":"montaux"},"sameAs":["https:\/\/mon-taux.com"],"url":"https:\/\/mon-taux.com\/blog\/author\/montaux\/"}]}},"_links":{"self":[{"href":"https:\/\/mon-taux.com\/blog\/wp-json\/wp\/v2\/posts\/2048","targetHints":{"allow":["GET"]}}],"collection":[{"href":"https:\/\/mon-taux.com\/blog\/wp-json\/wp\/v2\/posts"}],"about":[{"href":"https:\/\/mon-taux.com\/blog\/wp-json\/wp\/v2\/types\/post"}],"author":[{"embeddable":true,"href":"https:\/\/mon-taux.com\/blog\/wp-json\/wp\/v2\/users\/2"}],"replies":[{"embeddable":true,"href":"https:\/\/mon-taux.com\/blog\/wp-json\/wp\/v2\/comments?post=2048"}],"version-history":[{"count":0,"href":"https:\/\/mon-taux.com\/blog\/wp-json\/wp\/v2\/posts\/2048\/revisions"}],"wp:featuredmedia":[{"embeddable":true,"href":"https:\/\/mon-taux.com\/blog\/wp-json\/"}],"wp:attachment":[{"href":"https:\/\/mon-taux.com\/blog\/wp-json\/wp\/v2\/media?parent=2048"}],"wp:term":[{"taxonomy":"category","embeddable":true,"href":"https:\/\/mon-taux.com\/blog\/wp-json\/wp\/v2\/categories?post=2048"},{"taxonomy":"post_tag","embeddable":true,"href":"https:\/\/mon-taux.com\/blog\/wp-json\/wp\/v2\/tags?post=2048"}],"curies":[{"name":"wp","href":"https:\/\/api.w.org\/{rel}","templated":true}]}}