{"id":10164,"date":"2016-05-09T14:32:23","date_gmt":"2016-05-09T12:32:23","guid":{"rendered":"https:\/\/mon-taux-de-change.com\/?p=10164"},"modified":"2016-05-09T14:32:23","modified_gmt":"2016-05-09T12:32:23","slug":"09052016-les-taux-bas-fleurissent-avec-le-printemps","status":"publish","type":"post","link":"https:\/\/mon-taux.com\/blog\/2016\/05\/09\/09052016-les-taux-bas-fleurissent-avec-le-printemps\/","title":{"rendered":"09\/05\/2016 &#8211; Les taux bas fleurissent avec le printemps !"},"content":{"rendered":"<p><span style=\"font-size: medium;\">De m\u00e9moire d\u2019emprunteur, on a jamais connu un tel niveau de taux d\u2019int\u00e9r\u00eat tant pour les financements en euros que pour les pr\u00eats en francs suisses. Ce mouvement baissier des taux d\u2019int\u00e9r\u00eat, amorc\u00e9 il y a plusieurs mois, est li\u00e9 \u00e0 un contexte \u00e9conomique mondial pr\u00e9occupant mais surtout en panne de croissance. A toute chose malheur est bon, et cela permet \u00e0 un plus grand nombre d\u2019acc\u00e9der \u00e0 la propri\u00e9t\u00e9 ou d\u2019acheter un logement plus spacieux.<\/span><br \/>\n<span style=\"font-size: medium;\">\u00a0<\/span><br \/>\n<span style=\"font-size: medium;\"><strong>C\u2019est le moment de devenir propri\u00e9taire de sa r\u00e9sidence principale<\/strong><\/span><br \/>\n<span style=\"font-size: medium;\">\u00a0<\/span><br \/>\n<span style=\"font-size: medium;\">Cela sonne un peu comme une phrase d\u2019un marchand qui veut vendre sa marchandise et pourtant si on r\u00e9fl\u00e9chit s\u00e9rieusement, c\u2019est la meilleure op\u00e9ration patrimoniale du moment.<\/span><br \/>\n<span style=\"font-size: medium;\">A des taux d\u2019int\u00e9r\u00eat au plus bas, vous ajoutez, pour ceux qui sont \u00e9ligibles, un pr\u00eat \u00e0 taux z\u00e9ro tr\u00e8s nettement plus favorable, un march\u00e9 de l\u2019immobilier ancien dont les prix ont \u00e9t\u00e9 largement r\u00e9ajust\u00e9s en zone frontali\u00e8re et une importante offre de logements neufs sur le bassin l\u00e9manique, tous les ingr\u00e9dients sont au rendez-vous pour acc\u00e9der \u00e0 la propri\u00e9t\u00e9 dans les meilleures conditions. Cette position est renforc\u00e9e avec des loyers qui demeurent \u00e9lev\u00e9s autour de la fronti\u00e8re et encore plus \u00e0 Gen\u00e8ve. Alors qu\u2019il devient de plus en plus \u00e9vident que les niveaux de retraites vont largement \u00eatre revus \u00e0 la baisse dans les prochaines ann\u00e9es, tant en France qu\u2019en Suisse, devenir propri\u00e9taire de sa r\u00e9sidence principale s\u2019impose comme une protection de son niveau de vie.<\/span><br \/>\n<span style=\"font-size: medium;\">\u00a0<\/span><br \/>\n<span style=\"font-size: medium;\"><strong>Un emprunteur disposant de revenus en francs suisses a augment\u00e9 son pouvoir d\u2019achat immobilier de <\/strong><strong>85\u2019000<\/strong><strong> \u20ac en moins de 5 ans<\/strong><\/span><br \/>\n<span style=\"font-size: medium;\">\u00a0<\/span><br \/>\n<span style=\"font-size: medium;\">Par la force du franc suisse par rapport \u00e0 l\u2019euro et des niveaux de taux d\u2019int\u00e9r\u00eat en fort recul, un emprunteur salari\u00e9 en Suisse b\u00e9n\u00e9ficie d\u2019une capacit\u00e9 d\u2019achat en hausse de 30%. Prenons l\u2019exemple d\u2019une famille b\u00e9n\u00e9ficiant d\u2019un revenu net mensuel de 6\u2019000.- CHF et qui peut supporter une \u00e9ch\u00e9ance mensuelle de cr\u00e9dit de 2\u2019000.- CHF. Fin 2011, pour un pr\u00eat immobilier en devises, cette famille empruntait en moyenne \u00e0 3.17% pour une dur\u00e9e de 20 ans soit une somme 350\u2019000 CHF. En avril 2016, pour la m\u00eame mensualit\u00e9, notre famille peut obtenir un financement au taux moyen de 1.45% sur 20 ans pour un montant de 420\u2019000 CHF. En plus de l\u2019effet de la baisse des taux des cr\u00e9dits immobiliers en francs suisses, notre famille b\u00e9n\u00e9ficie de l\u2019appr\u00e9ciation de la monnaie helv\u00e9tique par rapport \u00e0 l\u2019euro. Pour notre exemple, avec un taux de change fin 2011 \u00e0 1.20, nos emprunteurs frontaliers ayant obtenu un financement de 350\u2019000 CHF disposaient de 296\u2019000 \u20acuro. En avril 2016, le pr\u00eat de 420\u2019000 CHF avec un taux de change \u00e0 1.10 permet de disposer de 381\u2019800 \u20ac. Dans la m\u00eame p\u00e9riode, le prix de l\u2019immobilier s\u2019\u00e9tant stabilis\u00e9, on peut donc estimer qu\u2019avec un capital de 85\u2019000 \u20ac, l\u2019acqu\u00e9reur s\u2019offre 20 m2 suppl\u00e9mentaires sur Annemasse, 26 m2 sur le secteur de Douvaine !<\/span><br \/>\n<span style=\"font-size: medium;\">\u00a0<\/span><br \/>\n<span style=\"font-size: medium;\"><strong>Les primes d\u2019assurance emprunteur sous pression<\/strong><\/span><br \/>\n<span style=\"font-size: medium;\">\u00a0<\/span><br \/>\n<span style=\"font-size: medium;\">Sous les effets de la loi Hamon qui donne plus de facilit\u00e9s aux emprunteurs pour choisir l\u2019assurance de leur cr\u00e9dit immobilier, nous avons constat\u00e9, \u00e0 niveau de couverture \u00e9quivalent, une baisse significative des primes. Avec la probl\u00e9matique du risque de change, c\u2019est un peu moins vrai dans le cadre des pr\u00eats en devises mais cela demeure une bonne nouvelle suppl\u00e9mentaire pour les futurs propri\u00e9taires.<\/span><br \/>\n<a href=\"https:\/\/mon-taux-de-change.com\/wp-content\/uploads\/2016\/05\/photocouple-small1.jpg\"><img loading=\"lazy\" decoding=\"async\" class=\"aligncenter\" src=\"https:\/\/mon-taux-de-change.com\/wp-content\/uploads\/2016\/05\/photocouple-small1.jpg\" alt=\"\" width=\"700\" height=\"520\" \/><\/a><\/p>\n","protected":false},"excerpt":{"rendered":"<p>De m\u00e9moire d\u2019emprunteur, on a jamais connu un tel niveau de taux d\u2019int\u00e9r\u00eat tant pour les financements en euros que pour les pr\u00eats en francs suisses. Ce mouvement baissier des taux d\u2019int\u00e9r\u00eat, amorc\u00e9 il y a plusieurs mois, est li\u00e9 \u00e0 un contexte \u00e9conomique mondial pr\u00e9occupant mais surtout en panne de croissance. A toute chose [&hellip;]<\/p>\n","protected":false},"author":2,"featured_media":10166,"comment_status":"open","ping_status":"open","sticky":false,"template":"","format":"standard","meta":{"footnotes":""},"categories":[23,5,4],"tags":[],"class_list":{"0":"post-10164","1":"post","2":"type-post","3":"status-publish","4":"format-standard","5":"has-post-thumbnail","7":"category-assurance-emprunteur","8":"category-immobilier-actualites","9":"category-rachat-de-credits-actualites","10":"czr-hentry"},"yoast_head":"<!-- This site is optimized with the Yoast SEO plugin v25.8 - https:\/\/yoast.com\/wordpress\/plugins\/seo\/ -->\n<title>09\/05\/2016 - Les taux bas fleurissent avec le printemps ! - Mon-taux.com - Blog des experts en frontaliers<\/title>\n<meta name=\"robots\" content=\"index, follow, max-snippet:-1, max-image-preview:large, max-video-preview:-1\" \/>\n<link rel=\"canonical\" href=\"https:\/\/mon-taux.com\/blog\/2016\/05\/09\/09052016-les-taux-bas-fleurissent-avec-le-printemps\/\" \/>\n<meta property=\"og:locale\" content=\"fr_FR\" \/>\n<meta property=\"og:type\" content=\"article\" \/>\n<meta property=\"og:title\" content=\"09\/05\/2016 - Les taux bas fleurissent avec le printemps ! - Mon-taux.com - Blog des experts en frontaliers\" \/>\n<meta property=\"og:description\" content=\"De m\u00e9moire d\u2019emprunteur, on a jamais connu un tel niveau de taux d\u2019int\u00e9r\u00eat tant pour les financements en euros que pour les pr\u00eats en francs suisses. Ce mouvement baissier des taux d\u2019int\u00e9r\u00eat, amorc\u00e9 il y a plusieurs mois, est li\u00e9 \u00e0 un contexte \u00e9conomique mondial pr\u00e9occupant mais surtout en panne de croissance. A toute chose [&hellip;]\" \/>\n<meta property=\"og:url\" content=\"https:\/\/mon-taux.com\/blog\/2016\/05\/09\/09052016-les-taux-bas-fleurissent-avec-le-printemps\/\" \/>\n<meta property=\"og:site_name\" content=\"Mon-taux.com - Blog des experts en frontaliers\" \/>\n<meta property=\"article:publisher\" content=\"https:\/\/www.facebook.com\/MonTauxCom.ComparateurFrontalier\" \/>\n<meta property=\"article:published_time\" content=\"2016-05-09T12:32:23+00:00\" \/>\n<meta property=\"og:image\" content=\"https:\/\/mon-taux.com\/blog\/wp-content\/uploads\/2016\/05\/photocouple-small1-1.jpg\" \/>\n\t<meta property=\"og:image:width\" content=\"700\" \/>\n\t<meta property=\"og:image:height\" content=\"520\" \/>\n\t<meta property=\"og:image:type\" content=\"image\/jpeg\" \/>\n<meta name=\"author\" content=\"montaux\" \/>\n<meta name=\"twitter:card\" content=\"summary_large_image\" \/>\n<meta name=\"twitter:creator\" content=\"@MonTauxCom\" \/>\n<meta name=\"twitter:site\" content=\"@MonTauxCom\" \/>\n<meta name=\"twitter:label1\" content=\"\u00c9crit par\" \/>\n\t<meta name=\"twitter:data1\" content=\"montaux\" \/>\n\t<meta name=\"twitter:label2\" content=\"Dur\u00e9e de lecture estim\u00e9e\" \/>\n\t<meta name=\"twitter:data2\" content=\"3 minutes\" \/>\n<script type=\"application\/ld+json\" class=\"yoast-schema-graph\">{\"@context\":\"https:\/\/schema.org\",\"@graph\":[{\"@type\":\"Article\",\"@id\":\"https:\/\/mon-taux.com\/blog\/2016\/05\/09\/09052016-les-taux-bas-fleurissent-avec-le-printemps\/#article\",\"isPartOf\":{\"@id\":\"https:\/\/mon-taux.com\/blog\/2016\/05\/09\/09052016-les-taux-bas-fleurissent-avec-le-printemps\/\"},\"author\":{\"name\":\"montaux\",\"@id\":\"https:\/\/mon-taux.com\/blog\/#\/schema\/person\/bfe88bfabe109e312d4cd786a3dfe66f\"},\"headline\":\"09\/05\/2016 &#8211; Les taux bas fleurissent avec le printemps !\",\"datePublished\":\"2016-05-09T12:32:23+00:00\",\"mainEntityOfPage\":{\"@id\":\"https:\/\/mon-taux.com\/blog\/2016\/05\/09\/09052016-les-taux-bas-fleurissent-avec-le-printemps\/\"},\"wordCount\":613,\"commentCount\":0,\"publisher\":{\"@id\":\"https:\/\/mon-taux.com\/blog\/#organization\"},\"image\":{\"@id\":\"https:\/\/mon-taux.com\/blog\/2016\/05\/09\/09052016-les-taux-bas-fleurissent-avec-le-printemps\/#primaryimage\"},\"thumbnailUrl\":\"https:\/\/mon-taux.com\/blog\/wp-content\/uploads\/2016\/05\/photocouple-small1-1.jpg\",\"articleSection\":[\"Assurance emprunteur\",\"Cr\u00e9dit Immobilier\",\"Rachat de cr\u00e9dits\"],\"inLanguage\":\"fr-FR\",\"potentialAction\":[{\"@type\":\"CommentAction\",\"name\":\"Comment\",\"target\":[\"https:\/\/mon-taux.com\/blog\/2016\/05\/09\/09052016-les-taux-bas-fleurissent-avec-le-printemps\/#respond\"]}]},{\"@type\":\"WebPage\",\"@id\":\"https:\/\/mon-taux.com\/blog\/2016\/05\/09\/09052016-les-taux-bas-fleurissent-avec-le-printemps\/\",\"url\":\"https:\/\/mon-taux.com\/blog\/2016\/05\/09\/09052016-les-taux-bas-fleurissent-avec-le-printemps\/\",\"name\":\"09\/05\/2016 - Les taux bas fleurissent avec le printemps ! - Mon-taux.com - Blog des experts en frontaliers\",\"isPartOf\":{\"@id\":\"https:\/\/mon-taux.com\/blog\/#website\"},\"primaryImageOfPage\":{\"@id\":\"https:\/\/mon-taux.com\/blog\/2016\/05\/09\/09052016-les-taux-bas-fleurissent-avec-le-printemps\/#primaryimage\"},\"image\":{\"@id\":\"https:\/\/mon-taux.com\/blog\/2016\/05\/09\/09052016-les-taux-bas-fleurissent-avec-le-printemps\/#primaryimage\"},\"thumbnailUrl\":\"https:\/\/mon-taux.com\/blog\/wp-content\/uploads\/2016\/05\/photocouple-small1-1.jpg\",\"datePublished\":\"2016-05-09T12:32:23+00:00\",\"breadcrumb\":{\"@id\":\"https:\/\/mon-taux.com\/blog\/2016\/05\/09\/09052016-les-taux-bas-fleurissent-avec-le-printemps\/#breadcrumb\"},\"inLanguage\":\"fr-FR\",\"potentialAction\":[{\"@type\":\"ReadAction\",\"target\":[\"https:\/\/mon-taux.com\/blog\/2016\/05\/09\/09052016-les-taux-bas-fleurissent-avec-le-printemps\/\"]}]},{\"@type\":\"ImageObject\",\"inLanguage\":\"fr-FR\",\"@id\":\"https:\/\/mon-taux.com\/blog\/2016\/05\/09\/09052016-les-taux-bas-fleurissent-avec-le-printemps\/#primaryimage\",\"url\":\"https:\/\/mon-taux.com\/blog\/wp-content\/uploads\/2016\/05\/photocouple-small1-1.jpg\",\"contentUrl\":\"https:\/\/mon-taux.com\/blog\/wp-content\/uploads\/2016\/05\/photocouple-small1-1.jpg\",\"width\":700,\"height\":520},{\"@type\":\"BreadcrumbList\",\"@id\":\"https:\/\/mon-taux.com\/blog\/2016\/05\/09\/09052016-les-taux-bas-fleurissent-avec-le-printemps\/#breadcrumb\",\"itemListElement\":[{\"@type\":\"ListItem\",\"position\":1,\"name\":\"Accueil\",\"item\":\"https:\/\/mon-taux.com\/blog\/\"},{\"@type\":\"ListItem\",\"position\":2,\"name\":\"09\/05\/2016 &#8211; Les taux bas fleurissent avec le printemps !\"}]},{\"@type\":\"WebSite\",\"@id\":\"https:\/\/mon-taux.com\/blog\/#website\",\"url\":\"https:\/\/mon-taux.com\/blog\/\",\"name\":\"Mon-taux.com - Blog des experts en frontaliers\",\"description\":\"\",\"publisher\":{\"@id\":\"https:\/\/mon-taux.com\/blog\/#organization\"},\"potentialAction\":[{\"@type\":\"SearchAction\",\"target\":{\"@type\":\"EntryPoint\",\"urlTemplate\":\"https:\/\/mon-taux.com\/blog\/?s={search_term_string}\"},\"query-input\":{\"@type\":\"PropertyValueSpecification\",\"valueRequired\":true,\"valueName\":\"search_term_string\"}}],\"inLanguage\":\"fr-FR\"},{\"@type\":\"Organization\",\"@id\":\"https:\/\/mon-taux.com\/blog\/#organization\",\"name\":\"Mon-taux.com\",\"url\":\"https:\/\/mon-taux.com\/blog\/\",\"logo\":{\"@type\":\"ImageObject\",\"inLanguage\":\"fr-FR\",\"@id\":\"https:\/\/mon-taux.com\/blog\/#\/schema\/logo\/image\/\",\"url\":\"https:\/\/mon-taux.com\/blog\/wp-content\/uploads\/2020\/08\/montaux-new-logo-e1596462820847.png\",\"contentUrl\":\"https:\/\/mon-taux.com\/blog\/wp-content\/uploads\/2020\/08\/montaux-new-logo-e1596462820847.png\",\"width\":300,\"height\":172,\"caption\":\"Mon-taux.com\"},\"image\":{\"@id\":\"https:\/\/mon-taux.com\/blog\/#\/schema\/logo\/image\/\"},\"sameAs\":[\"https:\/\/www.facebook.com\/MonTauxCom.ComparateurFrontalier\",\"https:\/\/x.com\/MonTauxCom\",\"https:\/\/www.youtube.com\/channel\/UCyft978dCKAgV8DglhSW6gg\"]},{\"@type\":\"Person\",\"@id\":\"https:\/\/mon-taux.com\/blog\/#\/schema\/person\/bfe88bfabe109e312d4cd786a3dfe66f\",\"name\":\"montaux\",\"image\":{\"@type\":\"ImageObject\",\"inLanguage\":\"fr-FR\",\"@id\":\"https:\/\/mon-taux.com\/blog\/#\/schema\/person\/image\/\",\"url\":\"https:\/\/mon-taux.com\/blog\/wp-content\/uploads\/2020\/08\/favicon2-150x150.png\",\"contentUrl\":\"https:\/\/mon-taux.com\/blog\/wp-content\/uploads\/2020\/08\/favicon2-150x150.png\",\"caption\":\"montaux\"},\"sameAs\":[\"https:\/\/mon-taux.com\"],\"url\":\"https:\/\/mon-taux.com\/blog\/author\/montaux\/\"}]}<\/script>\n<!-- \/ Yoast SEO plugin. -->","yoast_head_json":{"title":"09\/05\/2016 - Les taux bas fleurissent avec le printemps ! - Mon-taux.com - Blog des experts en frontaliers","robots":{"index":"index","follow":"follow","max-snippet":"max-snippet:-1","max-image-preview":"max-image-preview:large","max-video-preview":"max-video-preview:-1"},"canonical":"https:\/\/mon-taux.com\/blog\/2016\/05\/09\/09052016-les-taux-bas-fleurissent-avec-le-printemps\/","og_locale":"fr_FR","og_type":"article","og_title":"09\/05\/2016 - Les taux bas fleurissent avec le printemps ! - Mon-taux.com - Blog des experts en frontaliers","og_description":"De m\u00e9moire d\u2019emprunteur, on a jamais connu un tel niveau de taux d\u2019int\u00e9r\u00eat tant pour les financements en euros que pour les pr\u00eats en francs suisses. Ce mouvement baissier des taux d\u2019int\u00e9r\u00eat, amorc\u00e9 il y a plusieurs mois, est li\u00e9 \u00e0 un contexte \u00e9conomique mondial pr\u00e9occupant mais surtout en panne de croissance. A toute chose [&hellip;]","og_url":"https:\/\/mon-taux.com\/blog\/2016\/05\/09\/09052016-les-taux-bas-fleurissent-avec-le-printemps\/","og_site_name":"Mon-taux.com - Blog des experts en frontaliers","article_publisher":"https:\/\/www.facebook.com\/MonTauxCom.ComparateurFrontalier","article_published_time":"2016-05-09T12:32:23+00:00","og_image":[{"width":700,"height":520,"url":"https:\/\/mon-taux.com\/blog\/wp-content\/uploads\/2016\/05\/photocouple-small1-1.jpg","type":"image\/jpeg"}],"author":"montaux","twitter_card":"summary_large_image","twitter_creator":"@MonTauxCom","twitter_site":"@MonTauxCom","twitter_misc":{"\u00c9crit par":"montaux","Dur\u00e9e de lecture estim\u00e9e":"3 minutes"},"schema":{"@context":"https:\/\/schema.org","@graph":[{"@type":"Article","@id":"https:\/\/mon-taux.com\/blog\/2016\/05\/09\/09052016-les-taux-bas-fleurissent-avec-le-printemps\/#article","isPartOf":{"@id":"https:\/\/mon-taux.com\/blog\/2016\/05\/09\/09052016-les-taux-bas-fleurissent-avec-le-printemps\/"},"author":{"name":"montaux","@id":"https:\/\/mon-taux.com\/blog\/#\/schema\/person\/bfe88bfabe109e312d4cd786a3dfe66f"},"headline":"09\/05\/2016 &#8211; Les taux bas fleurissent avec le printemps !","datePublished":"2016-05-09T12:32:23+00:00","mainEntityOfPage":{"@id":"https:\/\/mon-taux.com\/blog\/2016\/05\/09\/09052016-les-taux-bas-fleurissent-avec-le-printemps\/"},"wordCount":613,"commentCount":0,"publisher":{"@id":"https:\/\/mon-taux.com\/blog\/#organization"},"image":{"@id":"https:\/\/mon-taux.com\/blog\/2016\/05\/09\/09052016-les-taux-bas-fleurissent-avec-le-printemps\/#primaryimage"},"thumbnailUrl":"https:\/\/mon-taux.com\/blog\/wp-content\/uploads\/2016\/05\/photocouple-small1-1.jpg","articleSection":["Assurance emprunteur","Cr\u00e9dit Immobilier","Rachat de cr\u00e9dits"],"inLanguage":"fr-FR","potentialAction":[{"@type":"CommentAction","name":"Comment","target":["https:\/\/mon-taux.com\/blog\/2016\/05\/09\/09052016-les-taux-bas-fleurissent-avec-le-printemps\/#respond"]}]},{"@type":"WebPage","@id":"https:\/\/mon-taux.com\/blog\/2016\/05\/09\/09052016-les-taux-bas-fleurissent-avec-le-printemps\/","url":"https:\/\/mon-taux.com\/blog\/2016\/05\/09\/09052016-les-taux-bas-fleurissent-avec-le-printemps\/","name":"09\/05\/2016 - Les taux bas fleurissent avec le printemps ! - Mon-taux.com - Blog des experts en frontaliers","isPartOf":{"@id":"https:\/\/mon-taux.com\/blog\/#website"},"primaryImageOfPage":{"@id":"https:\/\/mon-taux.com\/blog\/2016\/05\/09\/09052016-les-taux-bas-fleurissent-avec-le-printemps\/#primaryimage"},"image":{"@id":"https:\/\/mon-taux.com\/blog\/2016\/05\/09\/09052016-les-taux-bas-fleurissent-avec-le-printemps\/#primaryimage"},"thumbnailUrl":"https:\/\/mon-taux.com\/blog\/wp-content\/uploads\/2016\/05\/photocouple-small1-1.jpg","datePublished":"2016-05-09T12:32:23+00:00","breadcrumb":{"@id":"https:\/\/mon-taux.com\/blog\/2016\/05\/09\/09052016-les-taux-bas-fleurissent-avec-le-printemps\/#breadcrumb"},"inLanguage":"fr-FR","potentialAction":[{"@type":"ReadAction","target":["https:\/\/mon-taux.com\/blog\/2016\/05\/09\/09052016-les-taux-bas-fleurissent-avec-le-printemps\/"]}]},{"@type":"ImageObject","inLanguage":"fr-FR","@id":"https:\/\/mon-taux.com\/blog\/2016\/05\/09\/09052016-les-taux-bas-fleurissent-avec-le-printemps\/#primaryimage","url":"https:\/\/mon-taux.com\/blog\/wp-content\/uploads\/2016\/05\/photocouple-small1-1.jpg","contentUrl":"https:\/\/mon-taux.com\/blog\/wp-content\/uploads\/2016\/05\/photocouple-small1-1.jpg","width":700,"height":520},{"@type":"BreadcrumbList","@id":"https:\/\/mon-taux.com\/blog\/2016\/05\/09\/09052016-les-taux-bas-fleurissent-avec-le-printemps\/#breadcrumb","itemListElement":[{"@type":"ListItem","position":1,"name":"Accueil","item":"https:\/\/mon-taux.com\/blog\/"},{"@type":"ListItem","position":2,"name":"09\/05\/2016 &#8211; Les taux bas fleurissent avec le printemps !"}]},{"@type":"WebSite","@id":"https:\/\/mon-taux.com\/blog\/#website","url":"https:\/\/mon-taux.com\/blog\/","name":"Mon-taux.com - Blog des experts en frontaliers","description":"","publisher":{"@id":"https:\/\/mon-taux.com\/blog\/#organization"},"potentialAction":[{"@type":"SearchAction","target":{"@type":"EntryPoint","urlTemplate":"https:\/\/mon-taux.com\/blog\/?s={search_term_string}"},"query-input":{"@type":"PropertyValueSpecification","valueRequired":true,"valueName":"search_term_string"}}],"inLanguage":"fr-FR"},{"@type":"Organization","@id":"https:\/\/mon-taux.com\/blog\/#organization","name":"Mon-taux.com","url":"https:\/\/mon-taux.com\/blog\/","logo":{"@type":"ImageObject","inLanguage":"fr-FR","@id":"https:\/\/mon-taux.com\/blog\/#\/schema\/logo\/image\/","url":"https:\/\/mon-taux.com\/blog\/wp-content\/uploads\/2020\/08\/montaux-new-logo-e1596462820847.png","contentUrl":"https:\/\/mon-taux.com\/blog\/wp-content\/uploads\/2020\/08\/montaux-new-logo-e1596462820847.png","width":300,"height":172,"caption":"Mon-taux.com"},"image":{"@id":"https:\/\/mon-taux.com\/blog\/#\/schema\/logo\/image\/"},"sameAs":["https:\/\/www.facebook.com\/MonTauxCom.ComparateurFrontalier","https:\/\/x.com\/MonTauxCom","https:\/\/www.youtube.com\/channel\/UCyft978dCKAgV8DglhSW6gg"]},{"@type":"Person","@id":"https:\/\/mon-taux.com\/blog\/#\/schema\/person\/bfe88bfabe109e312d4cd786a3dfe66f","name":"montaux","image":{"@type":"ImageObject","inLanguage":"fr-FR","@id":"https:\/\/mon-taux.com\/blog\/#\/schema\/person\/image\/","url":"https:\/\/mon-taux.com\/blog\/wp-content\/uploads\/2020\/08\/favicon2-150x150.png","contentUrl":"https:\/\/mon-taux.com\/blog\/wp-content\/uploads\/2020\/08\/favicon2-150x150.png","caption":"montaux"},"sameAs":["https:\/\/mon-taux.com"],"url":"https:\/\/mon-taux.com\/blog\/author\/montaux\/"}]}},"_links":{"self":[{"href":"https:\/\/mon-taux.com\/blog\/wp-json\/wp\/v2\/posts\/10164","targetHints":{"allow":["GET"]}}],"collection":[{"href":"https:\/\/mon-taux.com\/blog\/wp-json\/wp\/v2\/posts"}],"about":[{"href":"https:\/\/mon-taux.com\/blog\/wp-json\/wp\/v2\/types\/post"}],"author":[{"embeddable":true,"href":"https:\/\/mon-taux.com\/blog\/wp-json\/wp\/v2\/users\/2"}],"replies":[{"embeddable":true,"href":"https:\/\/mon-taux.com\/blog\/wp-json\/wp\/v2\/comments?post=10164"}],"version-history":[{"count":0,"href":"https:\/\/mon-taux.com\/blog\/wp-json\/wp\/v2\/posts\/10164\/revisions"}],"wp:featuredmedia":[{"embeddable":true,"href":"https:\/\/mon-taux.com\/blog\/wp-json\/wp\/v2\/media\/10166"}],"wp:attachment":[{"href":"https:\/\/mon-taux.com\/blog\/wp-json\/wp\/v2\/media?parent=10164"}],"wp:term":[{"taxonomy":"category","embeddable":true,"href":"https:\/\/mon-taux.com\/blog\/wp-json\/wp\/v2\/categories?post=10164"},{"taxonomy":"post_tag","embeddable":true,"href":"https:\/\/mon-taux.com\/blog\/wp-json\/wp\/v2\/tags?post=10164"}],"curies":[{"name":"wp","href":"https:\/\/api.w.org\/{rel}","templated":true}]}}